{"id":138870,"date":"2024-12-27T20:23:00","date_gmt":"2024-12-27T23:23:00","guid":{"rendered":"https:\/\/www.aarquiteta.com.br\/blog\/7-dicas-escolher-persianas-cortinas-ambientes-pequenos\/"},"modified":"2024-12-27T20:23:00","modified_gmt":"2024-12-27T23:23:00","slug":"7-dicas-escolher-persianas-cortinas-ambientes-pequenos","status":"publish","type":"post","link":"https:\/\/www.aarquiteta.com.br\/blog\/7-dicas-escolher-persianas-cortinas-ambientes-pequenos\/","title":{"rendered":"7 Dicas para Escolher Persianas e Cortinas em Ambientes Pequenos"},"content":{"rendered":"<p><body><\/p>\n<p>Escolher persianas e cortinas para ambientes pequenos pode ser desafiador, mas com as dicas certas, voc\u00ea pode maximizar o espa\u00e7o e a luminosidade, criando um ambiente aconchegante e estiloso.<\/p>\n<h2>Dica 1: Opte por Cores Claras<\/h2>\n<h3>Por que Cores Claras?<\/h3>\n<figure style=\"width: 1024px\" class=\"wp-caption aligncenter\"><img decoding=\"async\" src=\"https:\/\/www.aarquiteta.com.br\/blog\/wp-content\/uploads\/2024\/12\/7-dicas-escolher-persianas-cortinas-ambientes-pequenos04.jpg\" alt=\"7 Dicas para Escolher Persianas e Cortinas em Ambientes Pequenos\" width=\"1024\" height=\"1024\" title=\"\"><figcaption class=\"wp-caption-text\">7 Dicas para Escolher Persianas e Cortinas em Ambientes Pequenos<\/figcaption><\/figure>\n<p>As <b>cores claras<\/b> ajudam a refletir a luz natural, fazendo com que o ambiente pare\u00e7a mais amplo e arejado. Ao escolher cortinas ou persianas, prefira tons como branco, bege ou past\u00e9is.<\/p>\n<h2>Dica 2: Escolha Tecidos Leves<\/h2>\n<h3>Vantagens dos Tecidos Leves<\/h3>\n<figure style=\"width: 1024px\" class=\"wp-caption aligncenter\"><img decoding=\"async\" src=\"https:\/\/www.aarquiteta.com.br\/blog\/wp-content\/uploads\/2024\/12\/7-dicas-escolher-persianas-cortinas-ambientes-pequenos03.jpg\" alt=\"7 Dicas para Escolher Persianas e Cortinas em Ambientes Pequenos\" width=\"1024\" height=\"1024\" title=\"\"><figcaption class=\"wp-caption-text\">7 Dicas para Escolher Persianas e Cortinas em Ambientes Pequenos<\/figcaption><\/figure>\n<p>Os <b>tecidos leves<\/b> permitem que a luz entre, criando uma atmosfera mais leve e agrad\u00e1vel. Opte por materiais como linho ou algod\u00e3o, que s\u00e3o ideais para ambientes pequenos.<\/p>\n<h2>Dica 3: Utilize Persianas de Rol\u00f4<\/h2>\n<h3>Por que Persianas de Rol\u00f4?<\/h3>\n<figure style=\"width: 1024px\" class=\"wp-caption aligncenter\"><img decoding=\"async\" src=\"https:\/\/www.aarquiteta.com.br\/blog\/wp-content\/uploads\/2024\/12\/7-dicas-escolher-persianas-cortinas-ambientes-pequenos02.jpg\" alt=\"7 Dicas para Escolher Persianas e Cortinas em Ambientes Pequenos\" width=\"1024\" height=\"1024\" title=\"\"><figcaption class=\"wp-caption-text\">7 Dicas para Escolher Persianas e Cortinas em Ambientes Pequenos<\/figcaption><\/figure>\n<p>As <b>persianas de rol\u00f4<\/b> s\u00e3o uma excelente op\u00e7\u00e3o para quem deseja praticidade e estilo. Elas ocupam menos espa\u00e7o e podem ser ajustadas facilmente, permitindo controle sobre a luminosidade.<\/p>\n<h2>Dica 4: Considere Cortinas Longas<\/h2>\n<h3>Impacto Visual das Cortinas Longas<\/h3>\n<figure style=\"width: 1024px\" class=\"wp-caption aligncenter\"><img decoding=\"async\" src=\"https:\/\/www.aarquiteta.com.br\/blog\/wp-content\/uploads\/2024\/12\/7-dicas-escolher-persianas-cortinas-ambientes-pequenos01.jpg\" alt=\"7 Dicas para Escolher Persianas e Cortinas em Ambientes Pequenos\" width=\"1024\" height=\"1024\" title=\"\"><figcaption class=\"wp-caption-text\">7 Dicas para Escolher Persianas e Cortinas em Ambientes Pequenos<\/figcaption><\/figure>\n<p>Cortinas longas criam a ilus\u00e3o de um p\u00e9 direito mais alto, fazendo o ambiente parecer mais espa\u00e7oso. Al\u00e9m disso, elas adicionam um toque de eleg\u00e2ncia ao espa\u00e7o.<\/p>\n<h2>Dica 5: Aposte em Estampas Discretas<\/h2>\n<h3>Estampas que N\u00e3o Sobrecarregam<\/h3>\n<p style=\"text-align: center;\">[amazon table=&#8221;90360&#8243;]\n<p>Escolher <b>estampas discretas<\/b> \u00e9 fundamental para n\u00e3o sobrecarregar o ambiente. Opte por padr\u00f5es sutis que complementem a decora\u00e7\u00e3o sem roubar a cena.<\/p>\n<h2>Dica 6: Instale as Cortinas Pr\u00f3ximo ao Teto<\/h2>\n<h3>Como a Instala\u00e7\u00e3o Afeta a Percep\u00e7\u00e3o do Espa\u00e7o<\/h3>\n<h3>Assista agora a minha recomenda\u00e7\u00e3o de video abaixo sobre o tema que estamos tratando neste artigo: <\/h3>\n<p><div class=\"youtube-embed\" data-video_id=\"2GHgPgOmFyM\"><iframe title=\"7 Dicas Para Escolher Uma Persiana Para Quarto Infantil\" width=\"696\" height=\"392\" src=\"https:\/\/www.youtube.com\/embed\/2GHgPgOmFyM?feature=oembed&#038;enablejsapi=1\" frameborder=\"0\" allow=\"accelerometer; autoplay; clipboard-write; encrypted-media; gyroscope; picture-in-picture; web-share\" referrerpolicy=\"strict-origin-when-cross-origin\" allowfullscreen><\/iframe><\/div>\n<\/p>\n<p>Instalar as cortinas pr\u00f3ximo ao teto cria a sensa\u00e7\u00e3o de um espa\u00e7o mais alto e amplo. Essa t\u00e9cnica \u00e9 simples, mas pode transformar completamente a percep\u00e7\u00e3o do ambiente.<\/p>\n<h2>Destaques principais<\/h2>\n<ul>\n<li><b>Cores Claras:<\/b> A escolha de cores claras \u00e9 essencial para maximizar a luminosidade e a sensa\u00e7\u00e3o de espa\u00e7o.<\/li>\n<li><b>Tecidos Leves:<\/b> Tecidos leves s\u00e3o ideais para permitir a entrada de luz e criar um ambiente arejado.<\/li>\n<li><b>Persianas de Rol\u00f4:<\/b> A praticidade das persianas de rol\u00f4 \u00e9 perfeita para ambientes pequenos, oferecendo controle de luminosidade.<\/li>\n<\/ul>\n<h2>Conclus\u00e3o<\/h2>\n<p>Ao escolher <b>persianas e cortinas<\/b> para ambientes pequenos, \u00e9 importante considerar a combina\u00e7\u00e3o de cores, tecidos e estilos. Com as dicas apresentadas, voc\u00ea pode transformar seu espa\u00e7o, tornando-o mais aconchegante e estiloso. Lembre-se de que cada detalhe conta e, com as escolhas certas, \u00e9 poss\u00edvel criar um ambiente que reflita sua personalidade e estilo.<\/p>\n<p><\/body><\/p>\n","protected":false},"excerpt":{"rendered":"<p>Saiba como combinar tecidos, cores e mecanismos de abertura para obter o melhor resultado em espa\u00e7os reduzidos.<\/p>\n","protected":false},"author":102,"featured_media":138867,"comment_status":"closed","ping_status":"closed","sticky":false,"template":"","format":"standard","meta":{"footnotes":""},"categories":[1484,971,18792,18794],"tags":[],"class_list":["post-138870","post","type-post","status-publish","format-standard","has-post-thumbnail","category-decoracao","category-design-de-interiores","category-decoracao-de-apartamento","category-projetos-de-decoracao-de-casas"],"_wp_attached_file":null,"_wp_attachment_metadata":null,"_wp_attachment_context":null,"_wp_attachment_is_custom_header":null,"geo_longitude":null,"geo_public":null,"geo_latitude":null,"_publicize_done_external":null,"_wpas_done_3897181":null,"publicize_twitter_user":null,"_wpas_done_3897175":null,"_wpas_skip_3897181":null,"_wpas_skip_3897175":null,"_wpas_skip_3924723":null,"_wpas_mess":null,"_wpas_done_3924723":null,"wps_subtitle":"","_links":{"self":[{"href":"https:\/\/www.aarquiteta.com.br\/blog\/wp-json\/wp\/v2\/posts\/138870","targetHints":{"allow":["GET"]}}],"collection":[{"href":"https:\/\/www.aarquiteta.com.br\/blog\/wp-json\/wp\/v2\/posts"}],"about":[{"href":"https:\/\/www.aarquiteta.com.br\/blog\/wp-json\/wp\/v2\/types\/post"}],"author":[{"embeddable":true,"href":"https:\/\/www.aarquiteta.com.br\/blog\/wp-json\/wp\/v2\/users\/102"}],"replies":[{"embeddable":true,"href":"https:\/\/www.aarquiteta.com.br\/blog\/wp-json\/wp\/v2\/comments?post=138870"}],"version-history":[{"count":0,"href":"https:\/\/www.aarquiteta.com.br\/blog\/wp-json\/wp\/v2\/posts\/138870\/revisions"}],"wp:featuredmedia":[{"embeddable":true,"href":"https:\/\/www.aarquiteta.com.br\/blog\/wp-json\/wp\/v2\/media\/138867"}],"wp:attachment":[{"href":"https:\/\/www.aarquiteta.com.br\/blog\/wp-json\/wp\/v2\/media?parent=138870"}],"wp:term":[{"taxonomy":"category","embeddable":true,"href":"https:\/\/www.aarquiteta.com.br\/blog\/wp-json\/wp\/v2\/categories?post=138870"},{"taxonomy":"post_tag","embeddable":true,"href":"https:\/\/www.aarquiteta.com.br\/blog\/wp-json\/wp\/v2\/tags?post=138870"}],"curies":[{"name":"wp","href":"https:\/\/api.w.org\/{rel}","templated":true}]}}