{"id":138759,"date":"2024-12-26T18:08:30","date_gmt":"2024-12-26T21:08:30","guid":{"rendered":"https:\/\/www.aarquiteta.com.br\/blog\/6-dicas-escolher-cabeceiras-cama-quartos-pequenos\/"},"modified":"2024-12-26T18:08:30","modified_gmt":"2024-12-26T21:08:30","slug":"6-dicas-escolher-cabeceiras-cama-quartos-pequenos","status":"publish","type":"post","link":"https:\/\/www.aarquiteta.com.br\/blog\/6-dicas-escolher-cabeceiras-cama-quartos-pequenos\/","title":{"rendered":"6 Dicas para Escolher Cabeceiras de Cama em Quartos Pequenos"},"content":{"rendered":"<p>Escolher a cabeceira de cama ideal para quartos pequenos pode transformar o ambiente, otimizando espa\u00e7o e estilo. Descubra dicas pr\u00e1ticas para fazer a escolha certa e deixar seu quarto mais aconchegante.<\/p>\n<h2>Destaques principais<\/h2>\n<ul>\n<li><b>Cabeceiras Baixas:<\/b> Ideais para n\u00e3o sobrecarregar o ambiente e criar uma sensa\u00e7\u00e3o de amplitude.<\/li>\n<li><b>Materiais Leves:<\/b> Contribuem para um visual arejado e facilitam a movimenta\u00e7\u00e3o no espa\u00e7o.<\/li>\n<li><b>Design Multifuncional:<\/b> Cabeceiras que oferecem armazenamento ou funcionalidade extra s\u00e3o perfeitas para otimizar pequenos espa\u00e7os.<\/li>\n<\/ul>\n<h2>Dica 1: Opte por Cabeceiras Baixas<\/h2>\n<p>Quando se trata de <b>quartos pequenos<\/b>, a altura da cabeceira pode fazer toda a diferen\u00e7a. Cabeceiras baixas n\u00e3o apenas <b>economizam espa\u00e7o visual<\/b>, mas tamb\u00e9m criam uma sensa\u00e7\u00e3o de amplitude. Ao escolher uma cabeceira que n\u00e3o ultrapasse a altura do colch\u00e3o, voc\u00ea garante que o ambiente pare\u00e7a mais aberto e arejado.<\/p>\n<h2>Dica 2: Escolha Materiais Leves<\/h2>\n<p>Os <b>materiais leves<\/b> s\u00e3o essenciais para n\u00e3o sobrecarregar o ambiente. Opte por cabeceiras feitas de madeira leve, tecido ou at\u00e9 mesmo metal. Esses materiais n\u00e3o s\u00f3 s\u00e3o mais f\u00e1ceis de manusear, mas tamb\u00e9m ajudam a manter a <b>harmonia est\u00e9tica<\/b> do quarto, evitando que ele pare\u00e7a apertado.<\/p>\n<h2>Dica 3: Cores Claras e Neutras<\/h2>\n<p>As <b>cores claras<\/b> e neutras s\u00e3o aliadas na cria\u00e7\u00e3o de um ambiente mais amplo. Tons como branco, bege ou cinza claro refletem a luz e fazem o espa\u00e7o parecer maior. Al\u00e9m disso, essas cores s\u00e3o vers\u00e1teis e combinam com diferentes estilos de decora\u00e7\u00e3o, permitindo que voc\u00ea brinque com outros elementos do quarto.<\/p>\n<h2>Dica 4: Cabeceiras Multifuncionais<\/h2>\n<p>Uma cabeceira que tamb\u00e9m serve como <b>armazenamento<\/b> \u00e9 uma excelente escolha para quartos pequenos. Existem modelos que possuem prateleiras embutidas ou gavetas, permitindo que voc\u00ea guarde livros, objetos decorativos ou at\u00e9 mesmo roupas de cama. Isso n\u00e3o s\u00f3 otimiza o espa\u00e7o, mas tamb\u00e9m mant\u00e9m o ambiente organizado.<\/p>\n<h2>Dica 5: Design Minimalista<\/h2>\n<p>O <b>design minimalista<\/b> \u00e9 perfeito para quem busca simplicidade e eleg\u00e2ncia. Cabeceiras com linhas retas e poucos detalhes ajudam a criar um visual clean, que n\u00e3o sobrecarrega o ambiente. Al\u00e9m disso, esse estilo \u00e9 atemporal e se adapta facilmente a diferentes decora\u00e7\u00f5es.<\/p>\n<h2>Dica 6: Aproveite a Ilumina\u00e7\u00e3o<\/h2>\n<p>A ilumina\u00e7\u00e3o \u00e9 um fator crucial na decora\u00e7\u00e3o de qualquer ambiente. Ao escolher a cabeceira, considere como a <b>ilumina\u00e7\u00e3o natural<\/b> e artificial interagem com ela. Uma cabeceira que reflete a luz ou que possui elementos que podem ser iluminados, como prateleiras, pode criar um efeito visual incr\u00edvel e tornar o quarto mais acolhedor.<\/p>\n<h2>Conclus\u00e3o<\/h2>\n<p>Escolher a cabeceira de cama ideal para quartos pequenos \u00e9 uma tarefa que exige aten\u00e7\u00e3o aos detalhes. Ao optar por cabeceiras baixas, materiais leves, cores claras, designs multifuncionais e minimalistas, al\u00e9m de aproveitar a ilumina\u00e7\u00e3o, voc\u00ea pode transformar seu espa\u00e7o em um verdadeiro ref\u00fagio de conforto e estilo. Lembre-se, o importante \u00e9 criar um ambiente que reflita sua personalidade e que seja funcional ao mesmo tempo. Com essas dicas, seu quarto pequeno pode se tornar um espa\u00e7o aconchegante e cheio de charme.<\/p>\n<figure style=\"width: 1024px\" class=\"wp-caption aligncenter\"><img decoding=\"async\" src=\"https:\/\/www.aarquiteta.com.br\/blog\/wp-content\/uploads\/2024\/12\/6-dicas-escolher-cabeceiras-cama-quartos-pequenos04.jpg\" alt=\"6 Dicas para Escolher Cabeceiras de Cama em Quartos Pequenos\" width=\"1024\" height=\"1024\" title=\"\"><figcaption class=\"wp-caption-text\">6 Dicas para Escolher Cabeceiras de Cama em Quartos Pequenos<\/figcaption><\/figure>\n<figure style=\"width: 1024px\" class=\"wp-caption aligncenter\"><img decoding=\"async\" src=\"https:\/\/www.aarquiteta.com.br\/blog\/wp-content\/uploads\/2024\/12\/6-dicas-escolher-cabeceiras-cama-quartos-pequenos03.jpg\" alt=\"6 Dicas para Escolher Cabeceiras de Cama em Quartos Pequenos\" width=\"1024\" height=\"1024\" title=\"\"><figcaption class=\"wp-caption-text\">6 Dicas para Escolher Cabeceiras de Cama em Quartos Pequenos<\/figcaption><\/figure>\n<figure style=\"width: 1024px\" class=\"wp-caption aligncenter\"><img decoding=\"async\" src=\"https:\/\/www.aarquiteta.com.br\/blog\/wp-content\/uploads\/2024\/12\/6-dicas-escolher-cabeceiras-cama-quartos-pequenos02.jpg\" alt=\"6 Dicas para Escolher Cabeceiras de Cama em Quartos Pequenos\" width=\"1024\" height=\"1024\" title=\"\"><figcaption class=\"wp-caption-text\">6 Dicas para Escolher Cabeceiras de Cama em Quartos Pequenos<\/figcaption><\/figure>\n<figure style=\"width: 1024px\" class=\"wp-caption aligncenter\"><img decoding=\"async\" src=\"https:\/\/www.aarquiteta.com.br\/blog\/wp-content\/uploads\/2024\/12\/6-dicas-escolher-cabeceiras-cama-quartos-pequenos01.jpg\" alt=\"6 Dicas para Escolher Cabeceiras de Cama em Quartos Pequenos\" width=\"1024\" height=\"1024\" title=\"\"><figcaption class=\"wp-caption-text\">6 Dicas para Escolher Cabeceiras de Cama em Quartos Pequenos<\/figcaption><\/figure>\n<p style=\"text-align: center;\">[amazon table=&#8221;83113&#8243;]\n<h3>Assista agora a minha recomenda\u00e7\u00e3o de video abaixo sobre o tema que estamos tratando neste artigo: <\/h3>\n<p><div class=\"youtube-embed\" data-video_id=\"xS6tJyykFH8\"><iframe title=\"CABECEIRA DE CAMA IDEAL PARA O SEU QUARTO \u2728\" width=\"696\" height=\"392\" src=\"https:\/\/www.youtube.com\/embed\/xS6tJyykFH8?feature=oembed&#038;enablejsapi=1\" frameborder=\"0\" allow=\"accelerometer; autoplay; clipboard-write; encrypted-media; gyroscope; picture-in-picture; web-share\" referrerpolicy=\"strict-origin-when-cross-origin\" allowfullscreen><\/iframe><\/div><\/p>\n","protected":false},"excerpt":{"rendered":"<p>Saiba como harmonizar dimens\u00e3o, cor e material da cabeceira, trazendo estilo e conforto sem comprometer a circula\u00e7\u00e3o.<\/p>\n","protected":false},"author":102,"featured_media":138756,"comment_status":"closed","ping_status":"closed","sticky":false,"template":"","format":"standard","meta":{"footnotes":""},"categories":[1484,971,18792,18794],"tags":[],"class_list":["post-138759","post","type-post","status-publish","format-standard","has-post-thumbnail","category-decoracao","category-design-de-interiores","category-decoracao-de-apartamento","category-projetos-de-decoracao-de-casas"],"_wp_attached_file":null,"_wp_attachment_metadata":null,"_wp_attachment_context":null,"_wp_attachment_is_custom_header":null,"geo_longitude":null,"geo_public":null,"geo_latitude":null,"_publicize_done_external":null,"_wpas_done_3897181":null,"publicize_twitter_user":null,"_wpas_done_3897175":null,"_wpas_skip_3897181":null,"_wpas_skip_3897175":null,"_wpas_skip_3924723":null,"_wpas_mess":null,"_wpas_done_3924723":null,"wps_subtitle":"","_links":{"self":[{"href":"https:\/\/www.aarquiteta.com.br\/blog\/wp-json\/wp\/v2\/posts\/138759","targetHints":{"allow":["GET"]}}],"collection":[{"href":"https:\/\/www.aarquiteta.com.br\/blog\/wp-json\/wp\/v2\/posts"}],"about":[{"href":"https:\/\/www.aarquiteta.com.br\/blog\/wp-json\/wp\/v2\/types\/post"}],"author":[{"embeddable":true,"href":"https:\/\/www.aarquiteta.com.br\/blog\/wp-json\/wp\/v2\/users\/102"}],"replies":[{"embeddable":true,"href":"https:\/\/www.aarquiteta.com.br\/blog\/wp-json\/wp\/v2\/comments?post=138759"}],"version-history":[{"count":0,"href":"https:\/\/www.aarquiteta.com.br\/blog\/wp-json\/wp\/v2\/posts\/138759\/revisions"}],"wp:featuredmedia":[{"embeddable":true,"href":"https:\/\/www.aarquiteta.com.br\/blog\/wp-json\/wp\/v2\/media\/138756"}],"wp:attachment":[{"href":"https:\/\/www.aarquiteta.com.br\/blog\/wp-json\/wp\/v2\/media?parent=138759"}],"wp:term":[{"taxonomy":"category","embeddable":true,"href":"https:\/\/www.aarquiteta.com.br\/blog\/wp-json\/wp\/v2\/categories?post=138759"},{"taxonomy":"post_tag","embeddable":true,"href":"https:\/\/www.aarquiteta.com.br\/blog\/wp-json\/wp\/v2\/tags?post=138759"}],"curies":[{"name":"wp","href":"https:\/\/api.w.org\/{rel}","templated":true}]}}