{"id":138752,"date":"2024-12-26T17:25:14","date_gmt":"2024-12-26T20:25:14","guid":{"rendered":"https:\/\/www.aarquiteta.com.br\/blog\/a-importancia-dos-contratos-de-prestacao-de-servicos-para-arquitetos-e-designers-de-interiores\/"},"modified":"2024-12-26T17:25:14","modified_gmt":"2024-12-26T20:25:14","slug":"a-importancia-dos-contratos-de-prestacao-de-servicos-para-arquitetos-e-designers-de-interiores","status":"publish","type":"post","link":"https:\/\/www.aarquiteta.com.br\/blog\/a-importancia-dos-contratos-de-prestacao-de-servicos-para-arquitetos-e-designers-de-interiores\/","title":{"rendered":"A Import\u00e2ncia dos Contratos de Presta\u00e7\u00e3o de Servi\u00e7os para Arquitetos e Designers de Interiores"},"content":{"rendered":"<p><body><\/p>\n<p>Contratos de presta\u00e7\u00e3o de servi\u00e7os s\u00e3o fundamentais para arquitetos e designers de interiores, garantindo clareza nas obriga\u00e7\u00f5es e direitos, minimizando conflitos e protegendo ambas as partes durante a execu\u00e7\u00e3o de projetos.<\/p>\n<h2>Resumo das Principais Quest\u00f5es<\/h2>\n<ul>\n<li><b>Defini\u00e7\u00e3o de Contrato:<\/b> Um contrato \u00e9 o documento que formaliza a rela\u00e7\u00e3o entre o contratado e o contratante, prevenindo mal-entendidos.<\/li>\n<li><b>Elementos Essenciais:<\/b> Um bom contrato deve conter detalhes como escopo do projeto, revis\u00f5es e penalidades.<\/li>\n<li><b>Seguran\u00e7a Jur\u00eddica:<\/b> Contratos bem elaborados proporcionam seguran\u00e7a e evitam futuros lit\u00edgios.<\/li>\n<li><b>A import\u00e2ncia de Consultar um Advogado:<\/b> Ter um advogado para revisar o contrato \u00e9 essencial para garantir a legalidade e a prote\u00e7\u00e3o das partes.<\/li>\n<\/ul>\n<h2>Introdu\u00e7\u00e3o<\/h2>\n<p>Eu sempre digo que entender a import\u00e2ncia de um <b>contrato de presta\u00e7\u00e3o de servi\u00e7os<\/b> na arquitetura e design de interiores \u00e9 crucial. J\u00e1 vi muitos profissionais se enrolarem porque n\u00e3o tomaram esse cuidado. Um contrato bem feito traz n\u00e3o s\u00f3 seguran\u00e7a jur\u00eddica, mas tamb\u00e9m promove um relacionamento saud\u00e1vel entre <b>profissionais e clientes<\/b>.<\/p>\n<h2>O que \u00e9 um Contrato de Presta\u00e7\u00e3o de Servi\u00e7os?<\/h2>\n<p>Falando de maneira simples, um <b>contrato de presta\u00e7\u00e3o de servi\u00e7os<\/b> \u00e9 um acordo que estabelece os direitos e obriga\u00e7\u00f5es entre as partes. Ele \u00e9 como um mapa que evita que voc\u00ea se perca em meio a tantas responsabilidades e expectativas. Sem ele, a chances de mal-entendidos aumentam e, claro, aos trancos e barrancos, surgem conflitos que a gente nem queria.<\/p>\n<h3>Por que evitar contratos improvisados?<\/h3>\n<figure style=\"width: 1024px\" class=\"wp-caption aligncenter\"><img decoding=\"async\" src=\"https:\/\/www.aarquiteta.com.br\/blog\/wp-content\/uploads\/2024\/12\/a-importancia-dos-contratos-de-prestacao-de-servicos-para-arquitetos-e-designers-de-interiores01.jpg\" alt=\"A Import\u00e2ncia dos Contratos de Presta\u00e7\u00e3o de Servi\u00e7os para Arquitetos e Designers de Interiores\" width=\"1024\" height=\"1024\" title=\"\"><figcaption class=\"wp-caption-text\">A Import\u00e2ncia dos Contratos de Presta\u00e7\u00e3o de Servi\u00e7os para Arquitetos e Designers de Interiores<\/figcaption><\/figure>\n<p>Ah, os contratos improvisados&#8230; Eles s\u00e3o como aquele lanche que voc\u00ea resolve fazer em casa, mas acaba colocando tudo o que tinha na geladeira. Risco de desastres! Um contrato mal elaborado n\u00e3o s\u00f3 enfraquece sua posi\u00e7\u00e3o, mas tamb\u00e9m pode ser a porta de entrada para complica\u00e7\u00f5es jur\u00eddicas. Como eu sempre digo, &#8220;o barato sai caro&#8221;.<\/p>\n<h2>Elementos essenciais de um bom contrato<\/h2>\n<p>Quando falamos em componentes de um contrato, precisamos lembrar que cada detalhe faz a diferen\u00e7a. \u00c9 como um <b>projeto arquitet\u00f4nico<\/b>: se falta uma viga, a estrutura cai. Ent\u00e3o, aqui v\u00e3o alguns pontos que considero cruciais:<\/p>\n<h3>Proposta comercial vs. Contrato<\/h3>\n<img decoding=\"async\" src=\"\" alt=\"\" title=\"\">\n<p>Primeiro, a diferen\u00e7a: uma <b>proposta comercial<\/b> \u00e9 um primeiro passo, enquanto o contrato \u00e9 a formaliza\u00e7\u00e3o do servi\u00e7o. A proposta \u00e9 como a planta baixa, que d\u00e1 uma ideia do que ser\u00e1 constru\u00eddo; j\u00e1 o contrato \u00e9 a obra final, toda detalhada e estruturada. N\u00e3o confunda os dois, ou a confus\u00e3o estar\u00e1 a caminho!<\/p>\n<h3>Escopo e Revis\u00f5es<\/h3>\n<figure style=\"width: 1024px\" class=\"wp-caption aligncenter\"><img decoding=\"async\" src=\"https:\/\/www.aarquiteta.com.br\/blog\/wp-content\/uploads\/2024\/12\/contrato-arquitetura-e-urbanismo-design-interiores-1024x682.jpg\" alt=\"Contrato de presta\u00e7\u00e3o de servi\u00e7os na \u00e1rea de arquitetura e design interiores.\" title=\"\"><figcaption class=\"wp-caption-text\">Contrato de presta\u00e7\u00e3o de servi\u00e7os na \u00e1rea de arquitetura e design interiores.<\/figcaption><\/figure>\n<p>Definir claramente o <b>escopo do trabalho<\/b> \u00e9 fundamental. E, cuidado! Precisa deixar claro quantas revis\u00f5es est\u00e3o inclusas. Quando eu digo isso, estou pensando em toda a prote\u00e7\u00e3o necess\u00e1ria: se voc\u00ea n\u00e3o coloca l\u00e1, pode acabar fazendo mil e uma mudan\u00e7as sem limites. E, meu amigo, isso n\u00e3o \u00e9 nem saud\u00e1vel!<\/p>\n<h2>Como prevenir conflitos e garantir seguran\u00e7a<\/h2>\n<p>Ter um contrato bem elaborado \u00e9 um passo para prevenir mal-entendidos e lit\u00edgios futuros. \u00c9 aqui que entra a m\u00e1gica do papel! Um bom contrato funciona como um escudo, protegendo voc\u00ea e o cliente.<\/p>\n<h3>Cl\u00e1usulas de rescis\u00e3o e penalidades<\/h3>\n<figure style=\"width: 1024px\" class=\"wp-caption aligncenter\"><img decoding=\"async\" src=\"https:\/\/www.aarquiteta.com.br\/blog\/wp-content\/uploads\/2024\/12\/a-importancia-dos-contratos-de-prestacao-de-servicos-para-arquitetos-e-designers-de-interiores02.jpg\" alt=\"A Import\u00e2ncia dos Contratos de Presta\u00e7\u00e3o de Servi\u00e7os para Arquitetos e Designers de Interiores\" width=\"1024\" height=\"1024\" title=\"\"><figcaption class=\"wp-caption-text\">A Import\u00e2ncia dos Contratos de Presta\u00e7\u00e3o de Servi\u00e7os para Arquitetos e Designers de Interiores<\/figcaption><\/figure>\n<p>Cuidado com a falta de cl\u00e1usulas de rescis\u00e3o. Elas s\u00e3o como um plano de fuga numa festa que n\u00e3o t\u00e1 rolando. Se precisar sair, voc\u00ea precisa saber como! \u00c9 aqui que tamb\u00e9m entram as <b>penalidades<\/b>, porque, claro, cumprimos prazos e obriga\u00e7\u00f5es. A ideia \u00e9 prevenir problemas ao inv\u00e9s de enfrent\u00e1-los depois.<\/p>\n<h2>A import\u00e2ncia de contar com um advogado<\/h2>\n<p>Por \u00faltimo, mas n\u00e3o menos importante, a consulta com um <b>advogado<\/b>. Ao elaborar ou revisar um contrato, ter um advogado ao seu lado \u00e9 fundamental. N\u00e3o \u00e9 s\u00f3 quest\u00e3o de legalidade, mas de evitar problemas futuros. \u00c9 como ter um engenheiro para conferir se sua obra est\u00e1 com a base s\u00f3lida.<\/p>\n<h2>Conclus\u00e3o<\/h2>\n<p>Resumindo, um contrato bem elaborado \u00e9 a chave para uma rela\u00e7\u00e3o profissional saud\u00e1vel e livre de disputas. A prioridade deve ser a formaliza\u00e7\u00e3o dos servi\u00e7os, garantindo seguran\u00e7a e clareza tanto para mim, como arquiteto, quanto para meus clientes. No fim do dia, \u00e9 tudo sobre construir rela\u00e7\u00f5es s\u00f3lidas e evitar surpresas indesejadas.<\/p>\n<p><\/body><br \/>\n<figure style=\"width: 1024px\" class=\"wp-caption aligncenter\"><img decoding=\"async\" src=\"https:\/\/www.aarquiteta.com.br\/blog\/wp-content\/uploads\/2024\/12\/dor-de-cabeca-contrato-arquitetura.jpg\" alt=\"Imagem ilustrativa sobre a dor de cabe\u00e7a gerada pela falta de contrato.\" title=\"\"><figcaption class=\"wp-caption-text\">Imagem ilustrativa sobre a dor de cabe\u00e7a gerada pela falta de contrato.<\/figcaption><\/figure>\n<figure style=\"width: 1024px\" class=\"wp-caption aligncenter\"><img decoding=\"async\" src=\"https:\/\/www.aarquiteta.com.br\/blog\/wp-content\/uploads\/2024\/12\/a-importancia-dos-contratos-de-prestacao-de-servicos-para-arquitetos-e-designers-de-interiores03.jpg\" alt=\"A Import\u00e2ncia dos Contratos de Presta\u00e7\u00e3o de Servi\u00e7os para Arquitetos e Designers de Interiores\" width=\"1024\" height=\"1024\" title=\"\"><figcaption class=\"wp-caption-text\">A Import\u00e2ncia dos Contratos de Presta\u00e7\u00e3o de Servi\u00e7os para Arquitetos e Designers de Interiores<\/figcaption><\/figure>\n<figure style=\"width: 1024px\" class=\"wp-caption aligncenter\"><img decoding=\"async\" src=\"https:\/\/www.aarquiteta.com.br\/blog\/wp-content\/uploads\/2024\/12\/tribunal-julgamento-contrato-arquitetura-e1492049948626-1024x717.jpg\" alt=\"Imagem de tribunal refletindo a import\u00e2ncia dos contratos.\" title=\"\"><figcaption class=\"wp-caption-text\">Imagem de tribunal refletindo a import\u00e2ncia dos contratos.<\/figcaption><\/figure>\n<figure style=\"width: 1024px\" class=\"wp-caption aligncenter\"><img decoding=\"async\" src=\"https:\/\/www.aarquiteta.com.br\/blog\/wp-content\/uploads\/2024\/12\/a-importancia-dos-contratos-de-prestacao-de-servicos-para-arquitetos-e-designers-de-interiores4.jpg\" alt=\"A Import\u00e2ncia dos Contratos de Presta\u00e7\u00e3o de Servi\u00e7os para Arquitetos e Designers de Interiores\" width=\"1024\" height=\"1024\" title=\"\"><figcaption class=\"wp-caption-text\">A Import\u00e2ncia dos Contratos de Presta\u00e7\u00e3o de Servi\u00e7os para Arquitetos e Designers de Interiores<\/figcaption><\/figure>\n<figure style=\"width: 1024px\" class=\"wp-caption aligncenter\"><img decoding=\"async\" src=\"https:\/\/www.aarquiteta.com.br\/blog\/wp-content\/uploads\/2024\/12\/7_Livro-Empreendedorismo-e-Gestao-em-Arquitetura1.jpg\" alt=\"Capa do livro sobre empreendedorismo e gest\u00e3o em arquitetura. \" title=\"\"><figcaption class=\"wp-caption-text\">Capa do livro sobre empreendedorismo e gest\u00e3o em arquitetura.<\/figcaption><\/figure>\n<p><iframe title=\"YouTube video player\" src=\"https:\/\/www.youtube.com\/embed\/gxCXTbAvX4U\" width=\"560\" height=\"315\" frameborder=\"0\" allowfullscreen=\"allowfullscreen\"><\/iframe><\/p>\n<img decoding=\"async\" src=\"\" alt=\"\" title=\"\">\n","protected":false},"excerpt":{"rendered":"<p>Descubra por que contratos s\u00e3o essenciais para arquitetos e designers de interiores e evite dores de cabe\u00e7a no seu neg\u00f3cio.<\/p>\n","protected":false},"author":102,"featured_media":138747,"comment_status":"closed","ping_status":"closed","sticky":false,"template":"","format":"standard","meta":{"footnotes":""},"categories":[1507,6,249],"tags":[],"class_list":["post-138752","post","type-post","status-publish","format-standard","has-post-thumbnail","category-arquitetura","category-carreira-de-arquitetura","category-engenharia-e-construcao-civil"],"_wp_attached_file":null,"_wp_attachment_metadata":null,"_wp_attachment_context":null,"_wp_attachment_is_custom_header":null,"geo_longitude":null,"geo_public":null,"geo_latitude":null,"_publicize_done_external":null,"_wpas_done_3897181":null,"publicize_twitter_user":null,"_wpas_done_3897175":null,"_wpas_skip_3897181":null,"_wpas_skip_3897175":null,"_wpas_skip_3924723":null,"_wpas_mess":null,"_wpas_done_3924723":null,"wps_subtitle":"","_links":{"self":[{"href":"https:\/\/www.aarquiteta.com.br\/blog\/wp-json\/wp\/v2\/posts\/138752","targetHints":{"allow":["GET"]}}],"collection":[{"href":"https:\/\/www.aarquiteta.com.br\/blog\/wp-json\/wp\/v2\/posts"}],"about":[{"href":"https:\/\/www.aarquiteta.com.br\/blog\/wp-json\/wp\/v2\/types\/post"}],"author":[{"embeddable":true,"href":"https:\/\/www.aarquiteta.com.br\/blog\/wp-json\/wp\/v2\/users\/102"}],"replies":[{"embeddable":true,"href":"https:\/\/www.aarquiteta.com.br\/blog\/wp-json\/wp\/v2\/comments?post=138752"}],"version-history":[{"count":0,"href":"https:\/\/www.aarquiteta.com.br\/blog\/wp-json\/wp\/v2\/posts\/138752\/revisions"}],"wp:featuredmedia":[{"embeddable":true,"href":"https:\/\/www.aarquiteta.com.br\/blog\/wp-json\/wp\/v2\/media\/138747"}],"wp:attachment":[{"href":"https:\/\/www.aarquiteta.com.br\/blog\/wp-json\/wp\/v2\/media?parent=138752"}],"wp:term":[{"taxonomy":"category","embeddable":true,"href":"https:\/\/www.aarquiteta.com.br\/blog\/wp-json\/wp\/v2\/categories?post=138752"},{"taxonomy":"post_tag","embeddable":true,"href":"https:\/\/www.aarquiteta.com.br\/blog\/wp-json\/wp\/v2\/tags?post=138752"}],"curies":[{"name":"wp","href":"https:\/\/api.w.org\/{rel}","templated":true}]}}