{"id":138675,"date":"2024-12-25T21:10:55","date_gmt":"2024-12-26T00:10:55","guid":{"rendered":"https:\/\/www.aarquiteta.com.br\/blog\/quem-criou-a-inteligencia-artificial\/"},"modified":"2024-12-25T21:10:55","modified_gmt":"2024-12-26T00:10:55","slug":"quem-criou-a-inteligencia-artificial","status":"publish","type":"post","link":"https:\/\/www.aarquiteta.com.br\/blog\/quem-criou-a-inteligencia-artificial\/","title":{"rendered":"Descubra quem criou a intelig\u00eancia artificial e suas implica\u00e7\u00f5es."},"content":{"rendered":"<p>Na era da tecnologia, a intelig\u00eancia artificial (IA) se tornou uma parte fundamental do nosso cotidiano. Mas voc\u00ea j\u00e1 parou para pensar em quem foram os vision\u00e1rios que deram in\u00edcio a essa revolu\u00e7\u00e3o? Neste artigo, vamos explorar a fascinante hist\u00f3ria da IA, desde suas origens at\u00e9 os dias atuais, e entender como esses pioneiros moldaram o futuro que vivemos hoje.<\/p>\n<h2>Quem criou a Intelig\u00eancia Artificial? Conhe\u00e7a a origem e evolu\u00e7\u00e3o da IA<\/h2>\n<p>Quando olho para a hist\u00f3ria da intelig\u00eancia artificial, sinto como se estivesse desbravando um labirinto de ideias e inova\u00e7\u00f5es. A jornada come\u00e7ou em um tempo em que os computadores eram monstros de metal, lentos e limitados. Mas, mesmo assim, a semente da IA foi plantada, e a vis\u00e3o de m\u00e1quinas pensantes come\u00e7ou a tomar forma.<\/p>\n<h3>O Teste de Turing: A primeira luz no fim do t\u00fanel<\/h3>\n<p>Ah, Alan Turing! Esse nome ressoa como um eco de genialidade. Na d\u00e9cada de 1940, ele lan\u00e7ou a ideia de que as m\u00e1quinas poderiam imitar o pensamento humano. O <b>Teste de Turing<\/b>, proposto em 1950, desafiou a comunidade cient\u00edfica a pensar: \u201cUma m\u00e1quina pode realmente ser inteligente?\u201d O teste consistia em um juiz humano interagindo com uma m\u00e1quina e um ser humano, sem saber quem era quem. Se o juiz n\u00e3o conseguisse distinguir entre os dois, a m\u00e1quina passava no teste. Essa ideia n\u00e3o s\u00f3 provocou debates filos\u00f3ficos, mas tamb\u00e9m estabeleceu Turing como o \u201cpai da intelig\u00eancia artificial\u201d.<\/p>\n<h3>A Confer\u00eancia de Dartmouth: O marco inicial<\/h3>\n<figure style=\"width: 1024px\" class=\"wp-caption aligncenter\"><img decoding=\"async\" src=\"https:\/\/www.aarquiteta.com.br\/blog\/wp-content\/uploads\/2024\/12\/quem-criou-a-inteligencia-artificial.jpg\" alt=\"Descubra quem criou a intelig\u00eancia artificial e suas implica\u00e7\u00f5es.\" width=\"1024\" height=\"1024\" title=\"\"><figcaption class=\"wp-caption-text\">Fonte: <a href=\"https:\/\/blog.anhanguera.com\/quem-criou-a-inteligencia-artificial\/\" target=\"_blank\" rel=\"noopener\">Blog anhanguera<\/a><\/figcaption><\/figure>\n<p>Em 1956, a <b>Confer\u00eancia de Dartmouth<\/b> se tornou um divisor de \u00e1guas. Organizada por mentes brilhantes como John McCarthy e Marvin Minsky, o evento reuniu os maiores pensadores da \u00e9poca para discutir o potencial das m\u00e1quinas. Foi l\u00e1 que o termo \u201cintelig\u00eancia artificial\u201d foi cunhado, e a ideia de que os computadores poderiam realizar tarefas cognitivas come\u00e7ou a ganhar for\u00e7a. A confer\u00eancia n\u00e3o apenas lan\u00e7ou as bases para a pesquisa em IA, mas tamb\u00e9m uniu pessoas com a mesma paix\u00e3o por desvendar os mist\u00e9rios da mente humana.<\/p>\n<h3>Contribui\u00e7\u00f5es de figuras importantes: Os arquitetos da IA<\/h3>\n<p>Com o terreno preparado, outros gigantes come\u00e7aram a contribuir. Claude Shannon, conhecido como o \u201cpai da teoria da informa\u00e7\u00e3o\u201d, trouxe conceitos matem\u00e1ticos que se tornaram essenciais para a IA. Herbert Simon e Allen Newell desenvolveram o <b>Logic Theorist<\/b>, o primeiro programa de IA funcional, que resolvia problemas matem\u00e1ticos complexos. Marvin Minsky, por sua vez, explorou a mente humana e suas nuances, enquanto Terry Winograd revolucionou a comunica\u00e7\u00e3o entre humanos e m\u00e1quinas com seu trabalho em lingu\u00edstica computacional. Cada um desses pioneiros deixou sua marca, como se fossem artistas pintando um quadro complexo e vibrante.<\/p>\n<h3>Sistemas Especialistas: A IA em a\u00e7\u00e3o<\/h3>\n<p>Na d\u00e9cada de 1980, a IA come\u00e7ou a se tornar mais pr\u00e1tica com o surgimento dos <b>sistemas especialistas<\/b>. Esses sistemas eram projetados para imitar a expertise humana em \u00e1reas espec\u00edficas, como medicina e finan\u00e7as. Eles utilizavam regras e heur\u00edsticas para tomar decis\u00f5es, e, de repente, a IA come\u00e7ou a entrar em nossas vidas di\u00e1rias. Lembro-me da primeira vez que interagi com a \u201cEliza\u201d, um programa que simulava uma conversa terap\u00eautica. Foi como se eu estivesse conversando com um amigo, e isso me fez perceber o potencial da IA em nosso cotidiano.<\/p>\n<h3>Aprendizado de M\u00e1quina: A evolu\u00e7\u00e3o da IA<\/h3>\n<p>Nos anos 1990, a IA come\u00e7ou a se transformar novamente, desta vez com o foco no <b>aprendizado de m\u00e1quina<\/b> e nas redes neurais artificiais. Essas abordagens permitiram que os computadores aprendessem com os dados e reconhecessem padr\u00f5es complexos. Algoritmos como as Redes Neurais Convolucionais (CNNs) e as Redes Neurais Recorrentes (RNNs) revolucionaram \u00e1reas como reconhecimento de voz e vis\u00e3o computacional. Era como se as m\u00e1quinas estivessem ganhando vida, aprendendo e se adaptando ao mundo ao seu redor.<\/p>\n<h3>O boom do Aprendizado Profundo: A IA se torna onipresente<\/h3>\n<p><iframe width=\"560\" height=\"315\" src=\"https:\/\/www.youtube.com\/embed\/IH-wBijX53M\" title=\"YouTube video player\" frameborder=\"0\" allow=\"accelerometer; autoplay; clipboard-write; encrypted-media; gyroscope; picture-in-picture; web-share\" referrerpolicy=\"strict-origin-when-cross-origin\" allowfullscreen><\/iframe><\/p>\n<p>Na \u00faltima d\u00e9cada, o <b>aprendizado profundo<\/b> explodiu em popularidade. Essa sub\u00e1rea do aprendizado de m\u00e1quina utiliza redes neurais profundas, permitindo avan\u00e7os significativos em reconhecimento de imagem e tradu\u00e7\u00e3o autom\u00e1tica. Assistentes virtuais como Siri e Alexa se tornaram parte integrante de nossas vidas, e a IA come\u00e7ou a ser utilizada em \u00e1reas como sa\u00fade e transporte. O que antes parecia fic\u00e7\u00e3o cient\u00edfica agora \u00e9 uma realidade palp\u00e1vel, e a IA continua a evoluir a passos largos.<\/p>\n<h2>Conclus\u00e3o: O futuro da Intelig\u00eancia Artificial<\/h2>\n<p>Ao olhar para a trajet\u00f3ria da intelig\u00eancia artificial, \u00e9 imposs\u00edvel n\u00e3o se sentir inspirado. Desde os primeiros sonhadores como Alan Turing at\u00e9 os inovadores de hoje, a hist\u00f3ria da IA \u00e9 uma jornada de curiosidade e determina\u00e7\u00e3o. Agora, mais do que nunca, a IA est\u00e1 moldando nosso futuro, e as possibilidades s\u00e3o infinitas. Se voc\u00ea est\u00e1 interessado em se aprofundar nesse universo fascinante, n\u00e3o deixe de conferir o <a href=\"https:\/\/meuscursos-ia.com.br\/?utm_source=blog&#038;utm_medium=post&#038;utm_campaign=quem+criou+a+inteligencia+artificial\" target=\"_blank\" rel=\"noopener\">curso de Intelig\u00eancia Artificial<\/a>, onde voc\u00ea aprender\u00e1 a criar e programar bots inteligentes, desenvolvendo habilidades que podem transformar sua carreira.<\/p>\n","protected":false},"excerpt":{"rendered":"<p>Na era da tecnologia, a intelig\u00eancia artificial (IA) se tornou uma parte fundamental do nosso cotidiano. Mas voc\u00ea j\u00e1 parou para pensar em quem foram os vision\u00e1rios que deram in\u00edcio a essa revolu\u00e7\u00e3o? Neste artigo, vamos explorar a fascinante hist\u00f3ria da IA, desde suas origens at\u00e9 os dias atuais, e entender como esses pioneiros moldaram [&hellip;]<\/p>\n","protected":false},"author":20,"featured_media":138674,"comment_status":"closed","ping_status":"closed","sticky":false,"template":"","format":"standard","meta":{"footnotes":""},"categories":[6,35497],"tags":[],"class_list":["post-138675","post","type-post","status-publish","format-standard","has-post-thumbnail","category-carreira-de-arquitetura","category-estudante"],"_wp_attached_file":null,"_wp_attachment_metadata":null,"_wp_attachment_context":null,"_wp_attachment_is_custom_header":null,"geo_longitude":null,"geo_public":null,"geo_latitude":null,"_publicize_done_external":null,"_wpas_done_3897181":null,"publicize_twitter_user":null,"_wpas_done_3897175":null,"_wpas_skip_3897181":null,"_wpas_skip_3897175":null,"_wpas_skip_3924723":null,"_wpas_mess":null,"_wpas_done_3924723":null,"wps_subtitle":"","_links":{"self":[{"href":"https:\/\/www.aarquiteta.com.br\/blog\/wp-json\/wp\/v2\/posts\/138675","targetHints":{"allow":["GET"]}}],"collection":[{"href":"https:\/\/www.aarquiteta.com.br\/blog\/wp-json\/wp\/v2\/posts"}],"about":[{"href":"https:\/\/www.aarquiteta.com.br\/blog\/wp-json\/wp\/v2\/types\/post"}],"author":[{"embeddable":true,"href":"https:\/\/www.aarquiteta.com.br\/blog\/wp-json\/wp\/v2\/users\/20"}],"replies":[{"embeddable":true,"href":"https:\/\/www.aarquiteta.com.br\/blog\/wp-json\/wp\/v2\/comments?post=138675"}],"version-history":[{"count":0,"href":"https:\/\/www.aarquiteta.com.br\/blog\/wp-json\/wp\/v2\/posts\/138675\/revisions"}],"wp:featuredmedia":[{"embeddable":true,"href":"https:\/\/www.aarquiteta.com.br\/blog\/wp-json\/wp\/v2\/media\/138674"}],"wp:attachment":[{"href":"https:\/\/www.aarquiteta.com.br\/blog\/wp-json\/wp\/v2\/media?parent=138675"}],"wp:term":[{"taxonomy":"category","embeddable":true,"href":"https:\/\/www.aarquiteta.com.br\/blog\/wp-json\/wp\/v2\/categories?post=138675"},{"taxonomy":"post_tag","embeddable":true,"href":"https:\/\/www.aarquiteta.com.br\/blog\/wp-json\/wp\/v2\/tags?post=138675"}],"curies":[{"name":"wp","href":"https:\/\/api.w.org\/{rel}","templated":true}]}}