{"id":138603,"date":"2024-12-25T05:10:02","date_gmt":"2024-12-25T08:10:02","guid":{"rendered":"https:\/\/www.aarquiteta.com.br\/blog\/fies-inscricao\/"},"modified":"2024-12-25T05:10:02","modified_gmt":"2024-12-25T08:10:02","slug":"fies-inscricao","status":"publish","type":"post","link":"https:\/\/www.aarquiteta.com.br\/blog\/fies-inscricao\/","title":{"rendered":"Descubra como se inscrever no FIES e garantir sua vaga."},"content":{"rendered":"<p>Se voc\u00ea est\u00e1 pensando em ingressar no ensino superior, o Fies pode ser a chave que abre as portas da sua educa\u00e7\u00e3o. Neste artigo, vou te guiar por tudo que voc\u00ea precisa saber sobre o Fundo de Financiamento Estudantil, desde a inscri\u00e7\u00e3o at\u00e9 os impactos sociais e econ\u00f4micos que ele gera.<\/p>\n<h2>O que \u00e9 o Fies?<\/h2>\n<p>O <b>Fundo de Financiamento Estudantil<\/b> (Fies) \u00e9 um programa do governo brasileiro que visa facilitar o acesso ao ensino superior para estudantes de baixa renda. Ele oferece condi\u00e7\u00f5es de financiamento com juros baixos, permitindo que muitos jovens realizem o sonho de cursar uma faculdade. Mas como funciona esse processo? Vamos explorar!<\/p>\n<h3>Como funciona a inscri\u00e7\u00e3o no Fies?<\/h3>\n<p>O processo de <b>inscri\u00e7\u00e3o no Fies<\/b> \u00e9 bastante simples e acontece uma vez por ano, geralmente entre junho e julho. Para se inscrever, o candidato deve acessar o <a href=\"https:\/\/www.gov.br\/mec\/pt-br\" target=\"_blank\" rel=\"noopener\">Portal \u00danico de Acesso ao Ensino Superior<\/a> e ter uma conta no gov.br. A inscri\u00e7\u00e3o \u00e9 totalmente online e gratuita, o que facilita bastante a vida dos estudantes.<\/p>\n<p>Uma vez logado, o candidato pode escolher os cursos de sua prefer\u00eancia e, se necess\u00e1rio, alterar suas op\u00e7\u00f5es at\u00e9 o final do per\u00edodo de inscri\u00e7\u00e3o. A sele\u00e7\u00e3o \u00e9 feita com base nas notas do Enem, ent\u00e3o \u00e9 fundamental ter um bom desempenho nesse exame.<\/p>\n<h3>Crit\u00e9rios de elegibilidade e documenta\u00e7\u00e3o necess\u00e1ria<\/h3>\n<figure style=\"width: 1024px\" class=\"wp-caption aligncenter\"><img decoding=\"async\" src=\"https:\/\/www.aarquiteta.com.br\/blog\/wp-content\/uploads\/2024\/12\/capa-garota-digitando-23-04-2024-66298405ecb42.webp\" alt=\"Descubra como se inscrever no FIES e garantir sua vaga.\" width=\"1024\" height=\"1024\" title=\"\"><figcaption class=\"wp-caption-text\">Fonte: <a href=\"https:\/\/blog.anhanguera.com\/fies-inscricao\/\" target=\"_blank\" rel=\"noopener\">Blog anhanguera<\/a><\/figcaption><\/figure>\n<p>Para se candidatar ao Fies, \u00e9 preciso atender a alguns <b>crit\u00e9rios de elegibilidade<\/b>. O estudante deve ter participado do Enem e ter uma renda familiar que n\u00e3o ultrapasse um determinado limite. Al\u00e9m disso, \u00e9 necess\u00e1rio apresentar documentos como CPF, RG e comprovantes de renda. Essa documenta\u00e7\u00e3o \u00e9 essencial para garantir que o financiamento chegue a quem realmente precisa.<\/p>\n<h3>Impacto do Fies na democratiza\u00e7\u00e3o do acesso ao ensino superior<\/h3>\n<p>O Fies tem um papel crucial na <b>democratiza\u00e7\u00e3o do acesso<\/b> ao ensino superior no Brasil. Ele permite que estudantes de diferentes classes sociais tenham a oportunidade de cursar uma faculdade, reduzindo as barreiras financeiras que muitas vezes impedem o acesso \u00e0 educa\u00e7\u00e3o de qualidade. Isso n\u00e3o s\u00f3 transforma a vida dos estudantes, mas tamb\u00e9m contribui para uma sociedade mais justa e igualit\u00e1ria.<\/p>\n<h3>Compara\u00e7\u00e3o entre Fies, ProUni e Sisu<\/h3>\n<p>\u00c9 importante entender que o Fies n\u00e3o \u00e9 a \u00fanica op\u00e7\u00e3o dispon\u00edvel. Existem outros programas, como o <b>ProUni<\/b> e o <b>Sisu<\/b>, que tamb\u00e9m visam facilitar o acesso ao ensino superior. O ProUni oferece bolsas de estudo em institui\u00e7\u00f5es privadas, enquanto o Sisu \u00e9 voltado para vagas em universidades p\u00fablicas. Cada um desses programas tem suas particularidades e atende a diferentes perfis de estudantes.<\/p>\n<h3>Desafios e limita\u00e7\u00f5es do programa Fies<\/h3>\n<p>Apesar de seus benef\u00edcios, o Fies enfrenta alguns <b>desafios e limita\u00e7\u00f5es<\/b>. A sustentabilidade financeira do programa \u00e9 uma preocupa\u00e7\u00e3o constante, especialmente em tempos de crise econ\u00f4mica. Al\u00e9m disso, a burocracia envolvida no processo de contrata\u00e7\u00e3o do financiamento pode ser um obst\u00e1culo para muitos estudantes. \u00c9 fundamental que o governo busque solu\u00e7\u00f5es para tornar o Fies ainda mais acess\u00edvel e eficiente.<\/p>\n<h3>Depoimentos e experi\u00eancias de benefici\u00e1rios do Fies<\/h3>\n<p><iframe width=\"560\" height=\"315\" src=\"https:\/\/www.youtube.com\/embed\/asCrnaN_0vc\" title=\"YouTube video player\" frameborder=\"0\" allow=\"accelerometer; autoplay; clipboard-write; encrypted-media; gyroscope; picture-in-picture; web-share\" referrerpolicy=\"strict-origin-when-cross-origin\" allowfullscreen><\/iframe><\/p>\n<p>Os relatos de quem j\u00e1 passou pelo Fies s\u00e3o inspiradores. Muitos estudantes compartilham como o programa foi fundamental para a realiza\u00e7\u00e3o de seus sonhos. Eles falam sobre a <b>flexibilidade<\/b> nas condi\u00e7\u00f5es de pagamento e o suporte que receberam durante a jornada acad\u00eamica. No entanto, tamb\u00e9m existem desafios, como o endividamento ap\u00f3s a conclus\u00e3o do curso, que precisam ser considerados.<\/p>\n<h2>Conclus\u00e3o<\/h2>\n<p>O Fies \u00e9 uma ferramenta poderosa que pode transformar vidas e abrir portas para o futuro. Ao facilitar o acesso ao ensino superior, ele n\u00e3o apenas ajuda os estudantes a alcan\u00e7arem seus objetivos, mas tamb\u00e9m contribui para a constru\u00e7\u00e3o de uma sociedade mais justa e igualit\u00e1ria. Se voc\u00ea est\u00e1 pensando em se inscrever, n\u00e3o perca tempo e comece a se preparar para essa jornada incr\u00edvel!<\/p>\n","protected":false},"excerpt":{"rendered":"<p>Se voc\u00ea est\u00e1 pensando em ingressar no ensino superior, o Fies pode ser a chave que abre as portas da sua educa\u00e7\u00e3o. Neste artigo, vou te guiar por tudo que voc\u00ea precisa saber sobre o Fundo de Financiamento Estudantil, desde a inscri\u00e7\u00e3o at\u00e9 os impactos sociais e econ\u00f4micos que ele gera. O que \u00e9 o [&hellip;]<\/p>\n","protected":false},"author":20,"featured_media":138602,"comment_status":"closed","ping_status":"closed","sticky":false,"template":"","format":"standard","meta":{"footnotes":""},"categories":[6,35497],"tags":[],"class_list":["post-138603","post","type-post","status-publish","format-standard","has-post-thumbnail","category-carreira-de-arquitetura","category-estudante"],"_wp_attached_file":null,"_wp_attachment_metadata":null,"_wp_attachment_context":null,"_wp_attachment_is_custom_header":null,"geo_longitude":null,"geo_public":null,"geo_latitude":null,"_publicize_done_external":null,"_wpas_done_3897181":null,"publicize_twitter_user":null,"_wpas_done_3897175":null,"_wpas_skip_3897181":null,"_wpas_skip_3897175":null,"_wpas_skip_3924723":null,"_wpas_mess":null,"_wpas_done_3924723":null,"wps_subtitle":"","_links":{"self":[{"href":"https:\/\/www.aarquiteta.com.br\/blog\/wp-json\/wp\/v2\/posts\/138603","targetHints":{"allow":["GET"]}}],"collection":[{"href":"https:\/\/www.aarquiteta.com.br\/blog\/wp-json\/wp\/v2\/posts"}],"about":[{"href":"https:\/\/www.aarquiteta.com.br\/blog\/wp-json\/wp\/v2\/types\/post"}],"author":[{"embeddable":true,"href":"https:\/\/www.aarquiteta.com.br\/blog\/wp-json\/wp\/v2\/users\/20"}],"replies":[{"embeddable":true,"href":"https:\/\/www.aarquiteta.com.br\/blog\/wp-json\/wp\/v2\/comments?post=138603"}],"version-history":[{"count":0,"href":"https:\/\/www.aarquiteta.com.br\/blog\/wp-json\/wp\/v2\/posts\/138603\/revisions"}],"wp:featuredmedia":[{"embeddable":true,"href":"https:\/\/www.aarquiteta.com.br\/blog\/wp-json\/wp\/v2\/media\/138602"}],"wp:attachment":[{"href":"https:\/\/www.aarquiteta.com.br\/blog\/wp-json\/wp\/v2\/media?parent=138603"}],"wp:term":[{"taxonomy":"category","embeddable":true,"href":"https:\/\/www.aarquiteta.com.br\/blog\/wp-json\/wp\/v2\/categories?post=138603"},{"taxonomy":"post_tag","embeddable":true,"href":"https:\/\/www.aarquiteta.com.br\/blog\/wp-json\/wp\/v2\/tags?post=138603"}],"curies":[{"name":"wp","href":"https:\/\/api.w.org\/{rel}","templated":true}]}}