{"id":138550,"date":"2024-12-24T10:30:23","date_gmt":"2024-12-24T13:30:23","guid":{"rendered":"https:\/\/www.aarquiteta.com.br\/blog\/cores-que-combinam-com-azul-2\/"},"modified":"2024-12-24T10:30:23","modified_gmt":"2024-12-24T13:30:23","slug":"cores-que-combinam-com-azul-2","status":"publish","type":"post","link":"https:\/\/www.aarquiteta.com.br\/blog\/cores-que-combinam-com-azul-2\/","title":{"rendered":"Cores que combinam com azul: op\u00e7\u00f5es para 10 gostos"},"content":{"rendered":"<p><body><\/p>\n<p>As combina\u00e7\u00f5es de cores com o azul podem transformar qualquer ambiente em um espa\u00e7o moderno e acolhedor. Venha conhecer as melhores op\u00e7\u00f5es para seu projeto de decora\u00e7\u00e3o!<\/p>\n<h2>Descomplicando as combina\u00e7\u00f5es de cores com azul<\/h2>\n<p>Muita gente pensa que escolher cores para a decora\u00e7\u00e3o \u00e9 uma tarefa complicada. No entanto, eu sempre digo que o <b>azul \u00e9 uma cor vers\u00e1til<\/b> que vai bem com praticamente tudo. Al\u00e9m disso, suas diversas tonalidades \u2014 do azul claro ao azul escuro \u2014 oferecem op\u00e7\u00f5es para todos os estilos.<\/p>\n<h2>Cores que combinam com azul: a paleta perfeita<\/h2>\n<p>Vamos dar uma olhada em como o azul pode se encaixar em diferentes combina\u00e7\u00f5es. Um <b>exerc\u00edcio interessante<\/b> para iniciar o processo \u00e9 pensar no ambiente que voc\u00ea deseja criar e em qual sensa\u00e7\u00e3o quer transmitir para quem o utiliza.<\/p>\n<h3>Tons Neutros para o Azul Turquesa<\/h3>\n<figure style=\"width: 1024px\" class=\"wp-caption aligncenter\"><img decoding=\"async\" src=\"https:\/\/www.aarquiteta.com.br\/blog\/wp-content\/uploads\/2024\/12\/cores-que-combinam-com-azul-25.jpg\" alt=\"Para um ambiente profissional, combine o azul petr\u00f3leo com tons sofisticados, como creme, marfim, chocolate, preto e cinza escuro. Para uma decora\u00e7\u00e3o acolhedora no quarto, por exemplo, voc\u00ea pode combinar essa cor com outros tons de azul, al\u00e9m do bege e branco. J\u00e1 para projetos alegres, como um quarto jovem, aposte na mistura com a madeira crua, roxo e amarelo.\" title=\"\"><figcaption class=\"wp-caption-text\">Para um ambiente profissional, combine o azul petr\u00f3leo com tons sofisticados, como creme, marfim, chocolate, preto e cinza escuro. Para uma decora\u00e7\u00e3o acolhedora no quarto, por exemplo, voc\u00ea pode combinar essa cor com outros tons de azul, al\u00e9m do bege e branco. J\u00e1 para projetos alegres, como um quarto jovem, aposte na mistura com a madeira crua, roxo e amarelo.<\/figcaption><\/figure>\n<p>O azul turquesa \u00e9 uma excelente escolha se voc\u00ea quer dar um toque jovial ao ambiente. Ao combin\u00e1-lo com <b>tons neutros<\/b> como cinza, branco, bege e off-white, voc\u00ea cria um visual equilibrado e sofisticado. Taninos que n\u00e3o \u201cgritam\u201d, mas que conversam de maneira harm\u00f4nica, promovendo uma atmosfera relaxante. E quem n\u00e3o gosta de uma decora\u00e7\u00e3o que nos faz sentir em casa, n\u00e3o \u00e9 mesmo?<\/p>\n<h3>O Azul Royal e Marinho: Quais as Melhoras Combina\u00e7\u00f5es?<\/h3>\n<figure style=\"width: 1024px\" class=\"wp-caption aligncenter\"><img decoding=\"async\" src=\"https:\/\/www.aarquiteta.com.br\/blog\/wp-content\/uploads\/2024\/12\/cores-que-combinam-com-azul01.jpg\" alt=\"Cores que combinam com azul: op\u00e7\u00f5es para todos os gostos\" width=\"1024\" height=\"1024\" title=\"\"><figcaption class=\"wp-caption-text\">Cores que combinam com azul: op\u00e7\u00f5es para todos os gostos<\/figcaption><\/figure>\n<p>Pensar em azul royal e marinho \u00e9 tamb\u00e9m pensar em <b>versatilidade<\/b>. Essas tonalidades podem se misturar a branco, para uma decora\u00e7\u00e3o cl\u00e1ssica e clean, ou at\u00e9 a Preto e cores vibrantes, como vermelho e amarelo, em um estilo verdadeiro.<\/p>\n<ul>\n<li><b>Estilo contempor\u00e2neo:<\/b> Blue marinho + amarelo e vermelho.<\/li>\n<li><b>Estilo industrial:<\/b> Azul com preto e cinza.<\/li>\n<\/ul>\n<h3>O Azul Petr\u00f3leo e as Cores S\u00f3brias<\/h3>\n<figure style=\"width: 1024px\" class=\"wp-caption aligncenter\"><img decoding=\"async\" src=\"https:\/\/www.aarquiteta.com.br\/blog\/wp-content\/uploads\/2024\/12\/cores-que-combinam-com-azul.jpg\" alt=\"Frente &#038; Verso Arquitetura\" title=\"\"><figcaption class=\"wp-caption-text\">Frente &#038; Verso Arquitetura<\/figcaption><\/figure>\n<p>O azul petr\u00f3leo \u00e9 ideal para aqueles que buscam um estilo mais s\u00f3brio e elegante. Ele pode ser combinado com <b>creme, marfim e chocolate<\/b>, criando uma ambienta\u00e7\u00e3o profissional ou aconchegante. Que tal um escrit\u00f3rio que inspire criatividade enquanto mant\u00e9m a seriedade? As cores s\u00f3brias ajudam nesse processo, sem perder o charme. A mistura provoca a sensa\u00e7\u00e3o de acolhimento, criando espa\u00e7os que estimulam o trabalho e a concentra\u00e7\u00e3o.<\/p>\n<h3>A Alegria do Azul \u00cdndigo<\/h3>\n<figure style=\"width: 1024px\" class=\"wp-caption aligncenter\"><img decoding=\"async\" src=\"https:\/\/www.aarquiteta.com.br\/blog\/wp-content\/uploads\/2024\/12\/cores-que-combinam-com-azul02.jpg\" alt=\"Cores que combinam com azul: op\u00e7\u00f5es para todos os gostos\" width=\"1024\" height=\"1024\" title=\"\"><figcaption class=\"wp-caption-text\">Cores que combinam com azul: op\u00e7\u00f5es para todos os gostos<\/figcaption><\/figure>\n<p>Para um toque de <b>originalidade<\/b>, o azul \u00edndigo \u00e9 uma escolha ousada. Sua combina\u00e7\u00e3o com tons pastel traz um estilo vintage, que remete aos tempos de antigamente. Imagine uma sala de estar com paredes em azul \u00edndigo e m\u00f3veis em uma paleta suave! Que diferen\u00e7a na carinha do ambiente, n\u00e3o \u00e9? Para um quarto, o ideal \u00e9 mistur\u00e1-lo com cores neutras, trazendo um aconchego t\u00e3o necess\u00e1rio ap\u00f3s um dia cansativo.<\/p>\n<h3>Romantismo do Azul Serenity<\/h3>\n<figure style=\"width: 1024px\" class=\"wp-caption aligncenter\"><img decoding=\"async\" src=\"https:\/\/www.aarquiteta.com.br\/blog\/wp-content\/uploads\/2024\/12\/quarto-azul-3-1-286x160.jpg\" alt=\"Acerte no estilo na hora de montar um bel\u00edssimo quarto azul em sua casa\" title=\"\"><figcaption class=\"wp-caption-text\">Acerte no estilo na hora de montar um bel\u00edssimo quarto azul em sua casa<\/figcaption><\/figure>\n<p>O azul serenity, conhecido por sua leveza, \u00e9 perfeito para trazer um toque de <b>romantismo<\/b> \u00e0 decora\u00e7\u00e3o. Ao combin\u00e1-lo com amarelo, rosa ou verde, criamos composi\u00e7\u00f5es que exalam tranquilidade e frescor. Lembre-se, detalhes como almofadas e quadros nas paredes podem fazer toda a diferen\u00e7a, transformando um espa\u00e7o comum em um local m\u00e1gico e convidativo.<\/p>\n<h3>Combinando Azul com Outros Tons Vibrantes<\/h3>\n<figure style=\"width: 1024px\" class=\"wp-caption aligncenter\"><img decoding=\"async\" src=\"https:\/\/www.aarquiteta.com.br\/blog\/wp-content\/uploads\/2024\/12\/cores-que-combinam-com-azul03.jpg\" alt=\"Cores que combinam com azul: op\u00e7\u00f5es para todos os gostos\" width=\"1024\" height=\"1024\" title=\"\"><figcaption class=\"wp-caption-text\">Cores que combinam com azul: op\u00e7\u00f5es para todos os gostos<\/figcaption><\/figure>\n<p>A ousadia das cores vibrantes n\u00e3o deve ser ignorada. Quando se trata de decora\u00e7\u00e3o, uma paleta com <b>azul e tons vibrantes<\/b>, como o laranja ou o vermelho, pode trazer energia ao ambiente. Essa combina\u00e7\u00e3o \u00e9 frequentemente utilizada em \u00e1reas comuns, onde as pessoas se re\u00fanem. J\u00e1 pensou em incluir uma poltrona vermelha em uma sala azul? Um toque de cor que fascina e transforma!<\/p>\n<h3>Cores Naturais e o Azul: Harmonia Perfeita<\/h3>\n<figure style=\"width: 1024px\" class=\"wp-caption aligncenter\"><img decoding=\"async\" src=\"https:\/\/www.aarquiteta.com.br\/blog\/wp-content\/uploads\/2024\/12\/tapete-azul-286x160.jpg\" alt=\"75 modelos de tapete azul para adicionar cor \u00e0 sua decora\u00e7\u00e3o\" title=\"\"><figcaption class=\"wp-caption-text\">75 modelos de tapete azul para adicionar cor \u00e0 sua decora\u00e7\u00e3o<\/figcaption><\/figure>\n<p>A natureza influencia muito em nossas escolhas decorativas. Assim, <b>misturar o azul<\/b> com cores naturais como verde e marrom ainda \u00e9 uma excelente op\u00e7\u00e3o. Such combinations evoke a sensa\u00e7\u00e3o de paz e conex\u00e3o com o ambiente. Um espa\u00e7o com paredes azuis e m\u00f3veis em madeira pode nos fazer sentir como se estiv\u00e9ssemos em uma cabana \u00e0 beira-mar. N\u00e3o seria um escape maravilhoso do fren\u00e9tico dia a dia?<\/p>\n<h3>A Import\u00e2ncia da Ilumina\u00e7\u00e3o<\/h3>\n<figure style=\"width: 1024px\" class=\"wp-caption aligncenter\"><img decoding=\"async\" src=\"https:\/\/www.aarquiteta.com.br\/blog\/wp-content\/uploads\/2024\/12\/cores-que-combinam-com-azul4.jpg\" alt=\"Cores que combinam com azul: op\u00e7\u00f5es para todos os gostos\" width=\"1024\" height=\"1024\" title=\"\"><figcaption class=\"wp-caption-text\">Cores que combinam com azul: op\u00e7\u00f5es para todos os gostos<\/figcaption><\/figure>\n<p>N\u00e3o podemos esquecer que a <b>ilumina\u00e7\u00e3o<\/b> tamb\u00e9m desempenha um papel fundamental na percep\u00e7\u00e3o das cores. Um espa\u00e7o bem iluminado real\u00e7a as combina\u00e7\u00f5es de azul e garante que os tons sejam vistos em sua verdadeira forma. Por isso, sempre que planejar um projeto, atente-se \u00e0 luz natural e \u00e0 ilumina\u00e7\u00e3o artificial. Vale investir em lumin\u00e1rias que valorizem sua escolha de cores!<\/p>\n<h3>Conclus\u00e3o: Escolha a Paleta que Reflete Seu Estilo<\/h3>\n<figure style=\"width: 1024px\" class=\"wp-caption aligncenter\"><img decoding=\"async\" src=\"https:\/\/www.aarquiteta.com.br\/blog\/wp-content\/uploads\/2024\/12\/cores-que-combinam-com-azul-1-1.jpg\" alt=\"Ap\u00ea Pieno Di Vita\" title=\"\"><figcaption class=\"wp-caption-text\">Ap\u00ea Pieno Di Vita<\/figcaption><\/figure>\n<p>Como vimos, as combina\u00e7\u00f5es de cores com azul s\u00e3o muitas e extremamente vers\u00e1teis. Elas podem refletir a sua personalidade e estilo de vida. <b>Escolha sua paleta preferida<\/b> e n\u00e3o hesite em ousar. Afinal, cada ambiente \u00e9 uma extens\u00e3o de quem somos, e transformar o espa\u00e7o em algo que amamos \u00e9 sempre uma conquista. D\u00ea asas \u00e0 sua criatividade e inicie seu projeto de decora\u00e7\u00e3o hoje mesmo!<\/p>\n<p><\/body><\/p>\n<h3>Para se aprofundar mais sobre o tema, veja a minha recomenda\u00e7\u00e3o sobre o tema deste artigo no v\u00eddeo a seguir abaixo:<\/h3>\n<p><iframe title=\"YouTube video player\" src=\"https:\/\/www.youtube.com\/embed\/-e5GIizmXeE\" width=\"560\" height=\"315\" frameborder=\"0\" allowfullscreen=\"allowfullscreen\"><\/iframe><\/p>\n<figure style=\"width: 1024px\" class=\"wp-caption aligncenter\"><img decoding=\"async\" src=\"https:\/\/www.aarquiteta.com.br\/blog\/wp-content\/uploads\/2024\/12\/cores-que-combinam-com-azul-7.jpg\" alt=\"decoradoria55\" title=\"\"><figcaption class=\"wp-caption-text\">decoradoria55<\/figcaption><\/figure>\n","protected":false},"excerpt":{"rendered":"<p>Descubra combina\u00e7\u00f5es de cores que harmonizam com o azul e transformam sua decora\u00e7\u00e3o!<\/p>\n","protected":false},"author":102,"featured_media":138543,"comment_status":"closed","ping_status":"closed","sticky":false,"template":"","format":"standard","meta":{"footnotes":""},"categories":[1484],"tags":[],"class_list":["post-138550","post","type-post","status-publish","format-standard","has-post-thumbnail","category-decoracao"],"_wp_attached_file":null,"_wp_attachment_metadata":null,"_wp_attachment_context":null,"_wp_attachment_is_custom_header":null,"geo_longitude":null,"geo_public":null,"geo_latitude":null,"_publicize_done_external":null,"_wpas_done_3897181":null,"publicize_twitter_user":null,"_wpas_done_3897175":null,"_wpas_skip_3897181":null,"_wpas_skip_3897175":null,"_wpas_skip_3924723":null,"_wpas_mess":null,"_wpas_done_3924723":null,"wps_subtitle":"","_links":{"self":[{"href":"https:\/\/www.aarquiteta.com.br\/blog\/wp-json\/wp\/v2\/posts\/138550","targetHints":{"allow":["GET"]}}],"collection":[{"href":"https:\/\/www.aarquiteta.com.br\/blog\/wp-json\/wp\/v2\/posts"}],"about":[{"href":"https:\/\/www.aarquiteta.com.br\/blog\/wp-json\/wp\/v2\/types\/post"}],"author":[{"embeddable":true,"href":"https:\/\/www.aarquiteta.com.br\/blog\/wp-json\/wp\/v2\/users\/102"}],"replies":[{"embeddable":true,"href":"https:\/\/www.aarquiteta.com.br\/blog\/wp-json\/wp\/v2\/comments?post=138550"}],"version-history":[{"count":0,"href":"https:\/\/www.aarquiteta.com.br\/blog\/wp-json\/wp\/v2\/posts\/138550\/revisions"}],"wp:featuredmedia":[{"embeddable":true,"href":"https:\/\/www.aarquiteta.com.br\/blog\/wp-json\/wp\/v2\/media\/138543"}],"wp:attachment":[{"href":"https:\/\/www.aarquiteta.com.br\/blog\/wp-json\/wp\/v2\/media?parent=138550"}],"wp:term":[{"taxonomy":"category","embeddable":true,"href":"https:\/\/www.aarquiteta.com.br\/blog\/wp-json\/wp\/v2\/categories?post=138550"},{"taxonomy":"post_tag","embeddable":true,"href":"https:\/\/www.aarquiteta.com.br\/blog\/wp-json\/wp\/v2\/tags?post=138550"}],"curies":[{"name":"wp","href":"https:\/\/api.w.org\/{rel}","templated":true}]}}