{"id":138388,"date":"2024-12-22T21:09:44","date_gmt":"2024-12-23T00:09:44","guid":{"rendered":"https:\/\/www.aarquiteta.com.br\/blog\/perspectiva-de-carreira\/"},"modified":"2024-12-22T21:09:44","modified_gmt":"2024-12-23T00:09:44","slug":"perspectiva-de-carreira","status":"publish","type":"post","link":"https:\/\/www.aarquiteta.com.br\/blog\/perspectiva-de-carreira\/","title":{"rendered":"Descubra as melhores perspectivas de carreira para seu futuro."},"content":{"rendered":"<p>Ter uma perspectiva de carreira bem definida \u00e9 fundamental para alcan\u00e7ar o sucesso profissional. Neste artigo, vamos explorar a import\u00e2ncia desse planejamento, como ele pode impactar sua trajet\u00f3ria e quais passos voc\u00ea pode seguir para garantir um futuro promissor.<\/p>\n<h2>O que \u00e9 perspectiva de carreira?<\/h2>\n<p>Quando falamos em <b>perspectiva de carreira<\/b>, estamos nos referindo \u00e0 capacidade de visualizar e planejar o futuro profissional. \u00c9 como ter um mapa em m\u00e3os que guia cada passo que voc\u00ea d\u00e1. Essa vis\u00e3o n\u00e3o \u00e9 apenas sobre onde voc\u00ea quer chegar, mas tamb\u00e9m sobre como voc\u00ea pretende chegar l\u00e1. \u00c9 um processo que envolve autoconhecimento, disciplina e foco. Sem essa clareza, \u00e9 f\u00e1cil se perder em meio \u00e0s distra\u00e7\u00f5es do dia a dia e acabar estagnado em um emprego que n\u00e3o valoriza seu potencial.<\/p>\n<h3>Por que ter uma perspectiva de carreira \u00e9 importante?<\/h3>\n<p>Ter uma perspectiva de carreira \u00e9 como ter um farol em uma noite escura. Ele ilumina o caminho e ajuda a evitar armadilhas. Quando voc\u00ea sabe onde quer chegar, fica mais f\u00e1cil tomar decis\u00f5es que alinhem suas a\u00e7\u00f5es com seus objetivos. Al\u00e9m disso, essa vis\u00e3o ajuda a manter a motiva\u00e7\u00e3o em alta, mesmo diante de desafios. A falta de um planejamento claro pode levar \u00e0 frustra\u00e7\u00e3o e \u00e0 sensa\u00e7\u00e3o de que voc\u00ea est\u00e1 apenas &#8220;passando pela vida&#8221;, sem realmente viver suas aspira\u00e7\u00f5es.<\/p>\n<h3>\u00c1reas de forma\u00e7\u00e3o com mais perspectiva<\/h3>\n<figure style=\"width: 1024px\" class=\"wp-caption aligncenter\"><img decoding=\"async\" src=\"https:\/\/www.aarquiteta.com.br\/blog\/wp-content\/uploads\/2024\/12\/post_thumbnail-3a2a2e2d631e9e02e6faa688b5200a63.jpg\" alt=\"Descubra as melhores perspectivas de carreira para seu futuro.\" width=\"1024\" height=\"1024\" title=\"\"><figcaption class=\"wp-caption-text\">Fonte: <a href=\"https:\/\/blog.anhanguera.com\/perspectiva-de-carreira\/\" target=\"_blank\" rel=\"noopener\">Blog anhanguera<\/a><\/figcaption><\/figure>\n<p>O mercado de trabalho est\u00e1 em constante transforma\u00e7\u00e3o, e algumas \u00e1reas se destacam mais do que outras. Gradua\u00e7\u00f5es em tecnologia, por exemplo, est\u00e3o em alta, refletindo as novas demandas do mercado. No entanto, \u00e9 importante lembrar que a faculdade \u00e9 apenas uma parte do processo. O que realmente conta \u00e9 a capacidade de se adaptar e aprender continuamente. Independentemente da \u00e1rea escolhida, o importante \u00e9 estar sempre em busca de conhecimento e atualiza\u00e7\u00e3o.<\/p>\n<h3>Como planejar sua carreira na pr\u00e1tica?<\/h3>\n<p>Planejar a carreira \u00e9 um passo essencial para quem deseja alcan\u00e7ar seus objetivos. Para isso, \u00e9 fundamental ter clareza sobre suas metas e o que voc\u00ea realmente deseja. Um bom ponto de partida \u00e9 fazer uma autoavalia\u00e7\u00e3o: <b>o que voc\u00ea gosta de fazer?<\/b> Quais s\u00e3o suas habilidades? A partir da\u00ed, voc\u00ea pode tra\u00e7ar um plano que inclua cursos, especializa\u00e7\u00f5es e experi\u00eancias que o ajudem a se aproximar de seus objetivos. N\u00e3o se esque\u00e7a de que a gradua\u00e7\u00e3o \u00e9 um pilar importante nesse processo. Investir em uma boa forma\u00e7\u00e3o pode abrir portas e facilitar sua entrada no mercado de trabalho.<\/p>\n<h3>Dicas para aumentar sua perspectiva de carreira<\/h3>\n<ul>\n<li><b>Networking:<\/b> Construa uma rede de contatos. Conhecer pessoas da sua \u00e1rea pode abrir oportunidades inesperadas.<\/li>\n<li><b>Capacita\u00e7\u00e3o:<\/b> Invista em cursos e treinamentos. O aprendizado cont\u00ednuo \u00e9 fundamental para se destacar.<\/li>\n<li><b>Autoconhecimento:<\/b> Entenda suas paix\u00f5es e habilidades. Isso ajudar\u00e1 a direcionar sua carreira.<\/li>\n<li><b>Flexibilidade:<\/b> Esteja aberto a novas oportunidades. \u00c0s vezes, o caminho que voc\u00ea n\u00e3o planejou pode ser o melhor.<\/li>\n<\/ul>\n<h3>O papel da gradua\u00e7\u00e3o na sua trajet\u00f3ria<\/h3>\n<p>A gradua\u00e7\u00e3o \u00e9 um dos pilares que sustentam a perspectiva de carreira. Estudar em uma institui\u00e7\u00e3o de qualidade, como a Anhanguera, pode fazer toda a diferen\u00e7a. Al\u00e9m de adquirir conhecimento t\u00e9cnico, voc\u00ea ter\u00e1 acesso a um ambiente que estimula o desenvolvimento pessoal e profissional. A Anhanguera oferece diversas modalidades de ensino, adaptadas \u00e0s necessidades dos alunos, e ainda conta com o <a href=\"https:\/\/blog.anhanguera.com\/como-ingressar-na-anhanguera-pelo-prouni\/\" target=\"_blank\" rel=\"noopener\">Canal Conecta<\/a>, um portal exclusivo de vagas de emprego e est\u00e1gio. Isso tudo contribui para que voc\u00ea entre no mercado de trabalho de forma mais preparada e confiante.<\/p>\n<h3>O que fazer ap\u00f3s a gradua\u00e7\u00e3o?<\/h3>\n<p><iframe width=\"560\" height=\"315\" src=\"https:\/\/www.youtube.com\/embed\/JGLGnIG3Exw\" title=\"YouTube video player\" frameborder=\"0\" allow=\"accelerometer; autoplay; clipboard-write; encrypted-media; gyroscope; picture-in-picture; web-share\" referrerpolicy=\"strict-origin-when-cross-origin\" allowfullscreen><\/iframe><\/p>\n<p>Ap\u00f3s concluir a gradua\u00e7\u00e3o, muitos se perguntam: e agora? O primeiro passo \u00e9 colocar em pr\u00e1tica tudo o que voc\u00ea aprendeu. Busque est\u00e1gios, trabalhos volunt\u00e1rios ou projetos que possam enriquecer seu curr\u00edculo. Al\u00e9m disso, continue investindo em sua forma\u00e7\u00e3o. O mercado est\u00e1 sempre mudando, e quem n\u00e3o se atualiza fica para tr\u00e1s. Lembre-se de que a aprendizagem n\u00e3o termina na faculdade; ela \u00e9 um processo cont\u00ednuo.<\/p>\n<h2>Conclus\u00e3o<\/h2>\n<p>Ter uma perspectiva de carreira \u00e9 essencial para quem deseja alcan\u00e7ar seus objetivos profissionais. Com um planejamento bem estruturado, autoconhecimento e disposi\u00e7\u00e3o para aprender, \u00e9 poss\u00edvel tra\u00e7ar um caminho de sucesso. N\u00e3o deixe que as distra\u00e7\u00f5es do dia a dia o afastem de seus sonhos. Invista em sua forma\u00e7\u00e3o, construa uma rede de contatos e esteja sempre aberto a novas oportunidades. O futuro \u00e9 promissor para aqueles que se preparam e t\u00eam clareza sobre onde querem chegar.<\/p>\n","protected":false},"excerpt":{"rendered":"<p>Ter uma perspectiva de carreira bem definida \u00e9 fundamental para alcan\u00e7ar o sucesso profissional. Neste artigo, vamos explorar a import\u00e2ncia desse planejamento, como ele pode impactar sua trajet\u00f3ria e quais passos voc\u00ea pode seguir para garantir um futuro promissor. O que \u00e9 perspectiva de carreira? Quando falamos em perspectiva de carreira, estamos nos referindo \u00e0 [&hellip;]<\/p>\n","protected":false},"author":20,"featured_media":138387,"comment_status":"closed","ping_status":"closed","sticky":false,"template":"","format":"standard","meta":{"footnotes":""},"categories":[6,35497],"tags":[],"class_list":["post-138388","post","type-post","status-publish","format-standard","has-post-thumbnail","category-carreira-de-arquitetura","category-estudante"],"_wp_attached_file":null,"_wp_attachment_metadata":null,"_wp_attachment_context":null,"_wp_attachment_is_custom_header":null,"geo_longitude":null,"geo_public":null,"geo_latitude":null,"_publicize_done_external":null,"_wpas_done_3897181":null,"publicize_twitter_user":null,"_wpas_done_3897175":null,"_wpas_skip_3897181":null,"_wpas_skip_3897175":null,"_wpas_skip_3924723":null,"_wpas_mess":null,"_wpas_done_3924723":null,"wps_subtitle":"","_links":{"self":[{"href":"https:\/\/www.aarquiteta.com.br\/blog\/wp-json\/wp\/v2\/posts\/138388","targetHints":{"allow":["GET"]}}],"collection":[{"href":"https:\/\/www.aarquiteta.com.br\/blog\/wp-json\/wp\/v2\/posts"}],"about":[{"href":"https:\/\/www.aarquiteta.com.br\/blog\/wp-json\/wp\/v2\/types\/post"}],"author":[{"embeddable":true,"href":"https:\/\/www.aarquiteta.com.br\/blog\/wp-json\/wp\/v2\/users\/20"}],"replies":[{"embeddable":true,"href":"https:\/\/www.aarquiteta.com.br\/blog\/wp-json\/wp\/v2\/comments?post=138388"}],"version-history":[{"count":0,"href":"https:\/\/www.aarquiteta.com.br\/blog\/wp-json\/wp\/v2\/posts\/138388\/revisions"}],"wp:featuredmedia":[{"embeddable":true,"href":"https:\/\/www.aarquiteta.com.br\/blog\/wp-json\/wp\/v2\/media\/138387"}],"wp:attachment":[{"href":"https:\/\/www.aarquiteta.com.br\/blog\/wp-json\/wp\/v2\/media?parent=138388"}],"wp:term":[{"taxonomy":"category","embeddable":true,"href":"https:\/\/www.aarquiteta.com.br\/blog\/wp-json\/wp\/v2\/categories?post=138388"},{"taxonomy":"post_tag","embeddable":true,"href":"https:\/\/www.aarquiteta.com.br\/blog\/wp-json\/wp\/v2\/tags?post=138388"}],"curies":[{"name":"wp","href":"https:\/\/api.w.org\/{rel}","templated":true}]}}