{"id":138313,"date":"2024-12-21T17:30:34","date_gmt":"2024-12-21T20:30:34","guid":{"rendered":"https:\/\/www.aarquiteta.com.br\/blog\/adeus-combinacao-sofa-poltronas-mesa-centro-sala-moderna\/"},"modified":"2024-12-21T17:30:34","modified_gmt":"2024-12-21T20:30:34","slug":"adeus-combinacao-sofa-poltronas-mesa-centro-sala-moderna","status":"publish","type":"post","link":"https:\/\/www.aarquiteta.com.br\/blog\/adeus-combinacao-sofa-poltronas-mesa-centro-sala-moderna\/","title":{"rendered":"5 maneiras criativas de transformar sua sala moderna."},"content":{"rendered":"<p>Transformar a sala de estar em um espa\u00e7o moderno e acolhedor \u00e9 mais f\u00e1cil do que parece. Ao se afastar da combina\u00e7\u00e3o tradicional de sof\u00e1, poltronas e mesa de centro, \u00e9 poss\u00edvel criar um ambiente que reflete a personalidade e o estilo de vida de quem habita o espa\u00e7o.<\/p>\n<h2>O que \u00e9 uma sala moderna?<\/h2>\n<h3>Desmistificando a decora\u00e7\u00e3o contempor\u00e2nea<\/h3>\n<p>Uma sala moderna n\u00e3o precisa seguir regras r\u00edgidas. <b>O importante \u00e9 a liberdade de express\u00e3o<\/b>. Designers de interiores, como Erico Navazo, defendem que a mistura de estilos e pe\u00e7as \u00e9 o que traz vida ao ambiente. Ao inv\u00e9s de se prender a combina\u00e7\u00f5es previs\u00edveis, a criatividade deve ser a estrela do show. A sala deve ser um reflexo da personalidade de quem a utiliza, e isso pode ser alcan\u00e7ado atrav\u00e9s de escolhas ousadas e inusitadas.<\/p>\n<h3>Brincando com texturas e cores<\/h3>\n<figure style=\"width: 1024px\" class=\"wp-caption aligncenter\"><img decoding=\"async\" src=\"https:\/\/www.aarquiteta.com.br\/blog\/wp-content\/uploads\/2024\/12\/combinacao-tradicional-sofa-e-poltronas.jpg\" alt=\"5 maneiras criativas de transformar sua sala moderna.\" width=\"1024\" height=\"1024\" title=\"\"><figcaption class=\"wp-caption-text\">Source: <a href=\"https:\/\/ndmais.com.br\/arquitetura-e-decoracao\/adeus-a-combinacao-sofa-poltronas-e-mesa-de-centro-veja-como-criar-uma-sala-moderna\/\" target=\"_blank\" rel=\"noopener\">NDMAIS<\/a><\/figcaption><\/figure>\n<p>Quando se fala em decora\u00e7\u00e3o, <b>as texturas e cores s\u00e3o fundamentais<\/b>. Misturar diferentes materiais, como madeira, metal e tecidos, pode criar um visual din\u00e2mico e interessante. Al\u00e9m disso, as cores devem ser escolhidas com cuidado. Tons neutros podem servir como base, enquanto toques de cores vibrantes podem ser adicionados atrav\u00e9s de almofadas, quadros ou objetos decorativos. Essa combina\u00e7\u00e3o traz um ar de modernidade e aconchego ao mesmo tempo.<\/p>\n<h3>Menos \u00e9 mais: a import\u00e2ncia do espa\u00e7o<\/h3>\n<p>Em ambientes menores, a regra do \u201cmenos \u00e9 mais\u201d se aplica perfeitamente. <b>Optar por m\u00f3veis multifuncionais<\/b> pode ser uma solu\u00e7\u00e3o inteligente. Um sof\u00e1 que se transforma em cama ou uma mesa de centro que se expande s\u00e3o exemplos de como \u00e9 poss\u00edvel otimizar o espa\u00e7o sem abrir m\u00e3o do estilo. Al\u00e9m disso, a escolha de pe\u00e7as com linhas limpas e design minimalista pode ajudar a criar uma sensa\u00e7\u00e3o de amplitude.<\/p>\n<h3>Pe\u00e7as vintage: um toque de hist\u00f3ria<\/h3>\n<h3>Assista agora a minha recomenda\u00e7\u00e3o de video abaixo sobre o tema que estamos tratando neste artigo: <\/h3>\n<p><iframe title=\"YouTube video player\" src=\"\" width=\"560\" height=\"315\" frameborder=\"0\" allowfullscreen=\"allowfullscreen\"><\/iframe><\/p>\n<p>Incorporar pe\u00e7as vintage na decora\u00e7\u00e3o \u00e9 uma maneira de contar hist\u00f3rias. <b>Esses itens trazem um charme especial<\/b> e podem ser o ponto focal de uma sala moderna. Um sof\u00e1 antigo, uma mesa de centro de madeira escura ou uma poltrona de design cl\u00e1ssico podem se misturar a elementos contempor\u00e2neos, criando um contraste que \u00e9 ao mesmo tempo elegante e acolhedor. A hist\u00f3ria por tr\u00e1s de cada pe\u00e7a pode ser um \u00f3timo assunto para conversas entre amigos e familiares.<\/p>\n<h3>Espa\u00e7os de conforto: mais que um lugar para sentar<\/h3>\n<p>Com a mudan\u00e7a dos h\u00e1bitos familiares, a sala de estar deixou de ser apenas um espa\u00e7o para assistir TV. <b>Hoje, ela pode ser um ref\u00fagio de conforto<\/b>. Um chaise longue ou uma poltrona reclin\u00e1vel podem ser \u00f3timas adi\u00e7\u00f5es para quem gosta de ler ou relaxar. Criar um cantinho aconchegante com uma boa ilumina\u00e7\u00e3o e algumas plantas pode transformar a sala em um verdadeiro o\u00e1sis de tranquilidade.<\/p>\n<h3>O poder da mistura de estilos<\/h3>\n<p>N\u00e3o tenha medo de misturar estilos diferentes. <b>A diversidade \u00e9 a chave para uma decora\u00e7\u00e3o moderna<\/b>. Combinar elementos r\u00fasticos com toques industriais ou contempor\u00e2neos pode resultar em um ambiente \u00fanico e cheio de personalidade. A ideia \u00e9 que cada pe\u00e7a conte uma parte da hist\u00f3ria do espa\u00e7o, refletindo as experi\u00eancias e gostos de quem vive ali. Essa mistura n\u00e3o s\u00f3 enriquece a decora\u00e7\u00e3o, mas tamb\u00e9m a torna mais interessante e acolhedora.<\/p>\n<h2>Conclus\u00e3o<\/h2>\n<p>Em suma, criar uma sala moderna \u00e9 uma quest\u00e3o de ousadia e criatividade. <b>Ao se afastar do convencional<\/b> e explorar novas possibilidades, \u00e9 poss\u00edvel transformar o ambiente em um espa\u00e7o que realmente represente quem voc\u00ea \u00e9. Seja atrav\u00e9s da mistura de estilos, da escolha de m\u00f3veis multifuncionais ou da adi\u00e7\u00e3o de pe\u00e7as vintage, o importante \u00e9 que a decora\u00e7\u00e3o seja uma extens\u00e3o da sua personalidade. Portanto, n\u00e3o tenha medo de arriscar e deixar a sua marca na sua sala de estar!<\/p>\n<p>Pontos principais do artigo:<\/p>\n<ul>\n<li>Uma sala moderna reflete a personalidade de quem a habita.<\/li>\n<li>Texturas e cores s\u00e3o fundamentais para criar um ambiente din\u00e2mico.<\/li>\n<li>Em espa\u00e7os menores, m\u00f3veis multifuncionais s\u00e3o essenciais.<\/li>\n<li>Pe\u00e7as vintage trazem charme e hist\u00f3ria \u00e0 decora\u00e7\u00e3o.<\/li>\n<li>Espa\u00e7os de conforto s\u00e3o importantes para o bem-estar.<\/li>\n<li>A mistura de estilos enriquece a decora\u00e7\u00e3o e a torna \u00fanica.<\/li>\n<\/ul>\n","protected":false},"excerpt":{"rendered":"<p>Transformar a sala de estar em um espa\u00e7o moderno e acolhedor \u00e9 mais f\u00e1cil do que parece. Ao se afastar da combina\u00e7\u00e3o tradicional de sof\u00e1, poltronas e mesa de centro, \u00e9 poss\u00edvel criar um ambiente que reflete a personalidade e o estilo de vida de quem habita o espa\u00e7o. O que \u00e9 uma sala moderna? [&hellip;]<\/p>\n","protected":false},"author":102,"featured_media":138312,"comment_status":"closed","ping_status":"closed","sticky":false,"template":"","format":"standard","meta":{"footnotes":""},"categories":[249,19127],"tags":[],"class_list":["post-138313","post","type-post","status-publish","format-standard","has-post-thumbnail","category-engenharia-e-construcao-civil","category-reforma-e-manutencao"],"_wp_attached_file":null,"_wp_attachment_metadata":null,"_wp_attachment_context":null,"_wp_attachment_is_custom_header":null,"geo_longitude":null,"geo_public":null,"geo_latitude":null,"_publicize_done_external":null,"_wpas_done_3897181":null,"publicize_twitter_user":null,"_wpas_done_3897175":null,"_wpas_skip_3897181":null,"_wpas_skip_3897175":null,"_wpas_skip_3924723":null,"_wpas_mess":null,"_wpas_done_3924723":null,"wps_subtitle":"","_links":{"self":[{"href":"https:\/\/www.aarquiteta.com.br\/blog\/wp-json\/wp\/v2\/posts\/138313","targetHints":{"allow":["GET"]}}],"collection":[{"href":"https:\/\/www.aarquiteta.com.br\/blog\/wp-json\/wp\/v2\/posts"}],"about":[{"href":"https:\/\/www.aarquiteta.com.br\/blog\/wp-json\/wp\/v2\/types\/post"}],"author":[{"embeddable":true,"href":"https:\/\/www.aarquiteta.com.br\/blog\/wp-json\/wp\/v2\/users\/102"}],"replies":[{"embeddable":true,"href":"https:\/\/www.aarquiteta.com.br\/blog\/wp-json\/wp\/v2\/comments?post=138313"}],"version-history":[{"count":0,"href":"https:\/\/www.aarquiteta.com.br\/blog\/wp-json\/wp\/v2\/posts\/138313\/revisions"}],"wp:featuredmedia":[{"embeddable":true,"href":"https:\/\/www.aarquiteta.com.br\/blog\/wp-json\/wp\/v2\/media\/138312"}],"wp:attachment":[{"href":"https:\/\/www.aarquiteta.com.br\/blog\/wp-json\/wp\/v2\/media?parent=138313"}],"wp:term":[{"taxonomy":"category","embeddable":true,"href":"https:\/\/www.aarquiteta.com.br\/blog\/wp-json\/wp\/v2\/categories?post=138313"},{"taxonomy":"post_tag","embeddable":true,"href":"https:\/\/www.aarquiteta.com.br\/blog\/wp-json\/wp\/v2\/tags?post=138313"}],"curies":[{"name":"wp","href":"https:\/\/api.w.org\/{rel}","templated":true}]}}