{"id":138293,"date":"2024-12-21T13:51:37","date_gmt":"2024-12-21T16:51:37","guid":{"rendered":"https:\/\/www.aarquiteta.com.br\/blog\/tons-pasteis-fundo-liso-amarelo-claro\/"},"modified":"2024-12-21T13:51:37","modified_gmt":"2024-12-21T16:51:37","slug":"tons-pasteis-fundo-liso-amarelo-claro","status":"publish","type":"post","link":"https:\/\/www.aarquiteta.com.br\/blog\/tons-pasteis-fundo-liso-amarelo-claro\/","title":{"rendered":"Tons Past\u00e9is com Fundo Liso Amarelo Claro: Suavidade e Eleg\u00e2ncia na Decora\u00e7\u00e3o"},"content":{"rendered":"<p><body><\/p>\n<p>Descubra como os tons past\u00e9is combinados com um fundo liso amarelo claro podem transformar sua decora\u00e7\u00e3o, trazendo suavidade e eleg\u00e2ncia para qualquer ambiente.<\/p>\n<h2>Destaques principais<\/h2>\n<ul>\n<li><b>A Import\u00e2ncia das Cores:<\/b> As cores t\u00eam um impacto significativo no nosso humor e na percep\u00e7\u00e3o dos ambientes.<\/li>\n<li><b>Tons Past\u00e9is:<\/b> Esses tons s\u00e3o vers\u00e1teis e podem ser combinados de diversas maneiras para criar um espa\u00e7o acolhedor.<\/li>\n<li><b>Amarelo Claro:<\/b> Este fundo ilumina e complementa os tons past\u00e9is, criando uma atmosfera leve e alegre.<\/li>\n<\/ul>\n<h2>1. A Import\u00e2ncia das Cores na Decora\u00e7\u00e3o<\/h2>\n<h3>1.1 Como as Cores Afetam o Humor<\/h3>\n<figure style=\"width: 1024px\" class=\"wp-caption aligncenter\"><img decoding=\"async\" src=\"https:\/\/www.aarquiteta.com.br\/blog\/wp-content\/uploads\/2024\/12\/tons-pasteis-fundo-liso-amarelo-claro04.jpg\" alt=\"Tons Past\u00e9is com Fundo Liso Amarelo Claro: Suavidade e Eleg\u00e2ncia na Decora\u00e7\u00e3o\" width=\"1024\" height=\"1024\" title=\"\"><figcaption class=\"wp-caption-text\">Tons Past\u00e9is com Fundo Liso Amarelo Claro: Suavidade e Eleg\u00e2ncia na Decora\u00e7\u00e3o<\/figcaption><\/figure>\n<p>As cores t\u00eam um papel fundamental na <b>percep\u00e7\u00e3o emocional<\/b> dos ambientes. Por exemplo, o azul pode transmitir calma, enquanto o vermelho pode evocar energia. Ao escolher as cores para a decora\u00e7\u00e3o, \u00e9 essencial considerar como elas influenciam o nosso estado de esp\u00edrito.<\/p>\n<h3>1.2 A Psicologia das Cores<\/h3>\n<figure style=\"width: 1024px\" class=\"wp-caption aligncenter\"><img decoding=\"async\" src=\"https:\/\/www.aarquiteta.com.br\/blog\/wp-content\/uploads\/2024\/12\/tons-pasteis-fundo-liso-amarelo-claro03.jpg\" alt=\"Tons Past\u00e9is com Fundo Liso Amarelo Claro: Suavidade e Eleg\u00e2ncia na Decora\u00e7\u00e3o\" width=\"1024\" height=\"1024\" title=\"\"><figcaption class=\"wp-caption-text\">Tons Past\u00e9is com Fundo Liso Amarelo Claro: Suavidade e Eleg\u00e2ncia na Decora\u00e7\u00e3o<\/figcaption><\/figure>\n<p>A psicologia das cores \u00e9 um campo fascinante que estuda como as cores afetam nossas emo\u00e7\u00f5es e comportamentos. Cores como o verde e o azul s\u00e3o frequentemente associadas \u00e0 tranquilidade, enquanto os tons quentes, como o amarelo e o laranja, podem estimular a criatividade e a alegria.<\/p>\n<h2>2. Tons Past\u00e9is: O Que S\u00e3o e Como Us\u00e1-los<\/h2>\n<h3>2.1 Defini\u00e7\u00e3o de Tons Past\u00e9is<\/h3>\n<figure style=\"width: 1024px\" class=\"wp-caption aligncenter\"><img decoding=\"async\" src=\"https:\/\/www.aarquiteta.com.br\/blog\/wp-content\/uploads\/2024\/12\/tons-pasteis-fundo-liso-amarelo-claro02.jpg\" alt=\"Tons Past\u00e9is com Fundo Liso Amarelo Claro: Suavidade e Eleg\u00e2ncia na Decora\u00e7\u00e3o\" width=\"1024\" height=\"1024\" title=\"\"><figcaption class=\"wp-caption-text\">Tons Past\u00e9is com Fundo Liso Amarelo Claro: Suavidade e Eleg\u00e2ncia na Decora\u00e7\u00e3o<\/figcaption><\/figure>\n<p>Os <b>tons past\u00e9is<\/b> s\u00e3o cores suaves e claras, que transmitem uma sensa\u00e7\u00e3o de leveza e tranquilidade. Eles s\u00e3o ideais para criar ambientes acolhedores e relaxantes, sendo perfeitos para qualquer espa\u00e7o da casa.<\/p>\n<h3>2.2 Combina\u00e7\u00f5es de Cores com Tons Past\u00e9is<\/h3>\n<figure style=\"width: 1024px\" class=\"wp-caption aligncenter\"><img decoding=\"async\" src=\"https:\/\/www.aarquiteta.com.br\/blog\/wp-content\/uploads\/2024\/12\/tons-pasteis-fundo-liso-amarelo-claro01.jpg\" alt=\"Tons Past\u00e9is com Fundo Liso Amarelo Claro: Suavidade e Eleg\u00e2ncia na Decora\u00e7\u00e3o\" width=\"1024\" height=\"1024\" title=\"\"><figcaption class=\"wp-caption-text\">Tons Past\u00e9is com Fundo Liso Amarelo Claro: Suavidade e Eleg\u00e2ncia na Decora\u00e7\u00e3o<\/figcaption><\/figure>\n<p>Combinar tons past\u00e9is com outras cores pode resultar em decora\u00e7\u00f5es incr\u00edveis. Por exemplo, o rosa claro pode ser combinado com um verde menta, criando um ambiente fresco e harmonioso. Al\u00e9m disso, o uso de um fundo amarelo claro real\u00e7a ainda mais a beleza dos tons past\u00e9is.<\/p>\n<h2>3. O Amarelo Claro como Fundo Ideal<\/h2>\n<h3>3.1 Caracter\u00edsticas do Amarelo Claro<\/h3>\n<p style=\"text-align: center;\">[amazon table=&#8221;88669&#8243;]\n<p>O <b>amarelo claro<\/b> \u00e9 uma cor que remete \u00e0 luz do sol e \u00e0 alegria. Ele \u00e9 perfeito para ambientes que precisam de um toque de luminosidade e calor. Al\u00e9m disso, essa cor \u00e9 bastante vers\u00e1til e combina bem com uma variedade de tons past\u00e9is.<\/p>\n<h3>3.2 Como o Amarelo Claro Complementa Tons Past\u00e9is<\/h3>\n<h3>Assista agora a minha recomenda\u00e7\u00e3o de video abaixo sobre o tema que estamos tratando neste artigo: <\/h3>\n<p><div class=\"youtube-embed\" data-video_id=\"2mKQIjSankM\"><iframe title=\"Cores em Tons Past\u00e9is para Ambientes mais Calmos e Aconchegantes\" width=\"696\" height=\"392\" src=\"https:\/\/www.youtube.com\/embed\/2mKQIjSankM?feature=oembed&#038;enablejsapi=1\" frameborder=\"0\" allow=\"accelerometer; autoplay; clipboard-write; encrypted-media; gyroscope; picture-in-picture; web-share\" referrerpolicy=\"strict-origin-when-cross-origin\" allowfullscreen><\/iframe><\/div>\n<\/p>\n<p>Quando usado como fundo, o amarelo claro <b>real\u00e7a<\/b> a suavidade dos tons past\u00e9is, criando um contraste agrad\u00e1vel e equilibrado. Essa combina\u00e7\u00e3o \u00e9 ideal para quem busca um ambiente leve e acolhedor, perfeito para relaxar e receber amigos.<\/p>\n<h2>4. Sugest\u00f5es de Ambientes para Usar Tons Past\u00e9is com Amarelo Claro<\/h2>\n<h3>4.1 Sala de Estar<\/h3>\n<p>A sala de estar \u00e9 o cora\u00e7\u00e3o da casa. Usar tons past\u00e9is nas paredes e um fundo amarelo claro pode criar um espa\u00e7o convidativo e alegre. Adicione almofadas e quadros com essas cores para um toque extra de charme.<\/p>\n<h3>4.2 Quarto<\/h3>\n<p>No quarto, a combina\u00e7\u00e3o de tons past\u00e9is e amarelo claro pode resultar em um ambiente <b>tranquilo<\/b> e relaxante. Considere usar roupas de cama em tons suaves e cortinas amarelas para um efeito harmonioso.<\/p>\n<h3>4.3 Escrit\u00f3rio<\/h3>\n<p>Um escrit\u00f3rio decorado com tons past\u00e9is e amarelo claro pode estimular a <b>criatividade<\/b> e a produtividade. Pinte as paredes de amarelo claro e adicione m\u00f3veis em tons past\u00e9is para um espa\u00e7o inspirador.<\/p>\n<h2>5. Dicas Pr\u00e1ticas para Decorar com Tons Past\u00e9is e Amarelo Claro<\/h2>\n<h3>5.1 Escolha de M\u00f3veis e Acess\u00f3rios<\/h3>\n<p>Ao escolher m\u00f3veis, opte por pe\u00e7as em tons past\u00e9is que complementem o fundo amarelo claro. <b>Acess\u00f3rios<\/b> como quadros, vasos e almofadas tamb\u00e9m devem seguir essa paleta de cores para manter a harmonia do ambiente.<\/p>\n<h3>5.2 Ilumina\u00e7\u00e3o e Texturas<\/h3>\n<p>A ilumina\u00e7\u00e3o \u00e9 crucial na decora\u00e7\u00e3o. Luzes quentes podem real\u00e7ar a suavidade dos tons past\u00e9is e do amarelo claro. Al\u00e9m disso, brincar com <b>texturas<\/b> diferentes, como tecidos e acabamentos, pode adicionar profundidade ao espa\u00e7o.<\/p>\n<h2>6. Tend\u00eancias de Decora\u00e7\u00e3o com Tons Past\u00e9is e Amarelo Claro<\/h2>\n<h3>6.1 Estilos de Decora\u00e7\u00e3o em Alta<\/h3>\n<p><\/body><\/p>\n","protected":false},"excerpt":{"rendered":"<p>Descubra como os tons past\u00e9is sobre um fundo liso amarelo claro podem criar ambientes suaves, iluminados e acolhedores. Confira dicas de combina\u00e7\u00e3o e inspire-se para renovar seu espa\u00e7o com delicadeza e estilo.<\/p>\n","protected":false},"author":102,"featured_media":138290,"comment_status":"closed","ping_status":"closed","sticky":false,"template":"","format":"standard","meta":{"footnotes":""},"categories":[1484,971,18792,18794],"tags":[],"class_list":["post-138293","post","type-post","status-publish","format-standard","has-post-thumbnail","category-decoracao","category-design-de-interiores","category-decoracao-de-apartamento","category-projetos-de-decoracao-de-casas"],"_wp_attached_file":null,"_wp_attachment_metadata":null,"_wp_attachment_context":null,"_wp_attachment_is_custom_header":null,"geo_longitude":null,"geo_public":null,"geo_latitude":null,"_publicize_done_external":null,"_wpas_done_3897181":null,"publicize_twitter_user":null,"_wpas_done_3897175":null,"_wpas_skip_3897181":null,"_wpas_skip_3897175":null,"_wpas_skip_3924723":null,"_wpas_mess":null,"_wpas_done_3924723":null,"wps_subtitle":"","_links":{"self":[{"href":"https:\/\/www.aarquiteta.com.br\/blog\/wp-json\/wp\/v2\/posts\/138293","targetHints":{"allow":["GET"]}}],"collection":[{"href":"https:\/\/www.aarquiteta.com.br\/blog\/wp-json\/wp\/v2\/posts"}],"about":[{"href":"https:\/\/www.aarquiteta.com.br\/blog\/wp-json\/wp\/v2\/types\/post"}],"author":[{"embeddable":true,"href":"https:\/\/www.aarquiteta.com.br\/blog\/wp-json\/wp\/v2\/users\/102"}],"replies":[{"embeddable":true,"href":"https:\/\/www.aarquiteta.com.br\/blog\/wp-json\/wp\/v2\/comments?post=138293"}],"version-history":[{"count":0,"href":"https:\/\/www.aarquiteta.com.br\/blog\/wp-json\/wp\/v2\/posts\/138293\/revisions"}],"wp:featuredmedia":[{"embeddable":true,"href":"https:\/\/www.aarquiteta.com.br\/blog\/wp-json\/wp\/v2\/media\/138290"}],"wp:attachment":[{"href":"https:\/\/www.aarquiteta.com.br\/blog\/wp-json\/wp\/v2\/media?parent=138293"}],"wp:term":[{"taxonomy":"category","embeddable":true,"href":"https:\/\/www.aarquiteta.com.br\/blog\/wp-json\/wp\/v2\/categories?post=138293"},{"taxonomy":"post_tag","embeddable":true,"href":"https:\/\/www.aarquiteta.com.br\/blog\/wp-json\/wp\/v2\/tags?post=138293"}],"curies":[{"name":"wp","href":"https:\/\/api.w.org\/{rel}","templated":true}]}}