{"id":138285,"date":"2024-12-21T10:38:43","date_gmt":"2024-12-21T13:38:43","guid":{"rendered":"https:\/\/www.aarquiteta.com.br\/blog\/cor-camurca\/"},"modified":"2024-12-21T10:38:43","modified_gmt":"2024-12-21T13:38:43","slug":"cor-camurca","status":"publish","type":"post","link":"https:\/\/www.aarquiteta.com.br\/blog\/cor-camurca\/","title":{"rendered":"Como usar a cor camur\u00e7a de forma atemporal na decora\u00e7\u00e3o 10."},"content":{"rendered":"<p><body><\/p>\n<p>Se voc\u00ea procura uma cor que traga <b>harmonia e eleg\u00e2ncia<\/b> para sua decora\u00e7\u00e3o, a camur\u00e7a \u00e9 a escolha ideal. Com sua tonalidade neutra, ela se adapta a diferentes estilos e combina\u00e7\u00f5es, transformando qualquer ambiente em um espa\u00e7o acolhedor e atemporal.<\/p>\n<h2>Principais T\u00f3picos a Serem Explorados<\/h2>\n<ul>\n<li><b>Defini\u00e7\u00e3o da cor camur\u00e7a:<\/b> Entenda o que caracteriza essa tonalidade e suas origens.<\/li>\n<li><b>Raz\u00f5es para sua atemporalidade:<\/b> Descubra como a camur\u00e7a se torna uma op\u00e7\u00e3o perene na decora\u00e7\u00e3o.<\/li>\n<li><b>Aplica\u00e7\u00f5es na decora\u00e7\u00e3o:<\/b> Aprenda a usar a cor camur\u00e7a em paredes, m\u00f3veis e outros elementos.<\/li>\n<li><b>Combina\u00e7\u00f5es de cores:<\/b> Veja como a camur\u00e7a se harmoniza com outras tonalidades.<\/li>\n<li><b>Ambientes que se beneficiam:<\/b> Conhe\u00e7a os espa\u00e7os que mais se destacam com essa cor.<\/li>\n<li><b>Dicas para uma decora\u00e7\u00e3o harm\u00f4nica:<\/b> Descubra estrat\u00e9gias para alcan\u00e7ar um resultado equilibrado.<\/li>\n<\/ul>\n<h2>O que \u00e9 a cor camur\u00e7a?<\/h2>\n<p>A <b>cor camur\u00e7a<\/b> \u00e9 uma combina\u00e7\u00e3o encantadora de tons marrons e acinzentados, semelhante \u00e0 pelagem de alguns animais, originando-se de sua textura nobre. Essa tonalidade traz uma sensa\u00e7\u00e3o \u00fanica de conforto, evocando a ideia de um abra\u00e7o quente em uma tarde chuvosa. Sua versatilidade permite que ela seja utilizada em diversas situa\u00e7\u00f5es, tanto em paredes quanto em mobili\u00e1rio e acess\u00f3rios decorativos, oferecendo um toque sofisticado.<\/p>\n<h2>Por que a cor camur\u00e7a \u00e9 atemporal?<\/h2>\n<p>Uma das grandes vantagens da <b>cor camur\u00e7a<\/b> \u00e9 sua natureza atemporal:<\/p>\n<h3>1. A cor camur\u00e7a \u00e9 neutra<\/h3>\n<figure style=\"width: 1024px\" class=\"wp-caption aligncenter\"><img decoding=\"async\" src=\"https:\/\/www.aarquiteta.com.br\/blog\/wp-content\/uploads\/2024\/12\/cor-camurca-2-730x913.jpg\" alt=\"Foto de cor camurca\" title=\"\"><figcaption class=\"wp-caption-text\">Foto de cor camurca<\/figcaption><\/figure>\n<p>Por ser uma <b>tonalidade neutra<\/b>, a camur\u00e7a se adapta facilmente a qualquer paleta de cores. Isso a torna uma aliada na hora de criar ambientes que verdadeiramente refletem nossa personalidade.<\/p>\n<h3>2. Um curinga na decora\u00e7\u00e3o<\/h3>\n<figure style=\"width: 1024px\" class=\"wp-caption aligncenter\"><img decoding=\"async\" src=\"https:\/\/www.aarquiteta.com.br\/blog\/wp-content\/uploads\/2024\/12\/cor-camurca01.jpg\" alt=\"Como usar a cor camur\u00e7a de forma atemporal na decora\u00e7\u00e3o\" width=\"1024\" height=\"1024\" title=\"\"><figcaption class=\"wp-caption-text\">Como usar a cor camur\u00e7a de forma atemporal na decora\u00e7\u00e3o<\/figcaption><\/figure>\n<p>Cabelo bagun\u00e7ado, roupas em dias de folga e a cor camur\u00e7a: alguns elementos nunca saem de moda! Ao us\u00e1-la, voc\u00ea pode brincar com diversas combina\u00e7\u00f5es, sendo um verdadeiro curinga na sua paleta.<\/p>\n<h3>3. Ideal para ambientes que desejam longevidade no estilo<\/h3>\n<figure style=\"width: 1024px\" class=\"wp-caption aligncenter\"><img decoding=\"async\" src=\"https:\/\/www.aarquiteta.com.br\/blog\/wp-content\/uploads\/2024\/12\/cor-camurca-00.png\" alt=\"Foto de cor camurca\" title=\"\"><figcaption class=\"wp-caption-text\">Foto de cor camurca<\/figcaption><\/figure>\n<p>Ifinitivamente, a camur\u00e7a n\u00e3o se restringe a uma esta\u00e7\u00e3o ou estilo. Sua <b>perenidade<\/b> garante que os espa\u00e7os criados permanecer\u00e3o relevantes e elegantes ao longo dos anos, evitando gastos desnecess\u00e1rios com reformas.<\/p>\n<h2>Como usar a cor camur\u00e7a na decora\u00e7\u00e3o<\/h2>\n<h3>1. Aplica\u00e7\u00e3o em paredes<\/h3>\n<figure style=\"width: 1024px\" class=\"wp-caption aligncenter\"><img decoding=\"async\" src=\"https:\/\/www.aarquiteta.com.br\/blog\/wp-content\/uploads\/2024\/12\/cor-camurca02.jpg\" alt=\"Como usar a cor camur\u00e7a de forma atemporal na decora\u00e7\u00e3o\" width=\"1024\" height=\"1024\" title=\"\"><figcaption class=\"wp-caption-text\">Como usar a cor camur\u00e7a de forma atemporal na decora\u00e7\u00e3o<\/figcaption><\/figure>\n<p>Uma maneira fant\u00e1stica de incluir a cor camur\u00e7a na sua casa \u00e9 pintando as paredes. Ao escolher esse tom, voc\u00ea garante um ambiente <b>acalorador<\/b> e convidativo. Imagine entrar em um espa\u00e7o onde tudo parece abra\u00e7\u00e1-lo e onde a tranquilidade reina. A escolha de uma parede de destaque em camur\u00e7a pode fazer toda a diferen\u00e7a.<\/p>\n<h3>2. M\u00f3veis em tons camur\u00e7a<\/h3>\n<figure style=\"width: 1024px\" class=\"wp-caption aligncenter\"><img decoding=\"async\" src=\"https:\/\/www.aarquiteta.com.br\/blog\/wp-content\/uploads\/2024\/12\/cor-camurca-1-730x449.png\" alt=\"Foto de quarto minimalista\" title=\"\"><figcaption class=\"wp-caption-text\">Foto de quarto minimalista<\/figcaption><\/figure>\n<p>Ao selecionar m\u00f3veis nesta cor, voc\u00ea n\u00e3o apenas adiciona um toque de classe ao seu espa\u00e7o, mas tamb\u00e9m possibilita uma maior <b>harmoniza\u00e7\u00e3o<\/b> com outros tons. Vaidoso, mas sem exageros, o camur\u00e7a traz um ar de sofistica\u00e7\u00e3o e modernidade.<\/p>\n<h3>3. Complementos decorativos<\/h3>\n<figure style=\"width: 1024px\" class=\"wp-caption aligncenter\"><img decoding=\"async\" src=\"https:\/\/www.aarquiteta.com.br\/blog\/wp-content\/uploads\/2024\/12\/cor-camurca03.jpg\" alt=\"Como usar a cor camur\u00e7a de forma atemporal na decora\u00e7\u00e3o\" width=\"1024\" height=\"1024\" title=\"\"><figcaption class=\"wp-caption-text\">Como usar a cor camur\u00e7a de forma atemporal na decora\u00e7\u00e3o<\/figcaption><\/figure>\n<p>N\u00e3o podemos esquecer dos detalhes! Use almofadas, quadros e objetos decorativos em camur\u00e7a. Eles s\u00e3o como as cerejas do bolo, complementando a atmosfera desejada e oferecendo <b>interatividade<\/b> visual.<\/p>\n<h2>Combina\u00e7\u00f5es de cores com camur\u00e7a<\/h2>\n<h3>1. Tonalidades amadeiradas<\/h3>\n<figure style=\"width: 1024px\" class=\"wp-caption aligncenter\"><img decoding=\"async\" src=\"https:\/\/www.aarquiteta.com.br\/blog\/wp-content\/uploads\/2024\/12\/quarto-minimalista-00-286x160.jpg\" alt=\"Foto de quarto cinza e rosa\" title=\"\"><figcaption class=\"wp-caption-text\">Foto de quarto cinza e rosa<\/figcaption><\/figure>\n<p>Combinar a cor camur\u00e7a com <b>madeiras naturais<\/b> \u00e9 uma das rela\u00e7\u00f5es mais harmoniosas que existe. O calor da madeira aliado \u00e0 neutralidade do camur\u00e7a cria um ambiente acolhedor, que remete \u00e0 natureza e \u00e0 tranquilidade.<\/p>\n<h3>2. Azul e cinza<\/h3>\n<figure style=\"width: 1024px\" class=\"wp-caption aligncenter\"><img decoding=\"async\" src=\"https:\/\/www.aarquiteta.com.br\/blog\/wp-content\/uploads\/2024\/12\/cor-camurca4.jpg\" alt=\"Como usar a cor camur\u00e7a de forma atemporal na decora\u00e7\u00e3o\" width=\"1024\" height=\"1024\" title=\"\"><figcaption class=\"wp-caption-text\">Como usar a cor camur\u00e7a de forma atemporal na decora\u00e7\u00e3o<\/figcaption><\/figure>\n<p>Essas tonalidades frias contrastam perfeitamente com a camur\u00e7a, resultando em uma <b>composi\u00e7\u00e3o equilibrada<\/b> que transmite modernidade. Uma sala de estar pode ficar incrivelmente elegante com essa combina\u00e7\u00e3o.<\/p>\n<h3>3. Verde e outros tons naturais<\/h3>\n<figure style=\"width: 1024px\" class=\"wp-caption aligncenter\"><img decoding=\"async\" src=\"https:\/\/www.aarquiteta.com.br\/blog\/wp-content\/uploads\/2024\/12\/quarto-cinza-e-rosa-00-286x160.jpg\" alt=\"Foto de sofa curvo\" title=\"\"><figcaption class=\"wp-caption-text\">Foto de sofa curvo<\/figcaption><\/figure>\n<p>Incorporar o verde em combina\u00e7\u00e3o com a cor camur\u00e7a traz elementos da natureza para dentro de casa. Combine folhagens e elementos naturais, criando um <b>ref\u00fagio verde<\/b> em sua resid\u00eancia, perfeito para relaxar.<\/p>\n<h2>Ambientes que se beneficiam da cor camur\u00e7a<\/h2>\n<h3>1. Home Office<\/h3>\n<h3>Para se aprofundar mais sobre o tema, veja a minha recomenda\u00e7\u00e3o sobre o tema deste artigo no v\u00eddeo a seguir abaixo:<\/h3>\n<p><iframe title=\"YouTube video player\" src=\"https:\/\/www.youtube.com\/embed\/UV0yfCmeFj8\" width=\"560\" height=\"315\" frameborder=\"0\" allowfullscreen=\"allowfullscreen\"><\/iframe><\/p>\n<p>Trabalhar em um ambiente em tons de camur\u00e7a proporciona uma atmosfera <b>serena<\/b> e focada. Essa cor favorece a produtividade, tornando o espa\u00e7o perfeito para reuni\u00f5es e momentos de reflex\u00e3o.<\/p>\n<h3>2. Quartos aconchegantes<\/h3>\n<figure style=\"width: 1024px\" class=\"wp-caption aligncenter\"><img decoding=\"async\" src=\"https:\/\/www.aarquiteta.com.br\/blog\/wp-content\/uploads\/2024\/12\/sofa-curvo-000-286x160.jpg\" alt=\"Foto de cor camurca\" title=\"\"><figcaption class=\"wp-caption-text\">Foto de cor camurca<\/figcaption><\/figure>\n<p>Ao aplicar a camur\u00e7a nos quartos, voc\u00ea favorece uma atmosfera que proporciona um sono reparador e um abrigo de paz ap\u00f3s um dia cheio.<\/p>\n<h3>3. Espa\u00e7os abertos e de conviv\u00eancia<\/h3>\n<p>Em ambientes amplos, o uso do camur\u00e7a ajuda a criar uma sensa\u00e7\u00e3o de unidade, fazendo com que as pessoas se sintam <b>acolhidas<\/b> e confort\u00e1veis, promovendo intera\u00e7\u00f5es agrad\u00e1veis.<\/p>\n<h2>Dicas para uma decora\u00e7\u00e3o harm\u00f4nica<\/h2>\n<h3>1. Planejamento e dosagem de cores<\/h3>\n<p>Tenha em mente que o equil\u00edbrio \u00e9 fundamental! Misturar o camur\u00e7a com outras cores deve ser feito de maneira cuidadosa. As doses certas garantem um resultado harm\u00f4nico e agrad\u00e1vel.<\/p>\n<h3>2. Consulta a profissionais de design<\/h3>\n<p>Se voc\u00ea se sente inseguro, n\u00e3o hesite em buscar ajuda de <b>profissionais<\/b>. Eles podem orientar na escolha das melhores combina\u00e7\u00f5es e na aplica\u00e7\u00e3o da cor camur\u00e7a de maneira que atenda \u00e0s suas expectativas.<\/p>\n<h3>3. Estar atento \u00e0 funcionalidade de cada ambiente<\/h3>\n<p><\/body><\/p>\n","protected":false},"excerpt":{"rendered":"<p>Descubra 70 ideias incr\u00edveis para usar a cor camur\u00e7a e ter uma decora\u00e7\u00e3o atemporal e harmoniosa.<\/p>\n","protected":false},"author":102,"featured_media":138278,"comment_status":"closed","ping_status":"closed","sticky":false,"template":"","format":"standard","meta":{"footnotes":""},"categories":[1484],"tags":[],"class_list":["post-138285","post","type-post","status-publish","format-standard","has-post-thumbnail","category-decoracao"],"_wp_attached_file":null,"_wp_attachment_metadata":null,"_wp_attachment_context":null,"_wp_attachment_is_custom_header":null,"geo_longitude":null,"geo_public":null,"geo_latitude":null,"_publicize_done_external":null,"_wpas_done_3897181":null,"publicize_twitter_user":null,"_wpas_done_3897175":null,"_wpas_skip_3897181":null,"_wpas_skip_3897175":null,"_wpas_skip_3924723":null,"_wpas_mess":null,"_wpas_done_3924723":null,"wps_subtitle":"","_links":{"self":[{"href":"https:\/\/www.aarquiteta.com.br\/blog\/wp-json\/wp\/v2\/posts\/138285","targetHints":{"allow":["GET"]}}],"collection":[{"href":"https:\/\/www.aarquiteta.com.br\/blog\/wp-json\/wp\/v2\/posts"}],"about":[{"href":"https:\/\/www.aarquiteta.com.br\/blog\/wp-json\/wp\/v2\/types\/post"}],"author":[{"embeddable":true,"href":"https:\/\/www.aarquiteta.com.br\/blog\/wp-json\/wp\/v2\/users\/102"}],"replies":[{"embeddable":true,"href":"https:\/\/www.aarquiteta.com.br\/blog\/wp-json\/wp\/v2\/comments?post=138285"}],"version-history":[{"count":0,"href":"https:\/\/www.aarquiteta.com.br\/blog\/wp-json\/wp\/v2\/posts\/138285\/revisions"}],"wp:featuredmedia":[{"embeddable":true,"href":"https:\/\/www.aarquiteta.com.br\/blog\/wp-json\/wp\/v2\/media\/138278"}],"wp:attachment":[{"href":"https:\/\/www.aarquiteta.com.br\/blog\/wp-json\/wp\/v2\/media?parent=138285"}],"wp:term":[{"taxonomy":"category","embeddable":true,"href":"https:\/\/www.aarquiteta.com.br\/blog\/wp-json\/wp\/v2\/categories?post=138285"},{"taxonomy":"post_tag","embeddable":true,"href":"https:\/\/www.aarquiteta.com.br\/blog\/wp-json\/wp\/v2\/tags?post=138285"}],"curies":[{"name":"wp","href":"https:\/\/api.w.org\/{rel}","templated":true}]}}