{"id":138249,"date":"2024-12-20T21:09:40","date_gmt":"2024-12-21T00:09:40","guid":{"rendered":"https:\/\/www.aarquiteta.com.br\/blog\/como-manter-a-produtividade-nos-estudos\/"},"modified":"2024-12-20T21:09:40","modified_gmt":"2024-12-21T00:09:40","slug":"como-manter-a-produtividade-nos-estudos","status":"publish","type":"post","link":"https:\/\/www.aarquiteta.com.br\/blog\/como-manter-a-produtividade-nos-estudos\/","title":{"rendered":"Descubra 7 dicas imperd\u00edveis para manter a produtividade nos estudos."},"content":{"rendered":"<p>Manter a produtividade nos estudos \u00e9 um desafio que muitos enfrentam, mas com as estrat\u00e9gias certas, \u00e9 poss\u00edvel otimizar o tempo e alcan\u00e7ar resultados incr\u00edveis. Neste artigo, vou compartilhar dicas valiosas sobre como gerenciar seu tempo de forma eficaz e aumentar sua produtividade nos estudos.<\/p>\n<h2>Como fazer uma boa gest\u00e3o do tempo?<\/h2>\n<p>Gerir o tempo \u00e9 como dan\u00e7ar uma valsa: \u00e9 preciso ritmo, pr\u00e1tica e, claro, um bom parceiro. Quando se trata de estudos, a gest\u00e3o do tempo \u00e9 fundamental. <b>Uma boa gest\u00e3o do tempo<\/b> n\u00e3o s\u00f3 ajuda a evitar a correria de \u00faltima hora, mas tamb\u00e9m proporciona um equil\u00edbrio saud\u00e1vel entre estudo, trabalho e lazer. Ent\u00e3o, como podemos fazer isso? Vamos explorar algumas t\u00e9cnicas e dicas que podem transformar sua rotina.<\/p>\n<h3>Planejamento eficaz do seu tempo<\/h3>\n<p>O planejamento \u00e9 a chave para o sucesso. Imagine que voc\u00ea est\u00e1 construindo uma casa: sem um bom projeto, tudo pode desmoronar. <b>Planejar seu dia<\/b> na noite anterior ou reservar blocos de tempo para tarefas espec\u00edficas pode fazer toda a diferen\u00e7a. \u00c9 importante ser realista; n\u00e3o adianta querer fazer uma tarefa que normalmente leva duas horas em apenas uma. A organiza\u00e7\u00e3o \u00e9 essencial, e isso pode incluir desde o uso de uma agenda f\u00edsica at\u00e9 a defini\u00e7\u00e3o de metas claras. Lembre-se, seu tempo \u00e9 precioso, ent\u00e3o aproveite-o ao m\u00e1ximo!<\/p>\n<h3>Estabelecimento de metas e defini\u00e7\u00e3o de objetivos<\/h3>\n<figure style=\"width: 1024px\" class=\"wp-caption aligncenter\"><img decoding=\"async\" src=\"https:\/\/www.aarquiteta.com.br\/blog\/wp-content\/uploads\/2024\/12\/capa-blogpost-3.jpg\" alt=\"Descubra 7 dicas imperd\u00edveis para manter a produtividade nos estudos.\" width=\"1024\" height=\"1024\" title=\"\"><figcaption class=\"wp-caption-text\">Fonte: <a href=\"https:\/\/blog.anhanguera.com\/como-manter-a-produtividade-nos-estudos\/\" target=\"_blank\" rel=\"noopener\">Blog anhanguera<\/a><\/figcaption><\/figure>\n<p>Definir metas \u00e9 como tra\u00e7ar um mapa para uma viagem. Sem um destino, voc\u00ea pode acabar se perdendo. <b>Ter objetivos claros<\/b> direciona seu foco e ajuda a designar o tempo de forma adequada. Reserve um momento para refletir sobre o que deseja alcan\u00e7ar e trace metas que sejam realistas e mensur\u00e1veis. Isso n\u00e3o s\u00f3 aumenta sua motiva\u00e7\u00e3o, mas tamb\u00e9m proporciona um senso de prop\u00f3sito em cada tarefa que voc\u00ea realiza.<\/p>\n<h3>Determina\u00e7\u00e3o de prioridades e urg\u00eancias<\/h3>\n<p>Uma vez que voc\u00ea tenha suas metas, \u00e9 hora de priorizar. Imagine que voc\u00ea est\u00e1 em um buffet: \u00e9 preciso escolher o que realmente deseja. <b>Identificar as tarefas urgentes<\/b> e aquelas que podem esperar \u00e9 crucial para aproveitar ao m\u00e1ximo seu tempo. Isso ajuda a evitar o estresse e a sobrecarga, permitindo que voc\u00ea se concentre no que realmente importa.<\/p>\n<h3>T\u00e9cnicas para aumentar a produtividade<\/h3>\n<p>Existem v\u00e1rias t\u00e9cnicas que podem impulsionar sua produtividade. Algumas pessoas acham \u00fatil fazer pausas regulares, enquanto outras preferem meditar. <b>Experimente diferentes abordagens<\/b> e veja o que funciona melhor para voc\u00ea. A t\u00e9cnica Pomodoro, por exemplo, \u00e9 uma \u00f3tima maneira de manter o foco: estude por 25 minutos e depois fa\u00e7a uma pausa de 5 minutos. Isso pode ajudar a manter sua mente fresca e alerta.<\/p>\n<h3>Como a gest\u00e3o do tempo impacta a produtividade?<\/h3>\n<p>A gest\u00e3o do tempo \u00e9 um verdadeiro aliado na busca pela produtividade. Quando bem administrado, o tempo pode ser um amigo que nos ajuda a alcan\u00e7ar nossas metas. <b>Uma boa gest\u00e3o do tempo<\/b> permite que voc\u00ea realize mais tarefas em menos tempo, aumentando sua capacidade de foco e concentra\u00e7\u00e3o. Em um mundo digital repleto de distra\u00e7\u00f5es, essa habilidade se torna ainda mais valiosa. Lembre-se, ser produtivo n\u00e3o significa trabalhar mais horas, mas sim trabalhar de forma mais inteligente.<\/p>\n<h3>Administra\u00e7\u00e3o eficaz do tempo nos estudos<\/h3>\n<p><iframe width=\"560\" height=\"315\" src=\"https:\/\/www.youtube.com\/embed\/WRZ4p1W4Pco\" title=\"YouTube video player\" frameborder=\"0\" allow=\"accelerometer; autoplay; clipboard-write; encrypted-media; gyroscope; picture-in-picture; web-share\" referrerpolicy=\"strict-origin-when-cross-origin\" allowfullscreen><\/iframe><\/p>\n<p>Alinhar suas metas pessoais com suas metas de estudo \u00e9 fundamental. Isso proporciona um sentimento de prop\u00f3sito e motiva\u00e7\u00e3o. <b>Utilizar ferramentas como o AVA (Ambiente Virtual de Aprendizagem)<\/b> da Anhanguera pode ser uma excelente maneira de otimizar sua jornada acad\u00eamica. Com acesso a materiais did\u00e1ticos, f\u00f3runs de discuss\u00e3o e acompanhamento personalizado, voc\u00ea pode potencializar seus estudos de forma eficiente. Al\u00e9m disso, a Anhanguera oferece o programa Amigo Vale Pr\u00eamio, onde voc\u00ea pode ganhar pr\u00eamios incr\u00edveis ao indicar amigos para estudar. N\u00e3o perca essa oportunidade!<\/p>\n<h2>Conclus\u00e3o<\/h2>\n<p>Em resumo, a gest\u00e3o do tempo \u00e9 um processo que envolve planejamento, defini\u00e7\u00e3o de metas, prioriza\u00e7\u00e3o e ado\u00e7\u00e3o de t\u00e9cnicas de produtividade. Ao seguir essas etapas, voc\u00ea estar\u00e1 no caminho certo para maximizar sua produtividade e alcan\u00e7ar suas metas de maneira mais eficiente. Lembre-se, o tempo \u00e9 um recurso valioso, e saber como us\u00e1-lo pode fazer toda a diferen\u00e7a na sua vida acad\u00eamica e profissional. Para mais dicas e informa\u00e7\u00f5es, acesse o conte\u00fado completo [aqui](https:\/\/www.anhanguera.com\/calouros?utm_source=blog&#038;utm_medium=post&#038;utm_campaign=como+manter+a+produtividade+nos+estudos).<\/p>\n","protected":false},"excerpt":{"rendered":"<p>Manter a produtividade nos estudos \u00e9 um desafio que muitos enfrentam, mas com as estrat\u00e9gias certas, \u00e9 poss\u00edvel otimizar o tempo e alcan\u00e7ar resultados incr\u00edveis. Neste artigo, vou compartilhar dicas valiosas sobre como gerenciar seu tempo de forma eficaz e aumentar sua produtividade nos estudos. Como fazer uma boa gest\u00e3o do tempo? Gerir o tempo [&hellip;]<\/p>\n","protected":false},"author":20,"featured_media":138248,"comment_status":"closed","ping_status":"closed","sticky":false,"template":"","format":"standard","meta":{"footnotes":""},"categories":[6,35497],"tags":[],"class_list":["post-138249","post","type-post","status-publish","format-standard","has-post-thumbnail","category-carreira-de-arquitetura","category-estudante"],"_wp_attached_file":null,"_wp_attachment_metadata":null,"_wp_attachment_context":null,"_wp_attachment_is_custom_header":null,"geo_longitude":null,"geo_public":null,"geo_latitude":null,"_publicize_done_external":null,"_wpas_done_3897181":null,"publicize_twitter_user":null,"_wpas_done_3897175":null,"_wpas_skip_3897181":null,"_wpas_skip_3897175":null,"_wpas_skip_3924723":null,"_wpas_mess":null,"_wpas_done_3924723":null,"wps_subtitle":"","_links":{"self":[{"href":"https:\/\/www.aarquiteta.com.br\/blog\/wp-json\/wp\/v2\/posts\/138249","targetHints":{"allow":["GET"]}}],"collection":[{"href":"https:\/\/www.aarquiteta.com.br\/blog\/wp-json\/wp\/v2\/posts"}],"about":[{"href":"https:\/\/www.aarquiteta.com.br\/blog\/wp-json\/wp\/v2\/types\/post"}],"author":[{"embeddable":true,"href":"https:\/\/www.aarquiteta.com.br\/blog\/wp-json\/wp\/v2\/users\/20"}],"replies":[{"embeddable":true,"href":"https:\/\/www.aarquiteta.com.br\/blog\/wp-json\/wp\/v2\/comments?post=138249"}],"version-history":[{"count":0,"href":"https:\/\/www.aarquiteta.com.br\/blog\/wp-json\/wp\/v2\/posts\/138249\/revisions"}],"wp:featuredmedia":[{"embeddable":true,"href":"https:\/\/www.aarquiteta.com.br\/blog\/wp-json\/wp\/v2\/media\/138248"}],"wp:attachment":[{"href":"https:\/\/www.aarquiteta.com.br\/blog\/wp-json\/wp\/v2\/media?parent=138249"}],"wp:term":[{"taxonomy":"category","embeddable":true,"href":"https:\/\/www.aarquiteta.com.br\/blog\/wp-json\/wp\/v2\/categories?post=138249"},{"taxonomy":"post_tag","embeddable":true,"href":"https:\/\/www.aarquiteta.com.br\/blog\/wp-json\/wp\/v2\/tags?post=138249"}],"curies":[{"name":"wp","href":"https:\/\/api.w.org\/{rel}","templated":true}]}}