{"id":138205,"date":"2024-12-20T13:03:23","date_gmt":"2024-12-20T16:03:23","guid":{"rendered":"https:\/\/www.aarquiteta.com.br\/blog\/fachadas-de-casas-terreas\/"},"modified":"2024-12-20T13:03:23","modified_gmt":"2024-12-20T16:03:23","slug":"fachadas-de-casas-terreas","status":"publish","type":"post","link":"https:\/\/www.aarquiteta.com.br\/blog\/fachadas-de-casas-terreas\/","title":{"rendered":"Fachadas de Casas T\u00e9rreas: Inspira\u00e7\u00f5es para Beleza e Funcionalidade"},"content":{"rendered":"<p><body><\/p>\n<p>As fachadas de casas t\u00e9rreas s\u00e3o a combina\u00e7\u00e3o perfeita entre est\u00e9tica e funcionalidade, refletindo a personalidade do lar e proporcionando um ambiente acolhedor. Neste artigo, vamos explorar ideias e tend\u00eancias que podem transformar a fachada da sua casa, unindo estilo e praticidade.<\/p>\n<h2>Destaques principais<\/h2>\n<ul>\n<li><b>A Import\u00e2ncia da Fachada:<\/b> A fachada \u00e9 a primeira impress\u00e3o que se tem de uma casa, e sua est\u00e9tica pode refletir o estilo e a personalidade dos moradores.<\/li>\n<li><b>Materiais e Cores:<\/b> A escolha dos materiais e das cores \u00e9 fundamental para valorizar a fachada, trazendo durabilidade e beleza ao mesmo tempo.<\/li>\n<li><b>Funcionalidade:<\/b> Elementos como portas, janelas e \u00e1reas de lazer devem ser pensados para garantir acessibilidade e conforto.<\/li>\n<\/ul>\n<h2>1. A Import\u00e2ncia da Fachada na Arquitetura<\/h2>\n<h3>1.1 O Papel da Fachada na Primeira Impress\u00e3o<\/h3>\n<figure style=\"width: 1024px\" class=\"wp-caption aligncenter\"><img decoding=\"async\" src=\"https:\/\/www.aarquiteta.com.br\/blog\/wp-content\/uploads\/2024\/12\/fachadas-de-casas-terreas04.jpg\" alt=\"Fachadas de Casas T\u00e9rreas: Inspira\u00e7\u00f5es para Beleza e Funcionalidade\" width=\"1024\" height=\"1024\" title=\"\"><figcaption class=\"wp-caption-text\">Fachadas de Casas T\u00e9rreas: Inspira\u00e7\u00f5es para Beleza e Funcionalidade<\/figcaption><\/figure>\n<p>A fachada \u00e9 o cart\u00e3o de visita da sua casa. Quando algu\u00e9m passa pela sua resid\u00eancia, a <b>primeira impress\u00e3o<\/b> \u00e9 formada em quest\u00e3o de segundos. Uma fachada bem projetada pode atrair olhares e elogios, enquanto uma fachada descuidada pode passar uma imagem negativa.<\/p>\n<h3>1.2 Estilo e Personalidade da Resid\u00eancia<\/h3>\n<figure style=\"width: 1024px\" class=\"wp-caption aligncenter\"><img decoding=\"async\" src=\"https:\/\/www.aarquiteta.com.br\/blog\/wp-content\/uploads\/2024\/12\/fachadas-de-casas-terreas03.jpg\" alt=\"Fachadas de Casas T\u00e9rreas: Inspira\u00e7\u00f5es para Beleza e Funcionalidade\" width=\"1024\" height=\"1024\" title=\"\"><figcaption class=\"wp-caption-text\">Fachadas de Casas T\u00e9rreas: Inspira\u00e7\u00f5es para Beleza e Funcionalidade<\/figcaption><\/figure>\n<p>Al\u00e9m de ser funcional, a fachada deve refletir a <b>personalidade<\/b> dos moradores. Se voc\u00ea \u00e9 uma pessoa mais cl\u00e1ssica, uma fachada com elementos tradicionais pode ser a escolha ideal. J\u00e1 se voc\u00ea prefere um estilo moderno, linhas retas e cores neutras podem ser mais adequadas.<\/p>\n<h2>2. Materiais Comuns em Fachadas de Casas T\u00e9rreas<\/h2>\n<h3>2.1 Madeira: Calidez e Sustentabilidade<\/h3>\n<figure style=\"width: 1024px\" class=\"wp-caption aligncenter\"><img decoding=\"async\" src=\"https:\/\/www.aarquiteta.com.br\/blog\/wp-content\/uploads\/2024\/12\/fachadas-de-casas-terreas02.jpg\" alt=\"Fachadas de Casas T\u00e9rreas: Inspira\u00e7\u00f5es para Beleza e Funcionalidade\" width=\"1024\" height=\"1024\" title=\"\"><figcaption class=\"wp-caption-text\">Fachadas de Casas T\u00e9rreas: Inspira\u00e7\u00f5es para Beleza e Funcionalidade<\/figcaption><\/figure>\n<p>A madeira \u00e9 um material que traz <b>calidez<\/b> e aconchego \u00e0 fachada. Al\u00e9m disso, \u00e9 uma op\u00e7\u00e3o sustent\u00e1vel, especialmente se voc\u00ea optar por madeiras de reflorestamento. A madeira pode ser utilizada em detalhes, como portas e janelas, ou at\u00e9 mesmo em revestimentos inteiros.<\/p>\n<h3>2.2 Pedras e Revestimentos: Durabilidade e Estilo<\/h3>\n<figure style=\"width: 1024px\" class=\"wp-caption aligncenter\"><img decoding=\"async\" src=\"https:\/\/www.aarquiteta.com.br\/blog\/wp-content\/uploads\/2024\/12\/fachadas-de-casas-terreas01.jpg\" alt=\"Fachadas de Casas T\u00e9rreas: Inspira\u00e7\u00f5es para Beleza e Funcionalidade\" width=\"1024\" height=\"1024\" title=\"\"><figcaption class=\"wp-caption-text\">Fachadas de Casas T\u00e9rreas: Inspira\u00e7\u00f5es para Beleza e Funcionalidade<\/figcaption><\/figure>\n<p>As pedras s\u00e3o sin\u00f4nimo de <b>durabilidade<\/b> e estilo. Elas podem ser usadas em fachadas r\u00fasticas ou modernas, dependendo do acabamento. Revestimentos como o grafiato ou a textura tamb\u00e9m s\u00e3o \u00f3timas op\u00e7\u00f5es para quem busca um visual diferenciado.<\/p>\n<h2>3. Cores e Acabamentos que Valorizam a Fachada<\/h2>\n<h3>3.1 Tend\u00eancias de Cores para 2023<\/h3>\n<p style=\"text-align: center;\">[amazon table=&#8221;90070&#8243;]\n<p>As cores t\u00eam o poder de transformar a apar\u00eancia de uma casa. Para 2023, as <b>tend\u00eancias<\/b> apontam para tons terrosos e past\u00e9is, que trazem uma sensa\u00e7\u00e3o de tranquilidade e harmonia. Cores mais vibrantes podem ser usadas em detalhes, como portas e janelas, para dar um toque de personalidade.<\/p>\n<h3>3.2 Acabamentos que Fazem a Diferen\u00e7a<\/h3>\n<h3>Assista agora a minha recomenda\u00e7\u00e3o de video abaixo sobre o tema que estamos tratando neste artigo: <\/h3>\n<p><div class=\"youtube-embed\" data-video_id=\"za9ekvV1mc8\"><iframe title=\"FACHADAS DE CASAS T\u00c9RREAS MODERNAS: 70 INSPIRA\u00c7\u00d5ES PARA VOC\u00ca!\" width=\"696\" height=\"392\" src=\"https:\/\/www.youtube.com\/embed\/za9ekvV1mc8?feature=oembed&#038;enablejsapi=1\" frameborder=\"0\" allow=\"accelerometer; autoplay; clipboard-write; encrypted-media; gyroscope; picture-in-picture; web-share\" referrerpolicy=\"strict-origin-when-cross-origin\" allowfullscreen><\/iframe><\/div>\n<\/p>\n<p>Os acabamentos s\u00e3o essenciais para garantir a <b>qualidade<\/b> e a durabilidade da fachada. Op\u00e7\u00f5es como pintura, textura e revestimentos cer\u00e2micos podem ser combinadas para criar um visual \u00fanico e atraente.<\/p>\n<h2>4. Elementos de Paisagismo para Complementar a Fachada<\/h2>\n<h3>4.1 Jardins e Plantas que Enriquecem o Visual<\/h3>\n<p>Um jardim bem cuidado pode ser o complemento perfeito para a sua fachada. Plantas <b>floridas<\/b> e folhagens verdes trazem vida e frescor ao ambiente, al\u00e9m de contribu\u00edrem para a est\u00e9tica geral da casa.<\/p>\n<h3>4.2 Ilumina\u00e7\u00e3o Externa: Destaque e Seguran\u00e7a<\/h3>\n<p>A ilumina\u00e7\u00e3o externa \u00e9 um elemento que n\u00e3o pode ser negligenciado. Al\u00e9m de <b>destaque<\/b> para a fachada, ela proporciona seguran\u00e7a durante a noite. Lumin\u00e1rias embutidas, spots e luzes direcionais podem criar efeitos incr\u00edveis.<\/p>\n<h2>5. Funcionalidade e Acessibilidade nas Fachadas<\/h2>\n<h3>5.1 Portas e Janelas: Aberturas que Conectam<\/h3>\n<p>As portas e janelas s\u00e3o elementos fundamentais na fachada. Elas devem ser pensadas para garantir <b>acessibilidade<\/b> e conforto, permitindo a entrada de luz natural e ventila\u00e7\u00e3o. Escolher modelos que se integrem ao estilo da casa \u00e9 essencial.<\/p>\n<h3>5.2 Garagens e \u00c1reas de Lazer Integradas<\/h3>\n<p>Integrar a garagem e \u00e1reas de lazer \u00e0 fachada pode criar um visual harmonioso e funcional. Pense em como esses espa\u00e7os podem ser <b>conectados<\/b> de forma pr\u00e1tica, sem comprometer a est\u00e9tica da casa.<\/p>\n<h2>6. Exemplos Inspiradores de Fachadas de Casas T\u00e9rreas<\/h2>\n<h3>6.1 Estilos Modernos e Minimalistas<\/h3>\n<p>As fachadas modernas e minimalistas s\u00e3o caracterizadas por linhas retas e uma paleta de cores neutras. Esse estilo \u00e9 ideal para quem busca um visual <b>clean<\/b> e sofisticado, sem excessos.<\/p>\n<h3>6.2 Fachadas R\u00fasticas e Tradicionais<\/h3>\n<p><\/body><\/p>\n","protected":false},"excerpt":{"rendered":"<p>Explore ideias e tend\u00eancias em fachadas de casas t\u00e9rreas, descobrindo como unir estilo, funcionalidade e personalidade para valorizar o visual da sua resid\u00eancia.<\/p>\n","protected":false},"author":102,"featured_media":138202,"comment_status":"closed","ping_status":"closed","sticky":false,"template":"","format":"standard","meta":{"footnotes":""},"categories":[1484,971,18792,18794],"tags":[],"class_list":["post-138205","post","type-post","status-publish","format-standard","has-post-thumbnail","category-decoracao","category-design-de-interiores","category-decoracao-de-apartamento","category-projetos-de-decoracao-de-casas"],"_wp_attached_file":null,"_wp_attachment_metadata":null,"_wp_attachment_context":null,"_wp_attachment_is_custom_header":null,"geo_longitude":null,"geo_public":null,"geo_latitude":null,"_publicize_done_external":null,"_wpas_done_3897181":null,"publicize_twitter_user":null,"_wpas_done_3897175":null,"_wpas_skip_3897181":null,"_wpas_skip_3897175":null,"_wpas_skip_3924723":null,"_wpas_mess":null,"_wpas_done_3924723":null,"wps_subtitle":"","_links":{"self":[{"href":"https:\/\/www.aarquiteta.com.br\/blog\/wp-json\/wp\/v2\/posts\/138205","targetHints":{"allow":["GET"]}}],"collection":[{"href":"https:\/\/www.aarquiteta.com.br\/blog\/wp-json\/wp\/v2\/posts"}],"about":[{"href":"https:\/\/www.aarquiteta.com.br\/blog\/wp-json\/wp\/v2\/types\/post"}],"author":[{"embeddable":true,"href":"https:\/\/www.aarquiteta.com.br\/blog\/wp-json\/wp\/v2\/users\/102"}],"replies":[{"embeddable":true,"href":"https:\/\/www.aarquiteta.com.br\/blog\/wp-json\/wp\/v2\/comments?post=138205"}],"version-history":[{"count":0,"href":"https:\/\/www.aarquiteta.com.br\/blog\/wp-json\/wp\/v2\/posts\/138205\/revisions"}],"wp:featuredmedia":[{"embeddable":true,"href":"https:\/\/www.aarquiteta.com.br\/blog\/wp-json\/wp\/v2\/media\/138202"}],"wp:attachment":[{"href":"https:\/\/www.aarquiteta.com.br\/blog\/wp-json\/wp\/v2\/media?parent=138205"}],"wp:term":[{"taxonomy":"category","embeddable":true,"href":"https:\/\/www.aarquiteta.com.br\/blog\/wp-json\/wp\/v2\/categories?post=138205"},{"taxonomy":"post_tag","embeddable":true,"href":"https:\/\/www.aarquiteta.com.br\/blog\/wp-json\/wp\/v2\/tags?post=138205"}],"curies":[{"name":"wp","href":"https:\/\/api.w.org\/{rel}","templated":true}]}}