{"id":138096,"date":"2024-12-19T11:00:00","date_gmt":"2024-12-19T14:00:00","guid":{"rendered":"https:\/\/www.aarquiteta.com.br\/blog\/portas-de-correr-para-quartos\/"},"modified":"2024-12-19T11:00:00","modified_gmt":"2024-12-19T14:00:00","slug":"portas-de-correr-para-quartos","status":"publish","type":"post","link":"https:\/\/www.aarquiteta.com.br\/blog\/portas-de-correr-para-quartos\/","title":{"rendered":"Guia Pr\u00e1tico das Portas de Correr para Quartos"},"content":{"rendered":"<p><body><\/p>\n<p>As <b>portas de correr para quartos<\/b> s\u00e3o uma solu\u00e7\u00e3o pr\u00e1tica e elegante que otimiza o espa\u00e7o e adiciona um toque especial ao ambiente. Descubra os <b>diferentes materiais<\/b>, <b>estilos<\/b> e <b>dicas de combina\u00e7\u00e3o<\/b> para transformar seu quarto!<\/p>\n<h2>Introdu\u00e7\u00e3o<\/h2>\n<p>Entenda como as portas de correr podem ser a <b>pe\u00e7a-chave<\/b> para renovar e valorizar seu quarto, maximizando espa\u00e7o e funcionalidade.<\/p>\n<h2>Materiais das portas de correr<\/h2>\n<p>Quando falamos em portas de correr, \u00e9 preciso ter em mente que os <b>materiais<\/b> utilizados podem mudar completamente o clima e a funcionalidade do ambiente. Vou listar alguns dos mais <b>populares<\/b> aqui, e o que cada um deles traz para a mesa.<\/p>\n<h3>Porta de correr de PVC<\/h3>\n<figure style=\"width: 1024px\" class=\"wp-caption aligncenter\"><img decoding=\"async\" src=\"https:\/\/www.aarquiteta.com.br\/blog\/wp-content\/uploads\/2024\/12\/portas-de-correr-para-quartos01.jpg\" alt=\"Guia Pr\u00e1tico das Portas de Correr para Quartos\" width=\"1024\" height=\"1024\" title=\"\"><figcaption class=\"wp-caption-text\">Guia Pr\u00e1tico das Portas de Correr para Quartos<\/figcaption><\/figure>\n<p>O PVC \u00e9 uma escolha muito <b>pr\u00e1tica<\/b> para aqueles que buscam resist\u00eancia \u00e0 umidade. Reduzir manuten\u00e7\u00e3o \u00e9 uma das prioridades, e o PVC se destaca nesse quesito. Por\u00e9m, n\u00e3o se enganem: mesmo sendo dur\u00e1vel, <b>n\u00e3o \u00e9 a op\u00e7\u00e3o mais elegante<\/b> do mercado, podendo desbotar com o tempo.<\/p>\n<p>Um ponto positivo \u00e9 a <b>limpeza f\u00e1cil<\/b> do material, ideal para ambientes um pouco mais \u00famidos, mas aten\u00e7\u00e3o, a est\u00e9tica pode n\u00e3o agradar a todos.<\/p>\n<p>Ent\u00e3o, pesquise e analise: esse material faz sentido para o seu quarto?<\/p>\n<h3>Porta de correr de vidro<\/h3>\n<figure style=\"width: 1024px\" class=\"wp-caption aligncenter\"><img decoding=\"async\" src=\"https:\/\/www.aarquiteta.com.br\/blog\/wp-content\/uploads\/2024\/12\/porta-de-correr-espelhada.jpg\" alt=\"Porta de correr com espelho.\" title=\"\"><figcaption class=\"wp-caption-text\">Porta de correr com espelho.<\/figcaption><\/figure>\n<p>Essa \u00e9 a queridinha para quem quer <b>luminosidade<\/b> e um espa\u00e7o que pare\u00e7a maior. As portas de vidro trazem consigo a sensa\u00e7\u00e3o de amplid\u00e3o, quase como um abra\u00e7o de luz no ambiente! Por\u00e9m, aten\u00e7\u00e3o para a <b>privacidade<\/b>; se n\u00e3o tiver um bom tratamento, voc\u00ea pode acabar expondo demais o espa\u00e7o.<\/p>\n<p>Al\u00e9m disso, o vidro precisa de cuidados extras, como limpeza frequente, j\u00e1 que mancha com facilidade. Mas, ah, como elas brilham quando bem cuidadas! Seu quarto pode parecer um verdadeiro <b>pal\u00e1cio<\/b>.<\/p>\n<h3>Porta de correr de alum\u00ednio ou a\u00e7o<\/h3>\n<figure style=\"width: 1024px\" class=\"wp-caption aligncenter\"><img decoding=\"async\" src=\"https:\/\/www.aarquiteta.com.br\/blog\/wp-content\/uploads\/2024\/12\/porta-de-correr-de-aco.jpg\" alt=\"Porta de correr de a\u00e7o.\" title=\"\"><figcaption class=\"wp-caption-text\">Porta de correr de a\u00e7o.<\/figcaption><\/figure>\n<p>S\u00e3o op\u00e7\u00f5es <b>dur\u00e1veis<\/b> e <b>resistentes<\/b>, ideais para quem quer algo que suporte o dia a dia corrido sem perder a classe. O alum\u00ednio \u00e9 leve e pr\u00e1tico, enquanto o a\u00e7o promete robustez. Portanto, pense no que voc\u00ea precisa: um espa\u00e7o leve ou um arm\u00e1rio blindado?<\/p>\n<p>Um problema \u00e9 que, caso voc\u00ea precise de um isolamento ac\u00fastico ou t\u00e9rmico, pode ser preciso considerar o uso de vidro duplo.<\/p>\n<h3>Porta de correr de madeira<\/h3>\n<figure style=\"width: 1024px\" class=\"wp-caption aligncenter\"><img decoding=\"async\" src=\"https:\/\/www.aarquiteta.com.br\/blog\/wp-content\/uploads\/2024\/12\/portas-de-correr-para-quartos02.jpg\" alt=\"Guia Pr\u00e1tico das Portas de Correr para Quartos\" width=\"1024\" height=\"1024\" title=\"\"><figcaption class=\"wp-caption-text\">Guia Pr\u00e1tico das Portas de Correr para Quartos<\/figcaption><\/figure>\n<p>Ah, a madeira! O conforto e calor que ela traz para um ambiente s\u00e3o ineg\u00e1veis. \u00c9 uma escolha cl\u00e1ssica e traz um <b>charme<\/b> muito especial \u2014 ainda mais em quartos pequenos, que devem ter um toque acolhedor. No entanto, as portas de madeira exigem <b>manuten\u00e7\u00e3o<\/b> regular, como vernizes e pinturas, e s\u00e3o mais suscet\u00edveis \u00e0 umidade.<\/p>\n<p>Cualquer pequeno descuido pode resultar em problemas, e isso acaba tirando alguns arquitetos do s\u00e9rio \u2014 ou pelo menos \u00e9 o que eu gostaria de acreditar!<\/p>\n<h3>Porta de correr com espelho<\/h3>\n<figure style=\"width: 1024px\" class=\"wp-caption aligncenter\"><img decoding=\"async\" src=\"https:\/\/www.aarquiteta.com.br\/blog\/wp-content\/uploads\/2024\/12\/porta-de-correr-de-pvc.jpg\" alt=\"Porta de correr de PVC.\" title=\"\"><figcaption class=\"wp-caption-text\">Porta de correr de PVC.<\/figcaption><\/figure>\n<p>Imagina um quarto que n\u00e3o s\u00f3 amplia o espa\u00e7o, mas tamb\u00e9m oferece um <b>espelho de corpo inteiro<\/b>? As portas com espelho podem fazer isso. Elas s\u00e3o \u00f3timas para quem est\u00e1 sempre checando a apar\u00eancia antes de sair. Praticamente uma sala de moda em casa!<\/p>\n<p>Mas n\u00e3o esque\u00e7a, essas belezuras precisam de cuidados espec\u00edficos para se manterem limpas e bonitas. Al\u00e9m disso, s\u00e3o mais fr\u00e1geis e podem se quebrar facilmente se estiverem mal instaladas.<\/p>\n<h2>Dicas para combinar portas de correr com estilos de decora\u00e7\u00e3o<\/h2>\n<p>Agora que j\u00e1 consideramos os <b>materiais<\/b>, \u00e9 hora de pensar em como combin\u00e1-los com a decora\u00e7\u00e3o do seu quarto. Abaixo est\u00e3o algumas dicas que podem fazer maravilhas:<\/p>\n<h3>Estilo contempor\u00e2neo<\/h3>\n<figure style=\"width: 1024px\" class=\"wp-caption aligncenter\"><img decoding=\"async\" src=\"https:\/\/www.aarquiteta.com.br\/blog\/wp-content\/uploads\/2024\/12\/portas-de-correr-para-quartos03.jpg\" alt=\"Guia Pr\u00e1tico das Portas de Correr para Quartos\" width=\"1024\" height=\"1024\" title=\"\"><figcaption class=\"wp-caption-text\">Guia Pr\u00e1tico das Portas de Correr para Quartos<\/figcaption><\/figure>\n<p>Se o seu quarto grita por modernidade, invista em <b>acabamentos minimalistas<\/b>, como o vidro fosco ou transparente. As molduras de metal s\u00e3o uma \u00f3tima pedida! O segredo aqui \u00e9 n\u00e3o exagerar nas cores, mantendo sempre uma paleta neutra.<\/p>\n<h3>Estilo industrial<\/h3>\n<figure style=\"width: 1024px\" class=\"wp-caption aligncenter\"><img decoding=\"async\" src=\"https:\/\/www.aarquiteta.com.br\/blog\/wp-content\/uploads\/2024\/12\/porta-de-correr-de-vidro.jpg\" alt=\"Porta de correr de vidro.\" title=\"\"><figcaption class=\"wp-caption-text\">Porta de correr de vidro.<\/figcaption><\/figure>\n<p>A metaliza\u00e7\u00e3o \u00e9 a amiga do estilo industrial! Opte por acabamentos escovados, como a\u00e7o ou ferro. Para as ferragens, trilhos aparentes ficam incr\u00edveis e tornam o ambiente super aut\u00eantico.<\/p>\n<h3>Estilo vintage<\/h3>\n<figure style=\"width: 1024px\" class=\"wp-caption aligncenter\"><img decoding=\"async\" src=\"https:\/\/www.aarquiteta.com.br\/blog\/wp-content\/uploads\/2024\/12\/portas-de-correr-para-quartos4.jpg\" alt=\"Guia Pr\u00e1tico das Portas de Correr para Quartos\" width=\"1024\" height=\"1024\" title=\"\"><figcaption class=\"wp-caption-text\">Guia Pr\u00e1tico das Portas de Correr para Quartos<\/figcaption><\/figure>\n<p>Cabe a voc\u00ea dar um toque de hist\u00f3ria ao seu quarto! Escolha portas com <b>detalhes decorativos<\/b>, como pain\u00e9is de madeira entalhada. Um charme que s\u00f3 as coisas velhas t\u00eam!<\/p>\n<h3>Estilo r\u00fastico<\/h3>\n<figure style=\"width: 1024px\" class=\"wp-caption aligncenter\"><img decoding=\"async\" src=\"https:\/\/www.aarquiteta.com.br\/blog\/wp-content\/uploads\/2024\/12\/porta-de-correr-de-madeira.jpg\" alt=\"Porta de correr de madeira.\" title=\"\"><figcaption class=\"wp-caption-text\">Porta de correr de madeira.<\/figcaption><\/figure>\n<p>Se a ideia \u00e9 ter um quarto que lembre a natureza, invista em portas de <b>madeira maci\u00e7a<\/b>, com acabamentos que remetem \u00e0 rusticidade. Pense em cores terrosas, que s\u00f3 aumentam a sensa\u00e7\u00e3o de aconchego do ambiente.<\/p>\n<h2>Conclus\u00e3o<\/h2>\n<p>Portas de correr s\u00e3o mais que apenas uma <b>solu\u00e7\u00e3o funcional<\/b> \u2014 elas podem se tornar o ponto focal do seu quarto, transformando completamente o ambiente. Ao escolher o material e o estilo perfeito, voc\u00ea garante que esse espa\u00e7o seja um ref\u00fagio de beleza e organiza\u00e7\u00e3o. O que \u00e9 que est\u00e1 esperando? Vamos l\u00e1 abrir essas portas e deixar a sua criatividade fluir!<\/p>\n<p><\/body><br \/>\n<iframe title=\"YouTube video player\" src=\"https:\/\/www.youtube.com\/embed\/yAJVOhqtdSs\" width=\"560\" height=\"315\" frameborder=\"0\" allowfullscreen=\"allowfullscreen\"><\/iframe><\/p>\n<figure style=\"width: 1024px\" class=\"wp-caption aligncenter\"><img decoding=\"async\" src=\"https:\/\/www.aarquiteta.com.br\/blog\/wp-content\/uploads\/2024\/12\/porta-de-correr-contemporanea.jpg\" alt=\"Porta de correr contempor\u00e2nea.\" title=\"\"><figcaption class=\"wp-caption-text\">Porta de correr contempor\u00e2nea.<\/figcaption><\/figure>\n","protected":false},"excerpt":{"rendered":"<p>Descubra como escolher as melhores portas de correr para quartos, suas vantagens e dicas de combina\u00e7\u00e3o para cada estilo.<\/p>\n","protected":false},"author":102,"featured_media":138089,"comment_status":"closed","ping_status":"closed","sticky":false,"template":"","format":"standard","meta":{"footnotes":""},"categories":[1507,6,249],"tags":[],"class_list":["post-138096","post","type-post","status-publish","format-standard","has-post-thumbnail","category-arquitetura","category-carreira-de-arquitetura","category-engenharia-e-construcao-civil"],"_wp_attached_file":null,"_wp_attachment_metadata":null,"_wp_attachment_context":null,"_wp_attachment_is_custom_header":null,"geo_longitude":null,"geo_public":null,"geo_latitude":null,"_publicize_done_external":null,"_wpas_done_3897181":null,"publicize_twitter_user":null,"_wpas_done_3897175":null,"_wpas_skip_3897181":null,"_wpas_skip_3897175":null,"_wpas_skip_3924723":null,"_wpas_mess":null,"_wpas_done_3924723":null,"wps_subtitle":"","_links":{"self":[{"href":"https:\/\/www.aarquiteta.com.br\/blog\/wp-json\/wp\/v2\/posts\/138096","targetHints":{"allow":["GET"]}}],"collection":[{"href":"https:\/\/www.aarquiteta.com.br\/blog\/wp-json\/wp\/v2\/posts"}],"about":[{"href":"https:\/\/www.aarquiteta.com.br\/blog\/wp-json\/wp\/v2\/types\/post"}],"author":[{"embeddable":true,"href":"https:\/\/www.aarquiteta.com.br\/blog\/wp-json\/wp\/v2\/users\/102"}],"replies":[{"embeddable":true,"href":"https:\/\/www.aarquiteta.com.br\/blog\/wp-json\/wp\/v2\/comments?post=138096"}],"version-history":[{"count":0,"href":"https:\/\/www.aarquiteta.com.br\/blog\/wp-json\/wp\/v2\/posts\/138096\/revisions"}],"wp:featuredmedia":[{"embeddable":true,"href":"https:\/\/www.aarquiteta.com.br\/blog\/wp-json\/wp\/v2\/media\/138089"}],"wp:attachment":[{"href":"https:\/\/www.aarquiteta.com.br\/blog\/wp-json\/wp\/v2\/media?parent=138096"}],"wp:term":[{"taxonomy":"category","embeddable":true,"href":"https:\/\/www.aarquiteta.com.br\/blog\/wp-json\/wp\/v2\/categories?post=138096"},{"taxonomy":"post_tag","embeddable":true,"href":"https:\/\/www.aarquiteta.com.br\/blog\/wp-json\/wp\/v2\/tags?post=138096"}],"curies":[{"name":"wp","href":"https:\/\/api.w.org\/{rel}","templated":true}]}}