{"id":137980,"date":"2024-12-18T10:44:22","date_gmt":"2024-12-18T13:44:22","guid":{"rendered":"https:\/\/www.aarquiteta.com.br\/blog\/prateleira-para-plantas-2\/"},"modified":"2024-12-18T10:44:22","modified_gmt":"2024-12-18T13:44:22","slug":"prateleira-para-plantas-2","status":"publish","type":"post","link":"https:\/\/www.aarquiteta.com.br\/blog\/prateleira-para-plantas-2\/","title":{"rendered":"Prateleiras para plantas: 10 ideias e tutoriais para encher a vida de verde"},"content":{"rendered":"<p><body><\/p>\n<p>Descubra como prateleiras para plantas podem elevar o estilo da sua casa, proporcionando n\u00e3o apenas um toque decorativo, mas tamb\u00e9m um espa\u00e7o ideal para cultivar suas plantinhas com praticidade e charme.<\/p>\n<h2>Principais Pontos a Serem Abordados<\/h2>\n<ul>\n<li><b>Introdu\u00e7\u00e3o \u00e0s Prateleiras<\/b>: Entenda a funcionalidade e a est\u00e9tica que prateleiras para plantas oferecem ao ambiente.<\/li>\n<li><b>Benef\u00edcios das Plantas em Casa<\/b>: Descubra como as plantas purificam o ar, melhoram a est\u00e9tica e proporcionam bem-estar emocional.<\/li>\n<li><b>Modelos de Prateleiras<\/b>: Explore as diferentes op\u00e7\u00f5es de materiais e estilos, al\u00e9m de prateleiras de parede e aut\u00f4nomas.<\/li>\n<li><b>Inspira\u00e7\u00e3o para Decora\u00e7\u00e3o<\/b>: Visualize ideias criativas atrav\u00e9s de fotos de prateleiras decorativas com plantas.<\/li>\n<li><b>Fa\u00e7a Voc\u00ea Mesmo (DIY)<\/b>: Aprenda a criar prateleiras de forma econ\u00f4mica e pr\u00e1tica.<\/li>\n<li><b>Dicas de Cuidados com as Plantas<\/b>: Receba orienta\u00e7\u00f5es sobre o manejo de plantas em prateleiras, incluindo ilumina\u00e7\u00e3o e rega adequada.<\/li>\n<\/ul>\n<h2>Introdu\u00e7\u00e3o \u00e0s Prateleiras para Plantas<\/h2>\n<p>Sabe aquela vontade de <b>trazer a natureza para dentro de casa<\/b>? As prateleiras para plantas s\u00e3o a solu\u00e7\u00e3o perfeita! Elas adicionam um toque vibrante \u00e0 decora\u00e7\u00e3o e permitem que voc\u00ea crie um verdadeiro o\u00e1sis verde em sua casa. Al\u00e9m de organiza-las, voc\u00ea pode transforma-las em um verdadeiro atrativo visual.<\/p>\n<p>Investir em prateleiras \u00e9 n\u00e3o apenas uma <b>tend\u00eancia de decora\u00e7\u00e3o<\/b>, mas uma maneira inteligente de otimizar espa\u00e7os e dar voz a sua criatividade na hora de exib\u00ed-las. Vamos explorar juntos as maravilhas que esses m\u00f3veis podem oferecer!<\/p>\n<h2>Benef\u00edcios das Plantas em Casa<\/h2>\n<h3>Purifica\u00e7\u00e3o do Ar<\/h3>\n<figure style=\"width: 1024px\" class=\"wp-caption aligncenter\"><img decoding=\"async\" src=\"https:\/\/www.aarquiteta.com.br\/blog\/wp-content\/uploads\/2024\/12\/prateleira-para-plantas-5-730x768.jpg\" alt=\"Prateleiras altas s\u00e3o \u00f3timas para plantas pendentes\" title=\"\"><figcaption class=\"wp-caption-text\">Prateleiras altas s\u00e3o \u00f3timas para plantas pendentes<\/figcaption><\/figure>\n<p>Uma das melhores raz\u00f5es para ter plantas em casa \u00e9 a <b>filtragem do ar<\/b> que elas proporcionam. Sabia que algumas variedades podem remover toxinas do ambiente? Isso significa que voc\u00ea respira ar mais puro e saud\u00e1vel.<\/p>\n<h3>Est\u00e9tica Agrad\u00e1vel<\/h3>\n<figure style=\"width: 1024px\" class=\"wp-caption aligncenter\"><img decoding=\"async\" src=\"https:\/\/www.aarquiteta.com.br\/blog\/wp-content\/uploads\/2024\/12\/prateleira-para-plantas01.jpg\" alt=\"Prateleiras para plantas: 20 ideias e tutoriais para encher a vida de verde\" width=\"1024\" height=\"1024\" title=\"\"><figcaption class=\"wp-caption-text\">Prateleiras para plantas: 20 ideias e tutoriais para encher a vida de verde<\/figcaption><\/figure>\n<p>As plantas conferem uma <b>beleza natural<\/b> ao ambiente e podem se tornar o ponto focal da decora\u00e7\u00e3o. Com uma prateleira bem posicionada, voc\u00ea conseguir\u00e1 transformar um espa\u00e7o simples em algo encantador.<\/p>\n<h3>Bem-estar Emocional<\/h3>\n<figure style=\"width: 1024px\" class=\"wp-caption aligncenter\"><img decoding=\"async\" src=\"https:\/\/www.aarquiteta.com.br\/blog\/wp-content\/uploads\/2024\/12\/prateleira-para-plantas-capa.png\" alt=\"Capa do artigo sobre prateleiras para plantas\" title=\"\"><figcaption class=\"wp-caption-text\">Capa do artigo sobre prateleiras para plantas<\/figcaption><\/figure>\n<p>Estudos mostram que cuidar de plantas pode reduzir o estresse e melhorar a <b>sa\u00fade mental<\/b>. \u00c9 um hobby que n\u00e3o s\u00f3 traz prazer, mas tamb\u00e9m um senso de responsabilidade e conex\u00e3o com a natureza!<\/p>\n<h2>Modelos de Prateleiras para Plantas<\/h2>\n<h3>Material e Estilo<\/h3>\n<figure style=\"width: 1024px\" class=\"wp-caption aligncenter\"><img decoding=\"async\" src=\"https:\/\/www.aarquiteta.com.br\/blog\/wp-content\/uploads\/2024\/12\/prateleira-para-plantas02.jpg\" alt=\"Prateleiras para plantas: 20 ideias e tutoriais para encher a vida de verde\" width=\"1024\" height=\"1024\" title=\"\"><figcaption class=\"wp-caption-text\">Prateleiras para plantas: 20 ideias e tutoriais para encher a vida de verde<\/figcaption><\/figure>\n<p>As op\u00e7\u00f5es s\u00e3o variadas: <b>madeira, metal e macram\u00ea<\/b> s\u00e3o apenas algumas delas. Cada material tem seu encanto e pode se adaptar a diferentes estilos de decora\u00e7\u00e3o, desde o minimalista at\u00e9 o boho chic.<\/p>\n<h3>Prateleiras de Parede vs. Aut\u00f4nomas<\/h3>\n<figure style=\"width: 1024px\" class=\"wp-caption aligncenter\"><img decoding=\"async\" src=\"https:\/\/www.aarquiteta.com.br\/blog\/wp-content\/uploads\/2024\/12\/prateleira-para-plantas-1-730x730.jpg\" alt=\"Um conjunto de prateleiras supermoderno\" title=\"\"><figcaption class=\"wp-caption-text\">Um conjunto de prateleiras supermoderno<\/figcaption><\/figure>\n<p>Voc\u00ea sabe qual se adapta melhor ao seu espa\u00e7o? As prateleiras de parede otimizam \u00e1reas menores e oferecem um visual moderno, enquanto as aut\u00f4nomas s\u00e3o \u00f3timas para criar divis\u00f3rias e adicionar mais volume \u00e0 decora\u00e7\u00e3o.<\/p>\n<h2>Inspira\u00e7\u00e3o para Decora\u00e7\u00e3o com Prateleiras<\/h2>\n<h3>25 Ideias Incr\u00edveis<\/h3>\n<figure style=\"width: 1024px\" class=\"wp-caption aligncenter\"><img decoding=\"async\" src=\"https:\/\/www.aarquiteta.com.br\/blog\/wp-content\/uploads\/2024\/12\/prateleira-para-plantas03.jpg\" alt=\"Prateleiras para plantas: 20 ideias e tutoriais para encher a vida de verde\" width=\"1024\" height=\"1024\" title=\"\"><figcaption class=\"wp-caption-text\">Prateleiras para plantas: 20 ideias e tutoriais para encher a vida de verde<\/figcaption><\/figure>\n<p>Quer dar um <b>up<\/b> na sua decora\u00e7\u00e3o? Olhe para as prateleiras como uma tela em branco! Explore diferentes arranjos com suas plantas, e se inspire. O uso de fotos inspiradoras pode ajudar na tomada de decis\u00e3o! Desde prateleiras em madeira clara com suculentas, at\u00e9 as de metal com plantas pendentes, as possibilidades s\u00e3o infinitas.<\/p>\n<h2>Fa\u00e7a Voc\u00ea Mesmo (DIY)<\/h2>\n<h3>Sem Furadeira<\/h3>\n<figure style=\"width: 1024px\" class=\"wp-caption aligncenter\"><img decoding=\"async\" src=\"https:\/\/www.aarquiteta.com.br\/blog\/wp-content\/uploads\/2024\/12\/prateleira-para-plantas-2-730x730.jpg\" alt=\"Qualquer cantinho pode ser transformado\" title=\"\"><figcaption class=\"wp-caption-text\">Qualquer cantinho pode ser transformado<\/figcaption><\/figure>\n<p>Se voc\u00ea n\u00e3o pode ou n\u00e3o quer furar as paredes, saiba que existe uma maneira pr\u00e1tica de montar suas prateleiras. Utilizando suportes adesivos e prateleiras de madeira leve, voc\u00ea conseguir\u00e1 resultados incr\u00edveis sem esfor\u00e7os! <\/p>\n<h3>Com Pouco Gasto<\/h3>\n<figure style=\"width: 1024px\" class=\"wp-caption aligncenter\"><img decoding=\"async\" src=\"https:\/\/www.aarquiteta.com.br\/blog\/wp-content\/uploads\/2024\/12\/prateleira-para-plantas4.jpg\" alt=\"Prateleiras para plantas: 20 ideias e tutoriais para encher a vida de verde\" width=\"1024\" height=\"1024\" title=\"\"><figcaption class=\"wp-caption-text\">Prateleiras para plantas: 20 ideias e tutoriais para encher a vida de verde<\/figcaption><\/figure>\n<p>Voc\u00ea n\u00e3o precisa gastar uma fortuna! Um pouco de criatividade e os materiais certos, como <b>caixotes de madeira<\/b> e cordas, podem resultar em prateleiras estilosas e sofisticadas. O importante \u00e9 pensar fora da caixa.<\/p>\n<h3>Usando Grid<\/h3>\n<figure style=\"width: 1024px\" class=\"wp-caption aligncenter\"><img decoding=\"async\" src=\"https:\/\/www.aarquiteta.com.br\/blog\/wp-content\/uploads\/2024\/12\/prateleira-para-plantas-3-730x913.jpg\" alt=\"A madeira pinus \u00e9 bastante utilizada\" title=\"\"><figcaption class=\"wp-caption-text\">A madeira pinus \u00e9 bastante utilizada<\/figcaption><\/figure>\n<p>Outra t\u00e9cnica que se tornou tend\u00eancia \u00e9 a de usar grids decorativos. Esses pain\u00e9is s\u00e3o \u00f3timos para expor uma cole\u00e7\u00e3o de plantas, criando uma verdadeira obra de arte na sua parede.<\/p>\n<h2>Dicas para Cuidar das Plantas em Prateleiras<\/h2>\n<h3>Ilumina\u00e7\u00e3o Adequada<\/h3>\n<h3>Para se aprofundar mais sobre o tema, veja a minha recomenda\u00e7\u00e3o sobre o tema deste artigo no v\u00eddeo a seguir abaixo:<\/h3>\n<p><iframe title=\"YouTube video player\" src=\"https:\/\/www.youtube.com\/embed\/ozY8EkABz1E\" width=\"560\" height=\"315\" frameborder=\"0\" allowfullscreen=\"allowfullscreen\"><\/iframe><\/p>\n<p>Para que suas verdinhas prosperem, \u00e9 essencial garantir que elas recebam a <b>ilumina\u00e7\u00e3o necess\u00e1ria<\/b>. Observe a localiza\u00e7\u00e3o das prateleiras e escolha plantas que se adaptem ao ambiente.<\/p>\n<h3>Regas e Cuidados Especiais<\/h3>\n<figure style=\"width: 1024px\" class=\"wp-caption aligncenter\"><img decoding=\"async\" src=\"https:\/\/www.aarquiteta.com.br\/blog\/wp-content\/uploads\/2024\/12\/prateleira-para-plantas-4-730x730.jpg\" alt=\"E d\u00e1 um visual lind\u00edssimo \u00e0 pe\u00e7a\" title=\"\"><figcaption class=\"wp-caption-text\">E d\u00e1 um visual lind\u00edssimo \u00e0 pe\u00e7a<\/figcaption><\/figure>\n<p>Cuidar de plantas n\u00e3o \u00e9 s\u00f3 um ato de amor; \u00e9 uma responsabilidade. Aprenda a <b>reg\u00e1-las com sabedoria<\/b>: conhe\u00e7a a frequ\u00eancia de rega para cada tipo de planta e considere o clima e a umidade da sua casa.<\/p>\n<h2>Conclus\u00e3o<\/h2>\n<p>Pronto para encher sua casa de verde? Com tantas inspira\u00e7\u00f5es e dicas que explorei, \u00e9 hora de colocar tudo em pr\u00e1tica e descobrir a alegria de viver rodeado por plantas saud\u00e1veis. As prateleiras para plantas s\u00e3o uma maneira pr\u00e1tica e estilosa de embelezar qualquer ambiente e tornar seu lar mais acolhedor!<\/p>\n<p><\/body><\/p>\n","protected":false},"excerpt":{"rendered":"<p>Descubra 20 ideias incr\u00edveis de prateleiras para plantas para decorar sua casa com verde e estilo.<\/p>\n","protected":false},"author":102,"featured_media":137973,"comment_status":"closed","ping_status":"closed","sticky":false,"template":"","format":"standard","meta":{"footnotes":""},"categories":[1484],"tags":[],"class_list":["post-137980","post","type-post","status-publish","format-standard","has-post-thumbnail","category-decoracao"],"_wp_attached_file":null,"_wp_attachment_metadata":null,"_wp_attachment_context":null,"_wp_attachment_is_custom_header":null,"geo_longitude":null,"geo_public":null,"geo_latitude":null,"_publicize_done_external":null,"_wpas_done_3897181":null,"publicize_twitter_user":null,"_wpas_done_3897175":null,"_wpas_skip_3897181":null,"_wpas_skip_3897175":null,"_wpas_skip_3924723":null,"_wpas_mess":null,"_wpas_done_3924723":null,"wps_subtitle":"","_links":{"self":[{"href":"https:\/\/www.aarquiteta.com.br\/blog\/wp-json\/wp\/v2\/posts\/137980","targetHints":{"allow":["GET"]}}],"collection":[{"href":"https:\/\/www.aarquiteta.com.br\/blog\/wp-json\/wp\/v2\/posts"}],"about":[{"href":"https:\/\/www.aarquiteta.com.br\/blog\/wp-json\/wp\/v2\/types\/post"}],"author":[{"embeddable":true,"href":"https:\/\/www.aarquiteta.com.br\/blog\/wp-json\/wp\/v2\/users\/102"}],"replies":[{"embeddable":true,"href":"https:\/\/www.aarquiteta.com.br\/blog\/wp-json\/wp\/v2\/comments?post=137980"}],"version-history":[{"count":0,"href":"https:\/\/www.aarquiteta.com.br\/blog\/wp-json\/wp\/v2\/posts\/137980\/revisions"}],"wp:featuredmedia":[{"embeddable":true,"href":"https:\/\/www.aarquiteta.com.br\/blog\/wp-json\/wp\/v2\/media\/137973"}],"wp:attachment":[{"href":"https:\/\/www.aarquiteta.com.br\/blog\/wp-json\/wp\/v2\/media?parent=137980"}],"wp:term":[{"taxonomy":"category","embeddable":true,"href":"https:\/\/www.aarquiteta.com.br\/blog\/wp-json\/wp\/v2\/categories?post=137980"},{"taxonomy":"post_tag","embeddable":true,"href":"https:\/\/www.aarquiteta.com.br\/blog\/wp-json\/wp\/v2\/tags?post=137980"}],"curies":[{"name":"wp","href":"https:\/\/api.w.org\/{rel}","templated":true}]}}