{"id":137931,"date":"2024-12-17T13:48:57","date_gmt":"2024-12-17T16:48:57","guid":{"rendered":"https:\/\/www.aarquiteta.com.br\/blog\/aproveitar-espacos-vazios-decoracao\/"},"modified":"2024-12-17T13:48:57","modified_gmt":"2024-12-17T16:48:57","slug":"aproveitar-espacos-vazios-decoracao","status":"publish","type":"post","link":"https:\/\/www.aarquiteta.com.br\/blog\/aproveitar-espacos-vazios-decoracao\/","title":{"rendered":"10 Dicas de Como Aproveitar Espa\u00e7os Vazios na Decora\u00e7\u00e3o"},"content":{"rendered":"<p><body><\/p>\n<p>Descubra como transformar espa\u00e7os vazios em \u00e1reas funcionais e est\u00e9ticas com estas 10 dicas pr\u00e1ticas de decora\u00e7\u00e3o que v\u00e3o otimizar sua casa.<\/p>\n<h2>Destaques principais<\/h2>\n<ul>\n<li><b>Avalia\u00e7\u00e3o do Espa\u00e7o:<\/b> Entender as dimens\u00f5es e caracter\u00edsticas do ambiente \u00e9 fundamental para uma decora\u00e7\u00e3o eficaz.<\/li>\n<li><b>M\u00f3veis Multifuncionais:<\/b> A escolha de m\u00f3veis que servem a mais de uma fun\u00e7\u00e3o pode maximizar a funcionalidade do espa\u00e7o.<\/li>\n<li><b>Uso de Plantas:<\/b> Incorporar elementos naturais n\u00e3o s\u00f3 embeleza, mas tamb\u00e9m traz vida e frescor ao ambiente.<\/li>\n<\/ul>\n<h2>1. Avalie o Espa\u00e7o Dispon\u00edvel<\/h2>\n<p>Antes de qualquer coisa, \u00e9 essencial <b>avaliar o espa\u00e7o dispon\u00edvel<\/b>. Medir as dimens\u00f5es e observar a ilumina\u00e7\u00e3o natural s\u00e3o passos cruciais. Um ambiente bem planejado come\u00e7a com uma an\u00e1lise cuidadosa. Pergunte-se: quais s\u00e3o os pontos fortes e fracos do espa\u00e7o? Isso ajudar\u00e1 a definir o que pode ser melhorado.<\/p>\n<h2>2. Utilize M\u00f3veis Multifuncionais<\/h2>\n<p>Os <b>m\u00f3veis multifuncionais<\/b> s\u00e3o verdadeiros aliados na decora\u00e7\u00e3o. Eles n\u00e3o apenas economizam espa\u00e7o, mas tamb\u00e9m oferecem versatilidade. Por exemplo, um sof\u00e1-cama pode ser a solu\u00e7\u00e3o perfeita para quem recebe visitas. Al\u00e9m disso, mesas dobr\u00e1veis s\u00e3o \u00f3timas para otimizar \u00e1reas pequenas.<\/p>\n<h3>2.1. Sof\u00e1s-Camas<\/h3>\n<figure style=\"width: 1024px\" class=\"wp-caption aligncenter\"><img decoding=\"async\" src=\"https:\/\/www.aarquiteta.com.br\/blog\/wp-content\/uploads\/2024\/12\/aproveitar-espacos-vazios-decoracao04.jpg\" alt=\"10 Dicas de Como Aproveitar Espa\u00e7os Vazios na Decora\u00e7\u00e3o\" width=\"1024\" height=\"1024\" title=\"\"><figcaption class=\"wp-caption-text\">10 Dicas de Como Aproveitar Espa\u00e7os Vazios na Decora\u00e7\u00e3o<\/figcaption><\/figure>\n<p>Um sof\u00e1-cama \u00e9 uma pe\u00e7a que combina conforto e praticidade. Durante o dia, ele serve como um local aconchegante para relaxar, e \u00e0 noite, transforma-se em uma cama confort\u00e1vel. \u00c9 uma escolha inteligente para quem vive em apartamentos pequenos.<\/p>\n<h3>2.2. Mesas Dobr\u00e1veis<\/h3>\n<figure style=\"width: 1024px\" class=\"wp-caption aligncenter\"><img decoding=\"async\" src=\"https:\/\/www.aarquiteta.com.br\/blog\/wp-content\/uploads\/2024\/12\/aproveitar-espacos-vazios-decoracao03.jpg\" alt=\"10 Dicas de Como Aproveitar Espa\u00e7os Vazios na Decora\u00e7\u00e3o\" width=\"1024\" height=\"1024\" title=\"\"><figcaption class=\"wp-caption-text\">10 Dicas de Como Aproveitar Espa\u00e7os Vazios na Decora\u00e7\u00e3o<\/figcaption><\/figure>\n<p>As mesas dobr\u00e1veis s\u00e3o ideais para quem precisa de flexibilidade. Elas podem ser guardadas quando n\u00e3o est\u00e3o em uso, liberando espa\u00e7o para outras atividades. Al\u00e9m disso, s\u00e3o perfeitas para jantares com amigos ou familiares, pois podem ser facilmente montadas e desmontadas.<\/p>\n<h2>3. Invista em Prateleiras<\/h2>\n<p>As <b>prateleiras<\/b> s\u00e3o uma excelente maneira de aproveitar a verticalidade do ambiente. Elas n\u00e3o apenas oferecem espa\u00e7o de armazenamento, mas tamb\u00e9m podem ser decorativas. Prateleiras flutuantes, por exemplo, criam um efeito moderno e clean.<\/p>\n<h3>3.1. Prateleiras Flutuantes<\/h3>\n<figure style=\"width: 1024px\" class=\"wp-caption aligncenter\"><img decoding=\"async\" src=\"https:\/\/www.aarquiteta.com.br\/blog\/wp-content\/uploads\/2024\/12\/aproveitar-espacos-vazios-decoracao02.jpg\" alt=\"10 Dicas de Como Aproveitar Espa\u00e7os Vazios na Decora\u00e7\u00e3o\" width=\"1024\" height=\"1024\" title=\"\"><figcaption class=\"wp-caption-text\">10 Dicas de Como Aproveitar Espa\u00e7os Vazios na Decora\u00e7\u00e3o<\/figcaption><\/figure>\n<p>As prateleiras flutuantes s\u00e3o uma tend\u00eancia que traz leveza ao ambiente. Elas podem ser usadas para exibir livros, plantas ou objetos decorativos, criando um visual interessante e personalizado.<\/p>\n<h3>3.2. Estantes Abertas<\/h3>\n<figure style=\"width: 1024px\" class=\"wp-caption aligncenter\"><img decoding=\"async\" src=\"https:\/\/www.aarquiteta.com.br\/blog\/wp-content\/uploads\/2024\/12\/aproveitar-espacos-vazios-decoracao01.jpg\" alt=\"10 Dicas de Como Aproveitar Espa\u00e7os Vazios na Decora\u00e7\u00e3o\" width=\"1024\" height=\"1024\" title=\"\"><figcaption class=\"wp-caption-text\">10 Dicas de Como Aproveitar Espa\u00e7os Vazios na Decora\u00e7\u00e3o<\/figcaption><\/figure>\n<p>As estantes abertas s\u00e3o \u00f3timas para organizar e exibir itens. Elas permitem que voc\u00ea mostre sua personalidade atrav\u00e9s da decora\u00e7\u00e3o, al\u00e9m de facilitar o acesso aos objetos. Uma estante bem organizada pode se tornar o ponto focal de um c\u00f4modo.<\/p>\n<h2>4. Crie Zonas de Conv\u00edvio<\/h2>\n<p>Dividir o espa\u00e7o em <b>zonas de conv\u00edvio<\/b> \u00e9 uma estrat\u00e9gia eficaz para otimizar a funcionalidade. Por exemplo, em uma sala de estar, voc\u00ea pode criar uma \u00e1rea de leitura com uma poltrona confort\u00e1vel e uma lumin\u00e1ria, enquanto outra \u00e1rea pode ser destinada a conversas, com um sof\u00e1 e mesas de centro.<\/p>\n<h2>5. Use Espelhos para Ampliar o Espa\u00e7o<\/h2>\n<p>Os <b>espelhos<\/b> s\u00e3o aliados poderosos na decora\u00e7\u00e3o. Eles criam a ilus\u00e3o de um espa\u00e7o maior e refletem a luz, tornando o ambiente mais iluminado. Colocar um espelho em uma parede oposta a uma janela pode maximizar a luminosidade natural.<\/p>\n<h2>6. Decore com Plantas<\/h2>\n<p>Incorporar <b>plantas<\/b> na decora\u00e7\u00e3o traz vida e frescor ao ambiente. Elas purificam o ar e criam uma atmosfera acolhedora. Al\u00e9m disso, as plantas podem ser usadas para preencher espa\u00e7os vazios e adicionar cor ao ambiente.<\/p>\n<h2>Conclus\u00e3o<\/h2>\n<p>Transformar espa\u00e7os vazios em \u00e1reas funcionais e est\u00e9ticas \u00e9 uma tarefa que requer planejamento e criatividade. Ao seguir estas dicas, voc\u00ea pode otimizar sua casa, tornando-a mais pr\u00e1tica e agrad\u00e1vel. Lembre-se de que cada detalhe conta e que a decora\u00e7\u00e3o deve refletir sua personalidade e estilo de vida. Com um pouco de esfor\u00e7o e as escolhas certas, \u00e9 poss\u00edvel criar um lar que seja n\u00e3o apenas bonito, mas tamb\u00e9m funcional.<\/p>\n<p><\/body><\/p>\n<p style=\"text-align: center;\">[amazon table=&#8221;88024&#8243;]\n[amazon table=&#8221;88822&#8243;]\n[amazon table=&#8221;88348&#8243;]\n[amazon table=&#8221;90234&#8243;]\n[amazon table=&#8221;88247&#8243;]\n[amazon table=&#8221;82960&#8243;]\n[amazon table=&#8221;88669&#8243;]\n[amazon table=&#8221;82456&#8243;]\n[amazon table=&#8221;8776&#8243;]\n[amazon table=&#8221;90636&#8243;]\n<h3>Assista agora a minha recomenda\u00e7\u00e3o de video abaixo sobre o tema que estamos tratando neste artigo: <\/h3>\n<p><div class=\"youtube-embed\" data-video_id=\"ima2bIGPCls\"><iframe title=\"Ideia para aproveitar espa\u00e7o em Casa! #curiosidades #engenharia #ideias #quarto #decoracao\" width=\"696\" height=\"392\" src=\"https:\/\/www.youtube.com\/embed\/ima2bIGPCls?feature=oembed&#038;enablejsapi=1\" frameborder=\"0\" allow=\"accelerometer; autoplay; clipboard-write; encrypted-media; gyroscope; picture-in-picture; web-share\" referrerpolicy=\"strict-origin-when-cross-origin\" allowfullscreen><\/iframe><\/div><\/p>\n","protected":false},"excerpt":{"rendered":"<p>Descubra como transformar espa\u00e7os vazios em ambientes funcionais e decorativos.<\/p>\n","protected":false},"author":102,"featured_media":137928,"comment_status":"closed","ping_status":"closed","sticky":false,"template":"","format":"standard","meta":{"footnotes":""},"categories":[1484,971,18792,18794],"tags":[],"class_list":["post-137931","post","type-post","status-publish","format-standard","has-post-thumbnail","category-decoracao","category-design-de-interiores","category-decoracao-de-apartamento","category-projetos-de-decoracao-de-casas"],"_wp_attached_file":null,"_wp_attachment_metadata":null,"_wp_attachment_context":null,"_wp_attachment_is_custom_header":null,"geo_longitude":null,"geo_public":null,"geo_latitude":null,"_publicize_done_external":null,"_wpas_done_3897181":null,"publicize_twitter_user":null,"_wpas_done_3897175":null,"_wpas_skip_3897181":null,"_wpas_skip_3897175":null,"_wpas_skip_3924723":null,"_wpas_mess":null,"_wpas_done_3924723":null,"wps_subtitle":"","_links":{"self":[{"href":"https:\/\/www.aarquiteta.com.br\/blog\/wp-json\/wp\/v2\/posts\/137931","targetHints":{"allow":["GET"]}}],"collection":[{"href":"https:\/\/www.aarquiteta.com.br\/blog\/wp-json\/wp\/v2\/posts"}],"about":[{"href":"https:\/\/www.aarquiteta.com.br\/blog\/wp-json\/wp\/v2\/types\/post"}],"author":[{"embeddable":true,"href":"https:\/\/www.aarquiteta.com.br\/blog\/wp-json\/wp\/v2\/users\/102"}],"replies":[{"embeddable":true,"href":"https:\/\/www.aarquiteta.com.br\/blog\/wp-json\/wp\/v2\/comments?post=137931"}],"version-history":[{"count":0,"href":"https:\/\/www.aarquiteta.com.br\/blog\/wp-json\/wp\/v2\/posts\/137931\/revisions"}],"wp:featuredmedia":[{"embeddable":true,"href":"https:\/\/www.aarquiteta.com.br\/blog\/wp-json\/wp\/v2\/media\/137928"}],"wp:attachment":[{"href":"https:\/\/www.aarquiteta.com.br\/blog\/wp-json\/wp\/v2\/media?parent=137931"}],"wp:term":[{"taxonomy":"category","embeddable":true,"href":"https:\/\/www.aarquiteta.com.br\/blog\/wp-json\/wp\/v2\/categories?post=137931"},{"taxonomy":"post_tag","embeddable":true,"href":"https:\/\/www.aarquiteta.com.br\/blog\/wp-json\/wp\/v2\/tags?post=137931"}],"curies":[{"name":"wp","href":"https:\/\/api.w.org\/{rel}","templated":true}]}}