{"id":137887,"date":"2024-12-17T05:09:26","date_gmt":"2024-12-17T08:09:26","guid":{"rendered":"https:\/\/www.aarquiteta.com.br\/blog\/entrevista-de-emprego\/"},"modified":"2024-12-17T05:09:26","modified_gmt":"2024-12-17T08:09:26","slug":"entrevista-de-emprego","status":"publish","type":"post","link":"https:\/\/www.aarquiteta.com.br\/blog\/entrevista-de-emprego\/","title":{"rendered":"Dicas imperd\u00edveis para se destacar na entrevista de emprego."},"content":{"rendered":"<p>Conseguir uma entrevista de emprego \u00e9 um passo crucial na busca por uma nova oportunidade, mas a ansiedade pode ser um grande obst\u00e1culo. Neste artigo, vou compartilhar dicas valiosas que me ajudaram a me destacar em entrevistas e que podem fazer a diferen\u00e7a na sua jornada profissional.<\/p>\n<h2>1. Esteja preparado para diferentes tipos de entrevista de emprego<\/h2>\n<p>Quando se trata de entrevistas, a prepara\u00e7\u00e3o \u00e9 a chave. Existem v\u00e1rios tipos de entrevistas, e cada uma exige uma abordagem diferente. Por exemplo, a <b>entrevista coletiva<\/b> \u00e9 uma oportunidade para mostrar suas habilidades de lideran\u00e7a e colabora\u00e7\u00e3o, j\u00e1 que voc\u00ea estar\u00e1 competindo com outros candidatos. Em uma <b>entrevista comportamental<\/b>, o recrutador vai querer saber como voc\u00ea lidou com situa\u00e7\u00f5es espec\u00edficas no passado, ent\u00e3o \u00e9 importante ter exemplos prontos. E n\u00e3o se esque\u00e7a da <b>entrevista t\u00e9cnica<\/b>, onde seu conhecimento e habilidades ser\u00e3o testados. Estudar os requisitos da vaga \u00e9 fundamental para se sentir seguro e preparado.<\/p>\n<h3>Entrevista coletiva<\/h3>\n<p>Na <b>entrevista coletiva<\/b>, voc\u00ea estar\u00e1 em um grupo com outros candidatos, e o recrutador observar\u00e1 como voc\u00ea se comporta em equipe. \u00c9 uma chance de brilhar, mostrando suas habilidades de comunica\u00e7\u00e3o e colabora\u00e7\u00e3o. Participar ativamente das din\u00e2micas e se destacar pode ser a chave para ser lembrado. Lembre-se, a primeira impress\u00e3o conta muito!<\/p>\n<h3>Entrevista comportamental<\/h3>\n<figure style=\"width: 1024px\" class=\"wp-caption aligncenter\"><img decoding=\"async\" src=\"https:\/\/www.aarquiteta.com.br\/blog\/wp-content\/uploads\/2024\/12\/entrevista-emprego-02092024-66d6128fb8f8e.webp\" alt=\"Dicas imperd\u00edveis para se destacar na entrevista de emprego.\" width=\"1024\" height=\"1024\" title=\"\"><figcaption class=\"wp-caption-text\">Fonte: <a href=\"https:\/\/blog.anhanguera.com\/entrevista-de-emprego\/\" target=\"_blank\" rel=\"noopener\">Blog anhanguera<\/a><\/figcaption><\/figure>\n<p>As <b>entrevistas comportamentais<\/b> s\u00e3o projetadas para entender como voc\u00ea reage em situa\u00e7\u00f5es espec\u00edficas. O recrutador pode perguntar sobre um desafio que voc\u00ea enfrentou e como lidou com ele. Aqui, \u00e9 importante ser honesto e refletir sobre suas experi\u00eancias. Prepare-se para contar hist\u00f3rias que demonstrem suas habilidades e valores, alinhando-os com a cultura da empresa.<\/p>\n<h3>Entrevista t\u00e9cnica<\/h3>\n<p>Se voc\u00ea est\u00e1 se candidatando a uma vaga que exige habilidades t\u00e9cnicas, a <b>entrevista t\u00e9cnica<\/b> ser\u00e1 um momento crucial. O recrutador pode fazer perguntas espec\u00edficas ou at\u00e9 mesmo aplicar um teste pr\u00e1tico. Portanto, revise os conceitos e pr\u00e1ticas relevantes para a posi\u00e7\u00e3o. Mostrar que voc\u00ea tem o conhecimento necess\u00e1rio pode ser o diferencial que voc\u00ea precisa.<\/p>\n<h2>2. Adapte seu visual ao perfil da empresa<\/h2>\n<p>O <b>dress code<\/b> \u00e9 um aspecto que muitas vezes \u00e9 negligenciado, mas pode impactar a sua impress\u00e3o. Vestir-se de acordo com a cultura da empresa demonstra que voc\u00ea se importa e que fez sua li\u00e7\u00e3o de casa. Se a empresa \u00e9 mais formal, opte por um traje adequado. Se for mais casual, ainda assim, evite exageros. A primeira impress\u00e3o \u00e9 a que fica, e seu visual pode dizer muito sobre voc\u00ea antes mesmo de abrir a boca.<\/p>\n<h2>3. Fale com confian\u00e7a sobre suas qualidades e defeitos<\/h2>\n<p>Uma das partes mais desafiadoras da entrevista \u00e9 falar sobre si mesmo. Quando o recrutador perguntar sobre suas <b>qualidades<\/b>, n\u00e3o hesite em destacar suas conquistas e o que voc\u00ea aprendeu ao longo do caminho. E quanto aos <b>defeitos<\/b>? Em vez de cair na armadilha de respostas clich\u00eas, como ser &#8220;perfeccionista&#8221;, escolha algo real e mostre como voc\u00ea est\u00e1 trabalhando para melhorar. Isso demonstra autoconhecimento e vontade de crescer.<\/p>\n<h2>4. Estude sobre a empresa e seus produtos<\/h2>\n<p>Antes da entrevista, \u00e9 essencial fazer uma pesquisa sobre a empresa. Conhecer sua hist\u00f3ria, miss\u00e3o e produtos pode ser um grande diferencial. Isso n\u00e3o s\u00f3 mostra seu interesse, mas tamb\u00e9m evita situa\u00e7\u00f5es constrangedoras. Imagine ser questionado sobre um produto e n\u00e3o saber do que se trata! Al\u00e9m disso, expressar admira\u00e7\u00e3o pela empresa pode ajudar a criar uma conex\u00e3o com o recrutador. Mas cuidado para n\u00e3o parecer bajulador; a sinceridade \u00e9 sempre a melhor pol\u00edtica.<\/p>\n<h2>5. Mostre como sua capacita\u00e7\u00e3o influenciar\u00e1 nos resultados da organiza\u00e7\u00e3o<\/h2>\n<p>O mercado valoriza profissionais capacitados. Ao falar sobre sua forma\u00e7\u00e3o, destaque como suas habilidades podem contribuir para o sucesso da empresa. Se voc\u00ea participou de projetos relevantes ou teve experi\u00eancias que agregaram valor, n\u00e3o hesite em mencion\u00e1-las. Isso demonstra que voc\u00ea n\u00e3o est\u00e1 apenas em busca de um emprego, mas que realmente deseja contribuir para o crescimento da organiza\u00e7\u00e3o.<\/p>\n<h2>6. N\u00e3o demonstre nervosismo ou ansiedade<\/h2>\n<p>\u00c9 normal sentir um frio na barriga antes de uma entrevista, mas \u00e9 crucial controlar a ansiedade. Uma postura confiante pode fazer toda a diferen\u00e7a. Pratique suas respostas em casa, simule a entrevista com amigos ou familiares. Isso n\u00e3o s\u00f3 ajuda a acalmar os nervos, mas tamb\u00e9m a se sentir mais preparado. Lembre-se, o recrutador est\u00e1 l\u00e1 para conhecer voc\u00ea, e uma atitude positiva pode abrir portas.<\/p>\n<h3>Preparado para o Sucesso? Veja o Pr\u00f3ximo Passo para Impulsionar Sua Carreira!<\/h3>\n<p>Com essas dicas, voc\u00ea est\u00e1 mais do que preparado para brilhar na sua pr\u00f3xima entrevista. A confian\u00e7a \u00e9 fundamental, e controlar o nervosismo pode ser a chave para o sucesso. Se voc\u00ea est\u00e1 buscando aprimorar sua forma\u00e7\u00e3o, considere a possibilidade de uma p\u00f3s-gradua\u00e7\u00e3o. O programa <a href=\"https:\/\/blog.anhanguera.com\/processo-seletivo\/\" target=\"_blank\" rel=\"noopener\">Amigo Vale Pr\u00eamio<\/a> pode ser uma excelente oportunidade para se destacar ainda mais no mercado de trabalho.<\/p>\n<p>Investir em sua educa\u00e7\u00e3o \u00e9 um passo importante para alcan\u00e7ar seus objetivos profissionais. N\u00e3o perca a chance de se preparar e se destacar nas entrevistas. Boa sorte!<\/p>\n<h2>Conclus\u00e3o<\/h2>\n<p>Em resumo, a prepara\u00e7\u00e3o \u00e9 a alma do neg\u00f3cio quando se trata de entrevistas de emprego. Desde entender os diferentes tipos de entrevistas at\u00e9 adaptar seu visual e falar com confian\u00e7a sobre suas experi\u00eancias, cada detalhe conta. Lembre-se de que a autoconfian\u00e7a e o conhecimento sobre a empresa podem ser seus maiores aliados. Com essas dicas em mente, voc\u00ea estar\u00e1 pronto para enfrentar qualquer desafio e conquistar a vaga dos seus sonhos.<\/p>\n<p><iframe width=\"560\" height=\"315\" src=\"https:\/\/www.youtube.com\/embed\/YxmGKWf7RqU\" title=\"YouTube video player\" frameborder=\"0\" allow=\"accelerometer; autoplay; clipboard-write; encrypted-media; gyroscope; picture-in-picture; web-share\" referrerpolicy=\"strict-origin-when-cross-origin\" allowfullscreen><\/iframe><\/p>\n","protected":false},"excerpt":{"rendered":"<p>Conseguir uma entrevista de emprego \u00e9 um passo crucial na busca por uma nova oportunidade, mas a ansiedade pode ser um grande obst\u00e1culo. Neste artigo, vou compartilhar dicas valiosas que me ajudaram a me destacar em entrevistas e que podem fazer a diferen\u00e7a na sua jornada profissional. 1. Esteja preparado para diferentes tipos de entrevista [&hellip;]<\/p>\n","protected":false},"author":20,"featured_media":137886,"comment_status":"closed","ping_status":"closed","sticky":false,"template":"","format":"standard","meta":{"footnotes":""},"categories":[6,35497],"tags":[],"class_list":["post-137887","post","type-post","status-publish","format-standard","has-post-thumbnail","category-carreira-de-arquitetura","category-estudante"],"_wp_attached_file":null,"_wp_attachment_metadata":null,"_wp_attachment_context":null,"_wp_attachment_is_custom_header":null,"geo_longitude":null,"geo_public":null,"geo_latitude":null,"_publicize_done_external":null,"_wpas_done_3897181":null,"publicize_twitter_user":null,"_wpas_done_3897175":null,"_wpas_skip_3897181":null,"_wpas_skip_3897175":null,"_wpas_skip_3924723":null,"_wpas_mess":null,"_wpas_done_3924723":null,"wps_subtitle":"","_links":{"self":[{"href":"https:\/\/www.aarquiteta.com.br\/blog\/wp-json\/wp\/v2\/posts\/137887","targetHints":{"allow":["GET"]}}],"collection":[{"href":"https:\/\/www.aarquiteta.com.br\/blog\/wp-json\/wp\/v2\/posts"}],"about":[{"href":"https:\/\/www.aarquiteta.com.br\/blog\/wp-json\/wp\/v2\/types\/post"}],"author":[{"embeddable":true,"href":"https:\/\/www.aarquiteta.com.br\/blog\/wp-json\/wp\/v2\/users\/20"}],"replies":[{"embeddable":true,"href":"https:\/\/www.aarquiteta.com.br\/blog\/wp-json\/wp\/v2\/comments?post=137887"}],"version-history":[{"count":0,"href":"https:\/\/www.aarquiteta.com.br\/blog\/wp-json\/wp\/v2\/posts\/137887\/revisions"}],"wp:featuredmedia":[{"embeddable":true,"href":"https:\/\/www.aarquiteta.com.br\/blog\/wp-json\/wp\/v2\/media\/137886"}],"wp:attachment":[{"href":"https:\/\/www.aarquiteta.com.br\/blog\/wp-json\/wp\/v2\/media?parent=137887"}],"wp:term":[{"taxonomy":"category","embeddable":true,"href":"https:\/\/www.aarquiteta.com.br\/blog\/wp-json\/wp\/v2\/categories?post=137887"},{"taxonomy":"post_tag","embeddable":true,"href":"https:\/\/www.aarquiteta.com.br\/blog\/wp-json\/wp\/v2\/tags?post=137887"}],"curies":[{"name":"wp","href":"https:\/\/api.w.org\/{rel}","templated":true}]}}