{"id":137871,"date":"2024-12-16T16:44:10","date_gmt":"2024-12-16T19:44:10","guid":{"rendered":"https:\/\/www.aarquiteta.com.br\/blog\/pedra-miracema-2\/"},"modified":"2024-12-17T11:20:29","modified_gmt":"2024-12-17T14:20:29","slug":"pedra-miracema-2","status":"publish","type":"post","link":"https:\/\/www.aarquiteta.com.br\/blog\/pedra-miracema-2\/","title":{"rendered":"5 Dicas e inspira\u00e7\u00f5es para o uso da pedra miracema"},"content":{"rendered":"<p><body><\/p>\n<p>A Pedra Miracema \u00e9 uma escolha popular entre arquitetos e construtores devido \u00e0 sua <b>durabilidade<\/b> e <b>est\u00e9tica variada<\/b>. Com op\u00e7\u00f5es que v\u00e3o do cinza ao rosa, ela combina a rusticidade com uma <b>modernidade<\/b> que atrai olhares. Neste artigo, vou mostrar como usar e aplicar essa pedra em diferentes ambientes.<\/p>\n<h2>1. Introdu\u00e7\u00e3o<\/h2>\n<p>Quando se trata de revestimentos, a Pedra Miracema se insere como uma verdadeira <b>j\u00f3ia<\/b> da constru\u00e7\u00e3o civil. Com materiais que se adaptam a diferentes estilos, ela funciona tanto em \u00e1reas externas, como cal\u00e7adas, quanto em interiores, dando aquele toque especial ao espa\u00e7o.<\/p>\n<h2>2. Cores da Pedra Miracema<\/h2>\n<p>A diversidade das cores da Pedra Miracema \u00e9 uma das suas grandes atra\u00e7\u00f5es. As tonalidades dispon\u00edveis permitem uma infinidade de combina\u00e7\u00f5es e aplica\u00e7\u00f5es. Vamos explorar algumas das mais populares:<\/p>\n<h3>2.1 Cinza<\/h3>\n<figure style=\"width: 1024px\" class=\"wp-caption aligncenter\"><img decoding=\"async\" src=\"https:\/\/www.aarquiteta.com.br\/blog\/wp-content\/uploads\/2024\/12\/pedra-miracema-1-730x730.jpg\" alt=\"Foto de pedra miracema em uma escada\" title=\"\"><figcaption class=\"wp-caption-text\">Foto de pedra miracema em uma escada<\/figcaption><\/figure>\n<p><b>O cinza<\/b> \u00e9, sem d\u00favida, a cor mais encontrada. \u00c9 ideal para cal\u00e7adas e locais de grande circula\u00e7\u00e3o, j\u00e1 que <b>oculta a sujeira<\/b> e d\u00e1 um ar de sofistica\u00e7\u00e3o ao espa\u00e7o. Voc\u00ea consegue visualiz\u00e1-la em projetos que mesclam funcionalidade e estilo.<\/p>\n<h3>2.2 Branca<\/h3>\n<figure style=\"width: 1024px\" class=\"wp-caption aligncenter\"><img decoding=\"async\" src=\"https:\/\/www.aarquiteta.com.br\/blog\/wp-content\/uploads\/2024\/12\/pedra-miracema01.jpg\" alt=\"Dicas e inspira\u00e7\u00f5es para o uso da pedra miracema\" width=\"1024\" height=\"1024\" title=\"\"><figcaption class=\"wp-caption-text\">Dicas e inspira\u00e7\u00f5es para o uso da pedra miracema<\/figcaption><\/figure>\n<p>A pedra <b>branca<\/b> \u00e9 mais delicada e, embora n\u00e3o seja recomendada para \u00e1reas com muito movimento devido \u00e0 tend\u00eancia de sujeira, ela pode ser usada em <b>mosaicos decorativos<\/b> e reuni\u00f5es de \u00e1reas de entrada. Imagine uma borda elegante que real\u00e7a o charme da sua casa.<\/p>\n<h3>2.3 Rosa<\/h3>\n<figure style=\"width: 1024px\" class=\"wp-caption aligncenter\"><img decoding=\"async\" src=\"https:\/\/www.aarquiteta.com.br\/blog\/wp-content\/uploads\/2024\/12\/pedra-miracema-capa-1.jpg\" alt=\"Capa do artigo sobre a pedra miracema\" title=\"\"><figcaption class=\"wp-caption-text\">Capa do artigo sobre a pedra miracema<\/figcaption><\/figure>\n<p>Ah, o <b>rosa<\/b>! Essa cor tem seu pr\u00f3prio charme e personalidade. Usada em ambientes internos, ela traz uma atmosfera acolhedora e diferenciada. As combina\u00e7\u00f5es com outras pedras tornam o espa\u00e7o \u00fanico e traz um toque de leveza.<\/p>\n<h3>2.4 Amarela<\/h3>\n<figure style=\"width: 1024px\" class=\"wp-caption aligncenter\"><img decoding=\"async\" src=\"https:\/\/www.aarquiteta.com.br\/blog\/wp-content\/uploads\/2024\/12\/pedra-miracema02.jpg\" alt=\"Dicas e inspira\u00e7\u00f5es para o uso da pedra miracema\" width=\"1024\" height=\"1024\" title=\"\"><figcaption class=\"wp-caption-text\">Dicas e inspira\u00e7\u00f5es para o uso da pedra miracema<\/figcaption><\/figure>\n<p>Com o <b>amarelo<\/b>, a uniformidade \u00e9 garantida. Essa cor \u00e9 muito utilizada em \u00e1reas externas, proporcionando um contraste vibrante com o ambiente \u00e0 sua volta, ideal para \u00e1reas de piscina ou para criar um caminho alegre e convidativo.<\/p>\n<h2>3. Aplica\u00e7\u00f5es da Pedra Miracema<\/h2>\n<h3>3.1 Ambientes Externos<\/h3>\n<figure style=\"width: 1024px\" class=\"wp-caption aligncenter\"><img decoding=\"async\" src=\"https:\/\/www.aarquiteta.com.br\/blog\/wp-content\/uploads\/2024\/12\/pedra-miracema-cinza-730x449.jpg\" alt=\"Foto de pedra miracema cinza\" title=\"\"><figcaption class=\"wp-caption-text\">Foto de pedra miracema cinza<\/figcaption><\/figure>\n<p>Na parte externa, a Pedra Miracema se destaca em entradas e caminhos, onde <b>charmosas boas-vindas<\/b> s\u00e3o essenciais. Imagine uma trilha que leva ao seu lar, toda revestida por essa pedra, fazendo com que os visitantes se sintam aquecidos desde o primeiro passo.<\/p>\n<h3>3.2 Ambientes Internos<\/h3>\n<figure style=\"width: 1024px\" class=\"wp-caption aligncenter\"><img decoding=\"async\" src=\"https:\/\/www.aarquiteta.com.br\/blog\/wp-content\/uploads\/2024\/12\/pedra-miracema03.jpg\" alt=\"Dicas e inspira\u00e7\u00f5es para o uso da pedra miracema\" width=\"1024\" height=\"1024\" title=\"\"><figcaption class=\"wp-caption-text\">Dicas e inspira\u00e7\u00f5es para o uso da pedra miracema<\/figcaption><\/figure>\n<p>Internamente, a aplica\u00e7\u00e3o pode ser ainda mais inovadora. Seja em <b>escadas<\/b> ou halls de entrada, a pedra traz um ar de eleg\u00e2ncia e rusticidade, contrastando com elementos mais modernos. Tais espa\u00e7os se tornam <b>mem\u00f3rias visuais<\/b> que refletem o estilo dos moradores.<\/p>\n<h2>4. Vantagens da Pedra Miracema<\/h2>\n<p>A resist\u00eancia da Pedra Miracema vai al\u00e9m da apar\u00eancia. Al\u00e9m da bel\u00edssima est\u00e9tica, o material \u00e9 <b>extremamente dur\u00e1vel<\/b> e de f\u00e1cil manuten\u00e7\u00e3o. Isso significa que voc\u00ea ter\u00e1 um revestimento que aguenta o tranco do dia a dia, mantendo a beleza quase intacta com o passar do tempo.<\/p>\n<h2>5. Pre\u00e7o da Pedra Miracema<\/h2>\n<p>Com um pre\u00e7o que come\u00e7a a partir de <b>R$ 15 o m\u00b2<\/b>, a Pedra Miracema se apresenta como uma op\u00e7\u00e3o acess\u00edvel. Isso, claro, depende da variedade escolhida. Para quem deseja instalar, muitas lojas oferecem servi\u00e7os de <b>instala\u00e7\u00e3o<\/b>, facilitando a vida dos consumidores.<\/p>\n<h2>6. Conclus\u00e3o<\/h2>\n<p>Resumindo, a Pedra Miracema \u00e9 uma <b>escolha inteligente<\/b> para quem busca combina\u00e7\u00e3o perfeita entre beleza e resist\u00eancia. Sua versatilidade a torna ideal para diversos ambientes, podendo transformar qualquer espa\u00e7o, de forma \u00fanica e especial. Se voc\u00ea est\u00e1 pensando em dar um ar novo \u00e0 sua casa, considere a Pedra Miracema \u2014 com certeza, ela n\u00e3o vai decepcionar!<\/p>\n<p><\/body><br \/>\n<figure style=\"width: 1024px\" class=\"wp-caption aligncenter\"><img decoding=\"async\" src=\"https:\/\/www.aarquiteta.com.br\/blog\/wp-content\/uploads\/2024\/12\/pedra-miracema-branca-730x449.jpg\" alt=\"Foto de pedra miracema branca\" title=\"\"><figcaption class=\"wp-caption-text\">Foto de pedra miracema branca<\/figcaption><\/figure>\n<figure style=\"width: 1024px\" class=\"wp-caption aligncenter\"><img decoding=\"async\" src=\"https:\/\/www.aarquiteta.com.br\/blog\/wp-content\/uploads\/2024\/12\/pedra-miracema4.jpg\" alt=\"Dicas e inspira\u00e7\u00f5es para o uso da pedra miracema\" width=\"1024\" height=\"1024\" title=\"\"><figcaption class=\"wp-caption-text\">Dicas e inspira\u00e7\u00f5es para o uso da pedra miracema<\/figcaption><\/figure>\n<figure style=\"width: 1024px\" class=\"wp-caption aligncenter\"><img decoding=\"async\" src=\"https:\/\/www.aarquiteta.com.br\/blog\/wp-content\/uploads\/2024\/12\/pedra-miracema-rosa-730x449.jpg\" alt=\"Foto de pedra miracema rosa\" title=\"\"><figcaption class=\"wp-caption-text\">Foto de pedra miracema rosa<\/figcaption><\/figure>\n<h3>Para se aprofundar mais sobre o tema, veja a minha recomenda\u00e7\u00e3o sobre o tema deste artigo no v\u00eddeo a seguir abaixo:<\/h3>\n<p><iframe title=\"YouTube video player\" src=\"https:\/\/www.youtube.com\/embed\/3Uqrzt36-F0\" width=\"560\" height=\"315\" frameborder=\"0\" allowfullscreen=\"allowfullscreen\"><\/iframe><\/p>\n<figure style=\"width: 1024px\" class=\"wp-caption aligncenter\"><img decoding=\"async\" src=\"https:\/\/www.aarquiteta.com.br\/blog\/wp-content\/uploads\/2024\/12\/pedra-miracema-amarela-730x449.jpg\" alt=\"Foto de pedra miracema amarela\" title=\"\"><figcaption class=\"wp-caption-text\">Foto de pedra miracema amarela<\/figcaption><\/figure>\n","protected":false},"excerpt":{"rendered":"<p>Conhe\u00e7a dicas, dicas e inspira\u00e7\u00f5es para utilizar a pedra miracema em ambientes internos e externos.<\/p>\n","protected":false},"author":102,"featured_media":137864,"comment_status":"closed","ping_status":"closed","sticky":false,"template":"","format":"standard","meta":{"footnotes":""},"categories":[1484],"tags":[],"class_list":["post-137871","post","type-post","status-publish","format-standard","has-post-thumbnail","category-decoracao"],"_wp_attached_file":null,"_wp_attachment_metadata":null,"_wp_attachment_context":null,"_wp_attachment_is_custom_header":null,"geo_longitude":null,"geo_public":null,"geo_latitude":null,"_publicize_done_external":null,"_wpas_done_3897181":null,"publicize_twitter_user":null,"_wpas_done_3897175":null,"_wpas_skip_3897181":null,"_wpas_skip_3897175":null,"_wpas_skip_3924723":null,"_wpas_mess":null,"_wpas_done_3924723":null,"wps_subtitle":"","_links":{"self":[{"href":"https:\/\/www.aarquiteta.com.br\/blog\/wp-json\/wp\/v2\/posts\/137871","targetHints":{"allow":["GET"]}}],"collection":[{"href":"https:\/\/www.aarquiteta.com.br\/blog\/wp-json\/wp\/v2\/posts"}],"about":[{"href":"https:\/\/www.aarquiteta.com.br\/blog\/wp-json\/wp\/v2\/types\/post"}],"author":[{"embeddable":true,"href":"https:\/\/www.aarquiteta.com.br\/blog\/wp-json\/wp\/v2\/users\/102"}],"replies":[{"embeddable":true,"href":"https:\/\/www.aarquiteta.com.br\/blog\/wp-json\/wp\/v2\/comments?post=137871"}],"version-history":[{"count":0,"href":"https:\/\/www.aarquiteta.com.br\/blog\/wp-json\/wp\/v2\/posts\/137871\/revisions"}],"wp:featuredmedia":[{"embeddable":true,"href":"https:\/\/www.aarquiteta.com.br\/blog\/wp-json\/wp\/v2\/media\/137864"}],"wp:attachment":[{"href":"https:\/\/www.aarquiteta.com.br\/blog\/wp-json\/wp\/v2\/media?parent=137871"}],"wp:term":[{"taxonomy":"category","embeddable":true,"href":"https:\/\/www.aarquiteta.com.br\/blog\/wp-json\/wp\/v2\/categories?post=137871"},{"taxonomy":"post_tag","embeddable":true,"href":"https:\/\/www.aarquiteta.com.br\/blog\/wp-json\/wp\/v2\/tags?post=137871"}],"curies":[{"name":"wp","href":"https:\/\/api.w.org\/{rel}","templated":true}]}}