{"id":137824,"date":"2024-12-16T11:58:48","date_gmt":"2024-12-16T14:58:48","guid":{"rendered":"https:\/\/www.aarquiteta.com.br\/blog\/organizacao-para-espacos-pequenos-como-aproveitar-melhor-o-seu-espaco\/"},"modified":"2024-12-16T11:58:48","modified_gmt":"2024-12-16T14:58:48","slug":"organizacao-para-espacos-pequenos-como-aproveitar-melhor-o-seu-espaco","status":"publish","type":"post","link":"https:\/\/www.aarquiteta.com.br\/blog\/organizacao-para-espacos-pequenos-como-aproveitar-melhor-o-seu-espaco\/","title":{"rendered":"Dicas de organiza\u00e7\u00e3o para ambientes pequenos"},"content":{"rendered":"<p><body><\/p>\n<p>Descubra dicas pr\u00e1ticas para otimizar e organizar espa\u00e7os pequenos em sua casa. Com essas estrat\u00e9gias, voc\u00ea pode transformar seu ambiente em um lugar funcional e aconchegante, sem perder o estilo.<\/p>\n<h2>Organiza\u00e7\u00e3o para espa\u00e7os pequenos: como aproveitar melhor o seu espa\u00e7o<\/h2>\n<h2>Resumo dos Principais Pontos<\/h2>\n<ul>\n<li><b>Manuten\u00e7\u00e3o da Organiza\u00e7\u00e3o:<\/b> A organiza\u00e7\u00e3o \u00e9 essencial para tudo fluir bem em um espa\u00e7o pequeno.<\/li>\n<li><b>Uso de Estantes:<\/b> Instalar prateleiras nas paredes \u00e9 uma maneira inteligente de liberar espa\u00e7o no ch\u00e3o.<\/li>\n<li><b>Portas de Correr:<\/b> Optar por portas de correr aumenta a circula\u00e7\u00e3o e acessibilidade do ambiente.<\/li>\n<li><b>M\u00f3veis Sob Medida:<\/b> M\u00f3veis que atendem as necessidades do espa\u00e7o fazem toda a diferen\u00e7a.<\/li>\n<li><b>Ilumina\u00e7\u00e3o e Cores Claras:<\/b> A ilumina\u00e7\u00e3o adequada e tons claros criam uma sensa\u00e7\u00e3o de amplitude.<\/li>\n<\/ul>\n<h2>Introdu\u00e7\u00e3o<\/h2>\n<p>Quando estou imerso em projetos com espa\u00e7o limitado, a <b>organiza\u00e7\u00e3o<\/b> se torna a estrela do show. \u00c0s vezes, parece que precisamos apertar tudo em um copo d&#8217;\u00e1gua. Por\u00e9m, \u00e9 surpreendente como podemos <b>maximizar<\/b> cada cent\u00edmetro sem perder a eleg\u00e2ncia. Por isso, vou compartilhar algumas dicas que, se colocadas em pr\u00e1tica, podem transformar qualquer cantinho em um lar aconchegante e funcional.<\/p>\n<h2>Mantenha a organiza\u00e7\u00e3o em todos os lugares<\/h2>\n<h3>O Poder da Ordem<\/h3>\n<figure style=\"width: 1024px\" class=\"wp-caption aligncenter\"><img decoding=\"async\" src=\"https:\/\/www.aarquiteta.com.br\/blog\/wp-content\/uploads\/2024\/12\/organizacao-para-espacos-pequenos-como-aproveitar-melhor-o-seu-espaco01.jpg\" alt=\"Dicas de organiza\u00e7\u00e3o para ambientes pequenos\" width=\"1024\" height=\"1024\" title=\"\"><figcaption class=\"wp-caption-text\">Dicas de organiza\u00e7\u00e3o para ambientes pequenos<\/figcaption><\/figure>\n<p>Olha, manter a organiza\u00e7\u00e3o \u00e9 como colocar o cora\u00e7\u00e3o no ritmo certo de uma can\u00e7\u00e3o. Sem isso, o ambiente pode ficar uma verdadeira bagun\u00e7a! Cada item precisa ter seu devido lugar, desde os utens\u00edlios de cozinha at\u00e9 os livros na estante. Se voc\u00ea tiver <b>arm\u00e1rios e caixas<\/b> bem organizados, isso evita que o espa\u00e7o pare\u00e7a apinhado, criando uma atmosfera leve e agrad\u00e1vel.<\/p>\n<h2>Use estantes, prateleiras e nichos<\/h2>\n<h3>Maximizando as Paredes<\/h3>\n<figure style=\"width: 1024px\" class=\"wp-caption aligncenter\"><img decoding=\"async\" src=\"https:\/\/www.aarquiteta.com.br\/blog\/wp-content\/uploads\/2024\/12\/organizacaoparaespacospequenosbeliche-3-1.jpeg.webp\" alt=\"Organiza\u00e7\u00e3o para espa\u00e7os pequenos, cama-beliche\" title=\"\"><figcaption class=\"wp-caption-text\">Organiza\u00e7\u00e3o para espa\u00e7os pequenos, cama-beliche<\/figcaption><\/figure>\n<p>As paredes s\u00e3o como uma tela em branco pronta para a obra-prima da organiza\u00e7\u00e3o! Colocar estantes, prateleiras e nichos liberam o ch\u00e3o e ainda geram um espa\u00e7o est\u00e9tico. N\u00e3o \u00e9 s\u00f3 funcional, tamb\u00e9m \u00e9 uma maneira de expor suas <b>decora\u00e7\u00f5es<\/b> ou livros preferidos. Cada prateleira pode contar uma hist\u00f3ria sobre quem voc\u00ea \u00e9, dando ao ambiente um toque pessoal.<\/p>\n<h2>Invista em portas de correr<\/h2>\n<h3>Vantagens das Portas de Correr<\/h3>\n<figure style=\"width: 1024px\" class=\"wp-caption aligncenter\"><img decoding=\"async\" src=\"https:\/\/www.aarquiteta.com.br\/blog\/wp-content\/uploads\/2024\/12\/organizacaoparaespacospequenos-3-1.jpeg.webp\" alt=\"Organiza\u00e7\u00e3o para espa\u00e7os pequenos\" title=\"\"><figcaption class=\"wp-caption-text\">Organiza\u00e7\u00e3o para espa\u00e7os pequenos<\/figcaption><\/figure>\n<p>N\u00e3o d\u00e1 para negar, portas de correr s\u00e3o como a dan\u00e7a dos m\u00f3veis\u2014ajudam a criar um fluxo tranquilo. Elas ocupam menos espa\u00e7o e evitam aquelas batidas desastradas. Imagine abrir uma porta e n\u00e3o ter que fazer uma manobra de dan\u00e7a no corredor! Isso \u00e9 a liberdade em seu lar<\/p>\n<h2>M\u00f3veis sob medida<\/h2>\n<h3>Criando Espa\u00e7os Funcionais<\/h3>\n<figure style=\"width: 1024px\" class=\"wp-caption aligncenter\"><img decoding=\"async\" src=\"https:\/\/www.aarquiteta.com.br\/blog\/wp-content\/uploads\/2024\/12\/organizacao-para-espacos-pequenos-como-aproveitar-melhor-o-seu-espaco02.jpg\" alt=\"Dicas de organiza\u00e7\u00e3o para ambientes pequenos\" width=\"1024\" height=\"1024\" title=\"\"><figcaption class=\"wp-caption-text\">Dicas de organiza\u00e7\u00e3o para ambientes pequenos<\/figcaption><\/figure>\n<p>Quando falo em m\u00f3veis sob medida, a imagina\u00e7\u00e3o voa! Eles se ajustam ao espa\u00e7o como se tivessem nascido para isso. \u00c9 preciso pensar em ergonomia e est\u00e9tica. Assim, voc\u00ea tem um <b>design<\/b> harmonioso que se encaixa perfeitamente no ambiente, garantindo conforto e praticidade. E, c\u00e1 entre n\u00f3s, quem n\u00e3o ama um m\u00f3vel que se destaca e ainda \u00e9 super pr\u00e1tico?<\/p>\n<h2>Ilumina\u00e7\u00e3o e cores claras<\/h2>\n<h3>Um Toque de Amplitude<\/h3>\n<figure style=\"width: 1024px\" class=\"wp-caption aligncenter\"><img decoding=\"async\" src=\"https:\/\/www.aarquiteta.com.br\/blog\/wp-content\/uploads\/2024\/12\/organizacaoparaespacospequenosprateleira-3-1.jpeg.webp\" alt=\"Organiza\u00e7\u00e3o para espa\u00e7os pequenos, prateleira\" title=\"\"><figcaption class=\"wp-caption-text\">Organiza\u00e7\u00e3o para espa\u00e7os pequenos, prateleira<\/figcaption><\/figure>\n<p>Se a luz \u00e9 a alma da festa, ent\u00e3o as cores claras s\u00e3o os brilhantes convidados. Um ambiente claro, bem iluminado, d\u00e1 a sensa\u00e7\u00e3o de espa\u00e7o amplo. Nunca subestime o poder da <b>ilumina\u00e7\u00e3o<\/b>\u2014ela pode transformar at\u00e9 o quarto mais apertado em um local convidativo. O truque \u00e9 misturar cores claras e janelas amplas para trazer aquela energia positiva!<\/p>\n<h2>Conclus\u00e3o<\/h2>\n<p>Aplicar essas dicas \u00e9 como dar um banho de luz e organiza\u00e7\u00e3o no seu espa\u00e7o. Afinal, com uma pitada de criatividade e algumas solu\u00e7\u00f5es pr\u00e1ticas, voc\u00ea pode muito bem transformar o que parece ser um espa\u00e7o apertado em um verdadeiro lar doce lar. Vamos l\u00e1, que tal come\u00e7ar hoje? Seu ambiente agradece e sua alma tamb\u00e9m!<\/p>\n<p><\/body><br \/>\n<figure style=\"width: 1024px\" class=\"wp-caption aligncenter\"><img decoding=\"async\" src=\"https:\/\/www.aarquiteta.com.br\/blog\/wp-content\/uploads\/2024\/12\/organizacao-para-espacos-pequenos-como-aproveitar-melhor-o-seu-espaco03.jpg\" alt=\"Dicas de organiza\u00e7\u00e3o para ambientes pequenos\" width=\"1024\" height=\"1024\" title=\"\"><figcaption class=\"wp-caption-text\">Dicas de organiza\u00e7\u00e3o para ambientes pequenos<\/figcaption><\/figure>\n<figure style=\"width: 1024px\" class=\"wp-caption aligncenter\"><img decoding=\"async\" src=\"https:\/\/arquitetodebolso.com.br\/wp-content\/uploads\/2024\/01\/organizacaoparaespacospequenosporta-decorrer-3-1.jpeg.webp\" alt=\"Organiza\u00e7\u00e3o para espa\u00e7os pequenos, porta de correr\" title=\"\"><figcaption class=\"wp-caption-text\">Organiza\u00e7\u00e3o para espa\u00e7os pequenos, porta de correr<\/figcaption><\/figure>\n<figure style=\"width: 1024px\" class=\"wp-caption aligncenter\"><img decoding=\"async\" src=\"https:\/\/www.aarquiteta.com.br\/blog\/wp-content\/uploads\/2024\/12\/organizacao-para-espacos-pequenos-como-aproveitar-melhor-o-seu-espaco4.jpg\" alt=\"Dicas de organiza\u00e7\u00e3o para ambientes pequenos\" width=\"1024\" height=\"1024\" title=\"\"><figcaption class=\"wp-caption-text\">Dicas de organiza\u00e7\u00e3o para ambientes pequenos<\/figcaption><\/figure>\n<figure style=\"width: 1024px\" class=\"wp-caption aligncenter\"><img decoding=\"async\" src=\"https:\/\/www.aarquiteta.com.br\/blog\/wp-content\/uploads\/2024\/12\/organizacaoparaespacospequenosmoveis-3-1.jpeg.webp\" alt=\"Organiza\u00e7\u00e3o para espa\u00e7os pequenos, m\u00f3veis\" title=\"\"><figcaption class=\"wp-caption-text\">Organiza\u00e7\u00e3o para espa\u00e7os pequenos, m\u00f3veis<\/figcaption><\/figure>\n<p><iframe title=\"YouTube video player\" src=\"https:\/\/www.youtube.com\/embed\/YKM0JuETuic\" width=\"560\" height=\"315\" frameborder=\"0\" allowfullscreen=\"allowfullscreen\"><\/iframe><\/p>\n<figure style=\"width: 1024px\" class=\"wp-caption aligncenter\"><img decoding=\"async\" src=\"https:\/\/www.aarquiteta.com.br\/blog\/wp-content\/uploads\/2024\/12\/organizacaoparaespacospequenosiluminacao-3-1.jpeg.webp\" alt=\"Organiza\u00e7\u00e3o para espa\u00e7os pequenos, ilumina\u00e7\u00e3o\" title=\"\"><figcaption class=\"wp-caption-text\">Organiza\u00e7\u00e3o para espa\u00e7os pequenos, ilumina\u00e7\u00e3o<\/figcaption><\/figure>\n","protected":false},"excerpt":{"rendered":"<p>Aprenda a organizar espa\u00e7os pequenos com dicas pr\u00e1ticas e criativas para otimizar seu lar com estilo.<\/p>\n","protected":false},"author":102,"featured_media":137818,"comment_status":"closed","ping_status":"closed","sticky":false,"template":"","format":"standard","meta":{"footnotes":""},"categories":[1507,6,249],"tags":[],"class_list":["post-137824","post","type-post","status-publish","format-standard","has-post-thumbnail","category-arquitetura","category-carreira-de-arquitetura","category-engenharia-e-construcao-civil"],"_wp_attached_file":null,"_wp_attachment_metadata":null,"_wp_attachment_context":null,"_wp_attachment_is_custom_header":null,"geo_longitude":null,"geo_public":null,"geo_latitude":null,"_publicize_done_external":null,"_wpas_done_3897181":null,"publicize_twitter_user":null,"_wpas_done_3897175":null,"_wpas_skip_3897181":null,"_wpas_skip_3897175":null,"_wpas_skip_3924723":null,"_wpas_mess":null,"_wpas_done_3924723":null,"wps_subtitle":"","_links":{"self":[{"href":"https:\/\/www.aarquiteta.com.br\/blog\/wp-json\/wp\/v2\/posts\/137824","targetHints":{"allow":["GET"]}}],"collection":[{"href":"https:\/\/www.aarquiteta.com.br\/blog\/wp-json\/wp\/v2\/posts"}],"about":[{"href":"https:\/\/www.aarquiteta.com.br\/blog\/wp-json\/wp\/v2\/types\/post"}],"author":[{"embeddable":true,"href":"https:\/\/www.aarquiteta.com.br\/blog\/wp-json\/wp\/v2\/users\/102"}],"replies":[{"embeddable":true,"href":"https:\/\/www.aarquiteta.com.br\/blog\/wp-json\/wp\/v2\/comments?post=137824"}],"version-history":[{"count":0,"href":"https:\/\/www.aarquiteta.com.br\/blog\/wp-json\/wp\/v2\/posts\/137824\/revisions"}],"wp:featuredmedia":[{"embeddable":true,"href":"https:\/\/www.aarquiteta.com.br\/blog\/wp-json\/wp\/v2\/media\/137818"}],"wp:attachment":[{"href":"https:\/\/www.aarquiteta.com.br\/blog\/wp-json\/wp\/v2\/media?parent=137824"}],"wp:term":[{"taxonomy":"category","embeddable":true,"href":"https:\/\/www.aarquiteta.com.br\/blog\/wp-json\/wp\/v2\/categories?post=137824"},{"taxonomy":"post_tag","embeddable":true,"href":"https:\/\/www.aarquiteta.com.br\/blog\/wp-json\/wp\/v2\/tags?post=137824"}],"curies":[{"name":"wp","href":"https:\/\/api.w.org\/{rel}","templated":true}]}}