{"id":137795,"date":"2024-12-15T21:09:34","date_gmt":"2024-12-16T00:09:34","guid":{"rendered":"https:\/\/www.aarquiteta.com.br\/blog\/antifadiga\/"},"modified":"2024-12-15T21:09:34","modified_gmt":"2024-12-16T00:09:34","slug":"antifadiga","status":"publish","type":"post","link":"https:\/\/www.aarquiteta.com.br\/blog\/antifadiga\/","title":{"rendered":"Descubra as melhores dicas para combater a fadiga."},"content":{"rendered":"<p>Os tratamentos antifadiga est\u00e3o em alta, prometendo revitalizar a apar\u00eancia cansada da pele e trazer de volta aquele brilho saud\u00e1vel que todos n\u00f3s desejamos. Se voc\u00ea est\u00e1 curioso sobre como esses procedimentos podem transformar sua rotina de cuidados, continue lendo!<\/p>\n<h2>Pontos principais do artigo:<\/h2>\n<ul>\n<li><b>Tratamentos antifadiga<\/b> s\u00e3o procedimentos est\u00e9ticos que visam revitalizar a pele e reduzir sinais de cansa\u00e7o.<\/li>\n<li>A crescente <b>preocupa\u00e7\u00e3o com a apar\u00eancia<\/b> e o bem-estar tem impulsionado a demanda por esses tratamentos.<\/li>\n<li>O futuro do mercado de est\u00e9tica promete <b>personaliza\u00e7\u00e3o<\/b> e uso de ingredientes naturais.<\/li>\n<li>Esses tratamentos n\u00e3o apenas melhoram a est\u00e9tica, mas tamb\u00e9m promovem <b>sa\u00fade e bem-estar<\/b>.<\/li>\n<li>A busca por uma apar\u00eancia descansada reflete um <b>comportamento saud\u00e1vel<\/b> que est\u00e1 se consolidando na sociedade.<\/li>\n<li>Para quem deseja se aprofundar na \u00e1rea, h\u00e1 oportunidades de <b>forma\u00e7\u00e3o em Est\u00e9tica e Cosm\u00e9tica<\/b>.<\/li>\n<\/ul>\n<h2>O que s\u00e3o tratamentos antifadiga?<\/h2>\n<p>Os <b>tratamentos antifadiga<\/b> s\u00e3o como um sopro de vida para a pele cansada. Eles englobam uma variedade de t\u00e9cnicas e procedimentos que t\u00eam como objetivo principal revitalizar a apar\u00eancia do rosto e do corpo. Imagine um dia em que voc\u00ea acorda e se olha no espelho, e ao inv\u00e9s de ver olheiras profundas e uma pele sem brilho, voc\u00ea se depara com um reflexo radiante e cheio de vida. \u00c9 isso que esses tratamentos prometem!<\/p>\n<p>Esses procedimentos podem incluir desde <b>limpezas de pele<\/b> profundas at\u00e9 t\u00e9cnicas mais avan\u00e7adas, como preenchimentos e peelings. O foco \u00e9 sempre o mesmo: reduzir os sinais de cansa\u00e7o, como rugas, incha\u00e7o e, claro, aquelas olheiras que parecem contar a hist\u00f3ria de noites mal dormidas. A ideia \u00e9 que, ao final do tratamento, voc\u00ea se sinta n\u00e3o apenas mais bonito, mas tamb\u00e9m mais confiante.<\/p>\n<h2>Por que se tornou uma tend\u00eancia em Est\u00e9tica e Cosm\u00e9tica?<\/h2>\n<p>Nos \u00faltimos anos, a <b>preocupa\u00e7\u00e3o com a apar\u00eancia<\/b> e o bem-estar tem crescido de forma exponencial. De acordo com a Sociedade Brasileira de Dermatologia, a procura por procedimentos est\u00e9ticos aumentou em 390% no primeiro semestre de 2022 em compara\u00e7\u00e3o ao ano anterior. Isso \u00e9 um n\u00famero impressionante, n\u00e3o \u00e9 mesmo? Essa busca por tratamentos antifadiga reflete uma mudan\u00e7a de comportamento na sociedade, onde as pessoas est\u00e3o cada vez mais atentas \u00e0 sua sa\u00fade e apar\u00eancia.<\/p>\n<p>Com a rotina corrida e o estresse do dia a dia, \u00e9 natural que a apar\u00eancia comece a refletir esse desgaste. Muitas vezes, a primeira impress\u00e3o que deixamos nas pessoas \u00e9 a nossa apar\u00eancia, e isso pode impactar at\u00e9 mesmo a vida profissional. Portanto, n\u00e3o \u00e9 surpresa que muitos estejam em busca de solu\u00e7\u00f5es para combater essa apar\u00eancia cansada. E \u00e9 a\u00ed que os tratamentos antifadiga entram em cena, oferecendo uma luz no fim do t\u00fanel para aqueles que desejam se sentir renovados.<\/p>\n<h2>O que esperar do futuro desse mercado considerando esse cen\u00e1rio?<\/h2>\n<p>O futuro do mercado de est\u00e9tica e cosm\u00e9tica parece promissor, especialmente no que diz respeito aos tratamentos antifadiga. A tend\u00eancia \u00e9 que esses procedimentos se tornem cada vez mais <b>personalizados<\/b>, levando em considera\u00e7\u00e3o as necessidades individuais de cada cliente. Imagine um tratamento que n\u00e3o \u00e9 apenas gen\u00e9rico, mas que \u00e9 feito sob medida para voc\u00ea, levando em conta seu tipo de pele, estilo de vida e at\u00e9 mesmo suas prefer\u00eancias pessoais.<\/p>\n<p>Al\u00e9m disso, a busca por <b>ingredientes naturais<\/b> e sustent\u00e1veis est\u00e1 em alta. As pessoas est\u00e3o cada vez mais conscientes sobre o que aplicam em suas peles e buscam produtos que n\u00e3o apenas embelezem, mas que tamb\u00e9m sejam ben\u00e9ficos para a sa\u00fade. Isso significa que os tratamentos antifadiga do futuro provavelmente incluir\u00e3o \u00f3leos e extratos vegetais com propriedades antioxidantes e hidratantes, promovendo uma verdadeira revolu\u00e7\u00e3o na forma como cuidamos da nossa pele.<\/p>\n<h2>Benef\u00edcios dos tratamentos antifadiga<\/h2>\n<p>Os benef\u00edcios dos tratamentos antifadiga v\u00e3o muito al\u00e9m da est\u00e9tica. Eles podem proporcionar uma sensa\u00e7\u00e3o de <b>bem-estar<\/b> e relaxamento, ajudando a aliviar o estresse acumulado. Ao se submeter a um tratamento, voc\u00ea n\u00e3o est\u00e1 apenas cuidando da sua pele, mas tamb\u00e9m se permitindo um momento de autocuidado, algo que todos n\u00f3s precisamos em meio \u00e0 correria do dia a dia.<\/p>\n<p>Al\u00e9m disso, esses tratamentos podem ajudar a melhorar a <b>autoestima<\/b>. Quando nos sentimos bem com nossa apar\u00eancia, isso se reflete em nossa postura, em como nos relacionamos com os outros e at\u00e9 mesmo em nossa produtividade. Portanto, investir em tratamentos antifadiga pode ser uma forma de investir em si mesmo, em sua sa\u00fade mental e emocional.<\/p>\n<h2>Como escolher o tratamento ideal?<\/h2>\n<p>Escolher o tratamento antifadiga ideal pode parecer uma tarefa desafiadora, mas n\u00e3o precisa ser. O primeiro passo \u00e9 <b>conhecer seu tipo de pele<\/b> e suas necessidades espec\u00edficas. Consultar um profissional qualificado pode fazer toda a diferen\u00e7a, pois ele poder\u00e1 indicar o melhor procedimento para voc\u00ea. Al\u00e9m disso, \u00e9 importante estar atento \u00e0 qualidade dos produtos utilizados e \u00e0 reputa\u00e7\u00e3o do estabelecimento onde voc\u00ea pretende realizar o tratamento.<\/p>\n<p>Outra dica \u00e9 buscar informa\u00e7\u00f5es sobre as t\u00e9cnicas dispon\u00edveis. Alguns tratamentos podem ser mais invasivos, enquanto outros s\u00e3o mais suaves e focados em cuidados di\u00e1rios. O importante \u00e9 encontrar um equil\u00edbrio que funcione para voc\u00ea e que se encaixe na sua rotina.<\/p>\n<h2>Conclus\u00e3o<\/h2>\n<p>Os tratamentos antifadiga est\u00e3o se consolidando como uma tend\u00eancia no mercado de est\u00e9tica e cosm\u00e9tica, refletindo a crescente preocupa\u00e7\u00e3o das pessoas com sua apar\u00eancia e bem-estar. Com a promessa de revitalizar a pele e trazer de volta a confian\u00e7a, esses procedimentos t\u00eam tudo para se tornar uma parte essencial da rotina de cuidados de muitos. Se voc\u00ea est\u00e1 interessado em se aprofundar nesse universo, n\u00e3o deixe de conferir as oportunidades de forma\u00e7\u00e3o na \u00e1rea, como as oferecidas pela Anhanguera. Para mais informa\u00e7\u00f5es, acesse o conte\u00fado dispon\u00edvel em <a href=\"https:\/\/blog.anhanguera.com\/faculdade-de-estetica-e-cosmetica\/\" target=\"_blank\" rel=\"noopener\">faculdade de Est\u00e9tica e Cosm\u00e9tica<\/a>. Afinal, cuidar de si mesmo nunca foi t\u00e3o importante!<\/p>\n<figure style=\"width: 1024px\" class=\"wp-caption aligncenter\"><img decoding=\"async\" src=\"https:\/\/www.aarquiteta.com.br\/blog\/wp-content\/uploads\/2024\/12\/antifadiga.jpg\" alt=\"Descubra as melhores dicas para combater a fadiga.\" width=\"1024\" height=\"1024\" title=\"\"><figcaption class=\"wp-caption-text\">Fonte: <a href=\"https:\/\/blog.anhanguera.com\/antifadiga\/\" target=\"_blank\" rel=\"noopener\">Blog anhanguera<\/a><\/figcaption><\/figure>\n<p><iframe width=\"560\" height=\"315\" src=\"https:\/\/www.youtube.com\/embed\/so1fGcbKceY\" title=\"YouTube video player\" frameborder=\"0\" allow=\"accelerometer; autoplay; clipboard-write; encrypted-media; gyroscope; picture-in-picture; web-share\" referrerpolicy=\"strict-origin-when-cross-origin\" allowfullscreen><\/iframe><\/p>\n","protected":false},"excerpt":{"rendered":"<p>Os tratamentos antifadiga est\u00e3o em alta, prometendo revitalizar a apar\u00eancia cansada da pele e trazer de volta aquele brilho saud\u00e1vel que todos n\u00f3s desejamos. Se voc\u00ea est\u00e1 curioso sobre como esses procedimentos podem transformar sua rotina de cuidados, continue lendo! Pontos principais do artigo: Tratamentos antifadiga s\u00e3o procedimentos est\u00e9ticos que visam revitalizar a pele e [&hellip;]<\/p>\n","protected":false},"author":20,"featured_media":137794,"comment_status":"closed","ping_status":"closed","sticky":false,"template":"","format":"standard","meta":{"footnotes":""},"categories":[6,35497],"tags":[],"class_list":["post-137795","post","type-post","status-publish","format-standard","has-post-thumbnail","category-carreira-de-arquitetura","category-estudante"],"_wp_attached_file":null,"_wp_attachment_metadata":null,"_wp_attachment_context":null,"_wp_attachment_is_custom_header":null,"geo_longitude":null,"geo_public":null,"geo_latitude":null,"_publicize_done_external":null,"_wpas_done_3897181":null,"publicize_twitter_user":null,"_wpas_done_3897175":null,"_wpas_skip_3897181":null,"_wpas_skip_3897175":null,"_wpas_skip_3924723":null,"_wpas_mess":null,"_wpas_done_3924723":null,"wps_subtitle":"","_links":{"self":[{"href":"https:\/\/www.aarquiteta.com.br\/blog\/wp-json\/wp\/v2\/posts\/137795","targetHints":{"allow":["GET"]}}],"collection":[{"href":"https:\/\/www.aarquiteta.com.br\/blog\/wp-json\/wp\/v2\/posts"}],"about":[{"href":"https:\/\/www.aarquiteta.com.br\/blog\/wp-json\/wp\/v2\/types\/post"}],"author":[{"embeddable":true,"href":"https:\/\/www.aarquiteta.com.br\/blog\/wp-json\/wp\/v2\/users\/20"}],"replies":[{"embeddable":true,"href":"https:\/\/www.aarquiteta.com.br\/blog\/wp-json\/wp\/v2\/comments?post=137795"}],"version-history":[{"count":0,"href":"https:\/\/www.aarquiteta.com.br\/blog\/wp-json\/wp\/v2\/posts\/137795\/revisions"}],"wp:featuredmedia":[{"embeddable":true,"href":"https:\/\/www.aarquiteta.com.br\/blog\/wp-json\/wp\/v2\/media\/137794"}],"wp:attachment":[{"href":"https:\/\/www.aarquiteta.com.br\/blog\/wp-json\/wp\/v2\/media?parent=137795"}],"wp:term":[{"taxonomy":"category","embeddable":true,"href":"https:\/\/www.aarquiteta.com.br\/blog\/wp-json\/wp\/v2\/categories?post=137795"},{"taxonomy":"post_tag","embeddable":true,"href":"https:\/\/www.aarquiteta.com.br\/blog\/wp-json\/wp\/v2\/tags?post=137795"}],"curies":[{"name":"wp","href":"https:\/\/api.w.org\/{rel}","templated":true}]}}