{"id":137771,"date":"2024-12-15T16:33:54","date_gmt":"2024-12-15T19:33:54","guid":{"rendered":"https:\/\/www.aarquiteta.com.br\/blog\/cabeceira-com-led\/"},"modified":"2024-12-15T16:33:54","modified_gmt":"2024-12-15T19:33:54","slug":"cabeceira-com-led","status":"publish","type":"post","link":"https:\/\/www.aarquiteta.com.br\/blog\/cabeceira-com-led\/","title":{"rendered":"Ideias de Cabeceira com LED para Transformar seu Quarto com 10 Op\u00e7\u00f5es"},"content":{"rendered":"<p><body><\/p>\n<p>Transforme seu quarto com cabeceiras que utilizam LED, proporcionando um ambiente elegante e moderno. Neste artigo, vou compartilhar 22 inspira\u00e7\u00f5es e dicas de instala\u00e7\u00e3o que v\u00e3o mudar o visual do seu espa\u00e7o e deixar a cama em destaque!<\/p>\n<h2>Introdu\u00e7\u00e3o<\/h2>\n<p>A cabeceira com LED tem se popularizado como uma op\u00e7\u00e3o elegante e funcional na decora\u00e7\u00e3o de interiores. Al\u00e9m de modernizar o ambiente com <b>ilumina\u00e7\u00e3o inovadora<\/b>, ela tem a capacidade de criar um espa\u00e7o aconchegante, ideal para relaxar e descansar. Neste guia, vamos descobrir como voc\u00ea pode implementar essas ideias no seu quarto, a instala\u00e7\u00e3o necess\u00e1ria e os principais benef\u00edcios.<\/p>\n<h2>Benef\u00edcios das Cabeceiras com LED<\/h2>\n<h3>1. Moderniza\u00e7\u00e3o do Ambiente<\/h3>\n<figure style=\"width: 1024px\" class=\"wp-caption aligncenter\"><img decoding=\"async\" src=\"https:\/\/www.aarquiteta.com.br\/blog\/wp-content\/uploads\/2024\/12\/cabeceira-com-led-02-730x913.jpg\" alt=\"Foto de cabeceira com led\" title=\"\"><figcaption class=\"wp-caption-text\">Foto de cabeceira com led<\/figcaption><\/figure>\n<p>A instala\u00e7\u00e3o de LEDs na cabeceira proporciona uma est\u00e9tica contempor\u00e2nea, tornando o quarto <b>mais atraente<\/b> e convidativo.<\/p>\n<h3>2. Conforto e Aconchego<\/h3>\n<figure style=\"width: 1024px\" class=\"wp-caption aligncenter\"><img decoding=\"async\" src=\"https:\/\/www.aarquiteta.com.br\/blog\/wp-content\/uploads\/2024\/12\/cabeceira-com-led01.jpg\" alt=\"Ideias de Cabeceira com LED para Transformar seu Quarto\" width=\"1024\" height=\"1024\" title=\"\"><figcaption class=\"wp-caption-text\">Ideias de Cabeceira com LED para Transformar seu Quarto<\/figcaption><\/figure>\n<p>Com uma <b>ilumina\u00e7\u00e3o suave<\/b>, os LEDs oferecem uma sensa\u00e7\u00e3o de acolhimento, tornando o quarto o lugar perfeito para relaxar ao final do dia.<\/p>\n<h3>3. Destaque para a Cama<\/h3>\n<figure style=\"width: 1024px\" class=\"wp-caption aligncenter\"><img decoding=\"async\" src=\"https:\/\/www.aarquiteta.com.br\/blog\/wp-content\/uploads\/2024\/12\/cabeceira-com-led-00.jpg\" alt=\"22 ideias de cabeceira com LED para deixar seu quarto bel\u00edssimo\" title=\"\"><figcaption class=\"wp-caption-text\">22 ideias de cabeceira com LED para deixar seu quarto bel\u00edssimo<\/figcaption><\/figure>\n<p>A cabeceira com LEDs n\u00e3o apenas ilumina, mas tamb\u00e9m <b>real\u00e7a a cama<\/b>, criando um ponto focal no quarto que capta a aten\u00e7\u00e3o.<\/p>\n<h3>4. Versatilidade de Design<\/h3>\n<figure style=\"width: 1024px\" class=\"wp-caption aligncenter\"><img decoding=\"async\" src=\"https:\/\/www.aarquiteta.com.br\/blog\/wp-content\/uploads\/2024\/12\/cabeceira-com-led02.jpg\" alt=\"Ideias de Cabeceira com LED para Transformar seu Quarto\" width=\"1024\" height=\"1024\" title=\"\"><figcaption class=\"wp-caption-text\">Ideias de Cabeceira com LED para Transformar seu Quarto<\/figcaption><\/figure>\n<p>Essas cabeceiras est\u00e3o dispon\u00edveis em diversos estilos e materiais, permitindo que se integrem <b>perfeitamente<\/b> a diferentes decora\u00e7\u00f5es e prefer\u00eancias pessoais.<\/p>\n<h3>5. Durabilidade do LED<\/h3>\n<figure style=\"width: 1024px\" class=\"wp-caption aligncenter\"><img decoding=\"async\" src=\"https:\/\/www.aarquiteta.com.br\/blog\/wp-content\/uploads\/2024\/12\/cabeceira-de-casal-00-286x160.jpg\" alt=\"Foto de cabeceira de casal\" title=\"\"><figcaption class=\"wp-caption-text\">Foto de cabeceira de casal<\/figcaption><\/figure>\n<p>Os LEDs t\u00eam uma vida \u00fatil impressionante, podendo durar at\u00e9 50 mil horas, o que representa uma op\u00e7\u00e3o <b>economicamente vi\u00e1vel<\/b> e sustent\u00e1vel para ilumina\u00e7\u00e3o.<\/p>\n<h2>Como Fazer sua Cabeceira com LED<\/h2>\n<h3>1. Cabeceira Estofada com LED<\/h3>\n<figure style=\"width: 1024px\" class=\"wp-caption aligncenter\"><img decoding=\"async\" src=\"https:\/\/www.aarquiteta.com.br\/blog\/wp-content\/uploads\/2024\/12\/cabeceira-com-led03.jpg\" alt=\"Ideias de Cabeceira com LED para Transformar seu Quarto\" width=\"1024\" height=\"1024\" title=\"\"><figcaption class=\"wp-caption-text\">Ideias de Cabeceira com LED para Transformar seu Quarto<\/figcaption><\/figure>\n<p>Dicas de como criar uma cabeceira estofada que integre a ilumina\u00e7\u00e3o LED. Utilizando <b>materiais macios<\/b> e confort\u00e1veis, voc\u00ea pode adicionar um toque de sofistica\u00e7\u00e3o ao quarto.<\/p>\n<h3>2. Cabeceira de Madeira Pinus<\/h3>\n<figure style=\"width: 1024px\" class=\"wp-caption aligncenter\"><img decoding=\"async\" src=\"https:\/\/www.aarquiteta.com.br\/blog\/wp-content\/uploads\/2024\/12\/cabeceira-de-madeira-0-286x160.png\" alt=\"Foto de cabeceira de madeira\" title=\"\"><figcaption class=\"wp-caption-text\">Foto de cabeceira de madeira<\/figcaption><\/figure>\n<p>Aprenda a fazer uma cabeceira de madeira pinus com LED escondido. Este projeto <b>combina rusticidade<\/b> e modernidade, ideal para qualquer estilo de decora\u00e7\u00e3o.<\/p>\n<h3>3. Cabeceira com Mangueira de LED<\/h3>\n<figure style=\"width: 1024px\" class=\"wp-caption aligncenter\"><img decoding=\"async\" src=\"https:\/\/www.aarquiteta.com.br\/blog\/wp-content\/uploads\/2024\/12\/cabeceira-com-led4.jpg\" alt=\"Ideias de Cabeceira com LED para Transformar seu Quarto\" width=\"1024\" height=\"1024\" title=\"\"><figcaption class=\"wp-caption-text\">Ideias de Cabeceira com LED para Transformar seu Quarto<\/figcaption><\/figure>\n<p>Transforme seu quarto utilizando uma mangueira de LED. Esta t\u00e9cnica \u00e9 simples e traz um design <b>din\u00e2mico e envolvente<\/b> ao espa\u00e7o.<\/p>\n<h3>4. Cabeceira com Isopor<\/h3>\n<figure style=\"width: 1024px\" class=\"wp-caption aligncenter\"><img decoding=\"async\" src=\"https:\/\/www.aarquiteta.com.br\/blog\/wp-content\/uploads\/2024\/12\/cabeceira-de-ferro-00-286x160.jpg\" alt=\"Foto de cabeceira de ferro\" title=\"\"><figcaption class=\"wp-caption-text\">Foto de cabeceira de ferro<\/figcaption><\/figure>\n<p>Se voc\u00ea est\u00e1 buscando uma op\u00e7\u00e3o econ\u00f4mica, uma cabeceira de isopor pode ser o ideal. Neste projeto, \u00e9 poss\u00edvel criar um espa\u00e7o especialmente destinado para a <b>instala\u00e7\u00e3o do LED<\/b>.<\/p>\n<h2>Outras Aplica\u00e7\u00f5es do LED na Decora\u00e7\u00e3o<\/h2>\n<h3>1. Ilumina\u00e7\u00e3o de Bancada com Pendente<\/h3>\n<h3>Para se aprofundar mais sobre o tema, veja a minha recomenda\u00e7\u00e3o sobre o tema deste artigo no v\u00eddeo a seguir abaixo:<\/h3>\n<p><iframe title=\"YouTube video player\" src=\"https:\/\/www.youtube.com\/embed\/Y4G-SGRO-88\" width=\"560\" height=\"315\" frameborder=\"0\" allowfullscreen=\"allowfullscreen\"><\/iframe><\/p>\n<p>Aprimore a funcionalidade de cozinhas e \u00e1reas de trabalho com <b>ilumina\u00e7\u00e3o adequada<\/b> que valoriza cada espa\u00e7o da casa.<\/p>\n<h3>2. Lustres R\u00fasticos para Conforto<\/h3>\n<figure style=\"width: 1024px\" class=\"wp-caption aligncenter\"><img decoding=\"async\" src=\"https:\/\/www.aarquiteta.com.br\/blog\/wp-content\/uploads\/2024\/12\/cabeceira-com-led-01-730x913.jpg\" alt=\"Foto de cabeceira com led\" title=\"\"><figcaption class=\"wp-caption-text\">Foto de cabeceira com led<\/figcaption><\/figure>\n<p>Criar ambientes acolhedores \u00e9 f\u00e1cil com lustres que misturam <b>estilo r\u00fastico<\/b> e ilumina\u00e7\u00e3o moderninha, trazendo charme a qualquer c\u00f4modo.<\/p>\n<h3>3. Arandelas para Banheiros<\/h3>\n<p>As arandelas podem ser uma maneira charmosa de iluminar o banheiro, adicionando <b>eleg\u00e2ncia e funcionalidade<\/b>.<\/p>\n<h2>Como Instalar sua Cabeceira com LED<\/h2>\n<p>Pronto para colocar a m\u00e3o na massa? Instalar a sua cabeceira com LED \u00e9 mais f\u00e1cil do que voc\u00ea imagina! Aqui v\u00e3o algumas dicas pr\u00e1ticas:<\/p>\n<h3>1. Materiais Necess\u00e1rios<\/h3>\n<p>Antes de tudo, re\u00fana todas as ferramentas e materiais. Voc\u00ea vai precisar de fita de LED, controlador, fita adesiva robusta e, dependendo do modelo, madeira ou espuma para a base. Preparado? Vamos l\u00e1!<\/p>\n<h3>2. Planejamento do Espa\u00e7o<\/h3>\n<p>Defina exatamente onde voc\u00ea quer que a luz fique. A instala\u00e7\u00e3o deve ser pensada de forma que a <b>ilumina\u00e7\u00e3o seja harmoniosa<\/b> e n\u00e3o ofusque o ambiente.<\/p>\n<h3>3. Instala\u00e7\u00e3o do LED<\/h3>\n<p><\/body><\/p>\n","protected":false},"excerpt":{"rendered":"<p>Descubra 22 inspiradoras ideias de cabeceiras com LED que v\u00e3o deixar seu quarto mais moderno e aconchegante.<\/p>\n","protected":false},"author":102,"featured_media":137764,"comment_status":"closed","ping_status":"closed","sticky":false,"template":"","format":"standard","meta":{"footnotes":""},"categories":[1484],"tags":[],"class_list":["post-137771","post","type-post","status-publish","format-standard","has-post-thumbnail","category-decoracao"],"_wp_attached_file":null,"_wp_attachment_metadata":null,"_wp_attachment_context":null,"_wp_attachment_is_custom_header":null,"geo_longitude":null,"geo_public":null,"geo_latitude":null,"_publicize_done_external":null,"_wpas_done_3897181":null,"publicize_twitter_user":null,"_wpas_done_3897175":null,"_wpas_skip_3897181":null,"_wpas_skip_3897175":null,"_wpas_skip_3924723":null,"_wpas_mess":null,"_wpas_done_3924723":null,"wps_subtitle":"","_links":{"self":[{"href":"https:\/\/www.aarquiteta.com.br\/blog\/wp-json\/wp\/v2\/posts\/137771","targetHints":{"allow":["GET"]}}],"collection":[{"href":"https:\/\/www.aarquiteta.com.br\/blog\/wp-json\/wp\/v2\/posts"}],"about":[{"href":"https:\/\/www.aarquiteta.com.br\/blog\/wp-json\/wp\/v2\/types\/post"}],"author":[{"embeddable":true,"href":"https:\/\/www.aarquiteta.com.br\/blog\/wp-json\/wp\/v2\/users\/102"}],"replies":[{"embeddable":true,"href":"https:\/\/www.aarquiteta.com.br\/blog\/wp-json\/wp\/v2\/comments?post=137771"}],"version-history":[{"count":0,"href":"https:\/\/www.aarquiteta.com.br\/blog\/wp-json\/wp\/v2\/posts\/137771\/revisions"}],"wp:featuredmedia":[{"embeddable":true,"href":"https:\/\/www.aarquiteta.com.br\/blog\/wp-json\/wp\/v2\/media\/137764"}],"wp:attachment":[{"href":"https:\/\/www.aarquiteta.com.br\/blog\/wp-json\/wp\/v2\/media?parent=137771"}],"wp:term":[{"taxonomy":"category","embeddable":true,"href":"https:\/\/www.aarquiteta.com.br\/blog\/wp-json\/wp\/v2\/categories?post=137771"},{"taxonomy":"post_tag","embeddable":true,"href":"https:\/\/www.aarquiteta.com.br\/blog\/wp-json\/wp\/v2\/tags?post=137771"}],"curies":[{"name":"wp","href":"https:\/\/api.w.org\/{rel}","templated":true}]}}