{"id":137725,"date":"2024-12-15T09:55:56","date_gmt":"2024-12-15T12:55:56","guid":{"rendered":"https:\/\/www.aarquiteta.com.br\/blog\/cadeiras-para-cozinha-13-lindas-imagens\/"},"modified":"2024-12-15T09:55:56","modified_gmt":"2024-12-15T12:55:56","slug":"cadeiras-para-cozinha-13-lindas-imagens","status":"publish","type":"post","link":"https:\/\/www.aarquiteta.com.br\/blog\/cadeiras-para-cozinha-13-lindas-imagens\/","title":{"rendered":"Cadeiras para Cozinha: 12 Estilos que Transformam seu Espa\u00e7o"},"content":{"rendered":"<p><body><\/p>\n<p>Descubra como as <b>cadeiras para cozinha<\/b> podem transformar seu espa\u00e7o! Com 13 lindas imagens, inspire-se para reformar ou renovar sua casa de maneira pr\u00e1tica e acess\u00edvel!<\/p>\n<h2>Introdu\u00e7\u00e3o<\/h2>\n<p>Ah, as cadeiras de cozinha! Esses <b>elementos fundamentais<\/b> que fazem toda a diferen\u00e7a no nosso lar. Neste artigo, vou te levar por uma jornada cheia de inspira\u00e7\u00e3o, explorando 13 imagens que podem tocar seu cora\u00e7\u00e3o e ajudar na escolha da melhor <b>cadeira para sua cozinha<\/b>.<\/p>\n<h2>Cadeiras Cl\u00e1ssicas: Eleg\u00e2ncia e Conforto<\/h2>\n<h3>Porque optar por cadeiras cl\u00e1ssicas?<\/h3>\n<figure style=\"width: 1024px\" class=\"wp-caption aligncenter\"><img decoding=\"async\" src=\"https:\/\/www.aarquiteta.com.br\/blog\/wp-content\/uploads\/2024\/12\/cadeiras-para-cozinha-13-lindas-imagens01.jpg\" alt=\"Cadeiras para Cozinha: 12 Estilos que Transformam seu Espa\u00e7o\" width=\"1024\" height=\"1024\" title=\"\"><figcaption class=\"wp-caption-text\">Cadeiras para Cozinha: 12 Estilos que Transformam seu Espa\u00e7o<\/figcaption><\/figure>\n<p>Quando eu falo em cadeiras cl\u00e1ssicas, voc\u00ea pode imaginar aquele toque <b>atemporal<\/b> que s\u00f3 elas trazem. N\u00e3o tem como errar! Elas se misturam a qualquer estilo, da sua cozinha mais r\u00fastica at\u00e9 a mais moderna. Eu juro, \u00e9 como se estivesse vestindo a sua av\u00f3, cheia de hist\u00f3rias e mem\u00f3rias!<\/p>\n<h2>Cadeiras Modernas: Estilo Contempor\u00e2neo<\/h2>\n<h3>Como as cadeiras modernas podem renovar seu espa\u00e7o?<\/h3>\n<figure style=\"width: 1024px\" class=\"wp-caption aligncenter\"><img decoding=\"async\" src=\"https:\/\/www.aarquiteta.com.br\/blog\/wp-content\/uploads\/2024\/12\/cadeiras-para-cozinha-4.jpeg-1200x836.webp\" alt=\"Cadeiras de cozinha em um espa\u00e7o acolhedor, cheias de estilo.\" title=\"\"><figcaption class=\"wp-caption-text\">Cadeiras de cozinha em um espa\u00e7o acolhedor, cheias de estilo.<\/figcaption><\/figure>\n<p>Por outro lado, as <b>cadeiras modernas<\/b> s\u00e3o como a brisa fresca de um dia de ver\u00e3o! Com designs arrojados e cores vibrantes, elas trazem uma energia <b>nova<\/b> ao ambiente. Pensa s\u00f3: uma cadeira feita com materiais inovadores pode transformar uma simples refei\u00e7\u00e3o em uma experi\u00eancia gastron\u00f4mica de primeira linha!<\/p>\n<h2>Cadeiras de Madeira: Durabilidade e Charm<\/h2>\n<h3>Vantagens das cadeiras de madeira na cozinha<\/h3>\n<figure style=\"width: 1024px\" class=\"wp-caption aligncenter\"><img decoding=\"async\" src=\"https:\/\/www.aarquiteta.com.br\/blog\/wp-content\/uploads\/2024\/12\/cadeiras-para-cozinha.jpeg-1200x900.webp\" alt=\"Cadeiras para cozinha em diferentes \u00e2ngulos e estilos, demonstrando a diversidade de designs dispon\u00edveis.\" title=\"\"><figcaption class=\"wp-caption-text\">Cadeiras para cozinha em diferentes \u00e2ngulos e estilos, demonstrando a diversidade de designs dispon\u00edveis.<\/figcaption><\/figure>\n<p>Bate uma nostalgia s\u00f3 de pensar nelas! As <b>cadeiras de madeira<\/b> s\u00e3o como aquele carinho que voc\u00ea sente ao abra\u00e7ar um amigo antigo. Dur\u00e1veis e charmosas, elas adicionam um toque <b>r\u00fastico<\/b> que pode valorizar muito o seu espa\u00e7o. Pense em como elas podem ser a moldura perfeita para os momentos em fam\u00edlia.<\/p>\n<h2>Cadeiras Estofadas: Conforto para Longas Reuni\u00f5es<\/h2>\n<h3>Quando escolher cadeiras estofadas?<\/h3>\n<figure style=\"width: 1024px\" class=\"wp-caption aligncenter\"><img decoding=\"async\" src=\"https:\/\/www.aarquiteta.com.br\/blog\/wp-content\/uploads\/2024\/12\/cadeiras-para-cozinha-13-lindas-imagens02.jpg\" alt=\"Cadeiras para Cozinha: 12 Estilos que Transformam seu Espa\u00e7o\" width=\"1024\" height=\"1024\" title=\"\"><figcaption class=\"wp-caption-text\">Cadeiras para Cozinha: 12 Estilos que Transformam seu Espa\u00e7o<\/figcaption><\/figure>\n<p>Agora, se voc\u00ea \u00e9 do tipo que adora um bom papo na cozinha, ent\u00e3o as <b>cadeiras estofadas<\/b> s\u00e3o para voc\u00ea! Imagine-se sentado ali, rodeado de amigos, com aquela sensa\u00e7\u00e3o de conforto e aconchego. S\u00e3o as aliadas perfeitas para longas noites de bate-papo, n\u00e3o acha?<\/p>\n<h2>A import\u00e2ncia da combina\u00e7\u00e3o com a mesa<\/h2>\n<h3>Como harmonizar cadeiras e mesa de jantar?<\/h3>\n<figure style=\"width: 1024px\" class=\"wp-caption aligncenter\"><img decoding=\"async\" src=\"https:\/\/www.aarquiteta.com.br\/blog\/wp-content\/uploads\/2024\/12\/cadeiras-para-cozinha-1.jpeg-1200x900.webp\" alt=\"Imagem de cadeiras para cozinha, trazendo uma composi\u00e7\u00e3o elegante e pr\u00e1tica.\" title=\"\"><figcaption class=\"wp-caption-text\">Imagem de cadeiras para cozinha, trazendo uma composi\u00e7\u00e3o elegante e pr\u00e1tica.<\/figcaption><\/figure>\n<p>Ah, meu amigo, a combina\u00e7\u00e3o de cadeiras com a mesa \u00e9 como uma dan\u00e7a bem ensaiada! <b>Harmonizar<\/b> esses elementos \u00e9 essencial. Elas precisam se entender! E isso n\u00e3o \u00e9 s\u00f3 sobre as cores, mas tamb\u00e9m sobre formas e texturas. Um jogo de luz e sombra que vai encantar seus olhos!<\/p>\n<h2>Cadeiras Coloridas: Um Toque de Alegria<\/h2>\n<h3>Para que servem cadeiras coloridas?<\/h3>\n<figure style=\"width: 1024px\" class=\"wp-caption aligncenter\"><img decoding=\"async\" src=\"https:\/\/www.aarquiteta.com.br\/blog\/wp-content\/uploads\/2024\/12\/cadeiras-para-cozinha-13-lindas-imagens03.jpg\" alt=\"Cadeiras para Cozinha: 12 Estilos que Transformam seu Espa\u00e7o\" width=\"1024\" height=\"1024\" title=\"\"><figcaption class=\"wp-caption-text\">Cadeiras para Cozinha: 12 Estilos que Transformam seu Espa\u00e7o<\/figcaption><\/figure>\n<p>Cadeiras coloridas s\u00e3o como <b>pinceladas de alegria<\/b> na sua cozinha! Elas quebram a seriedade do ambiente e trazem leveza para a decora\u00e7\u00e3o. Sabe aquela sensa\u00e7\u00e3o de &#8220;esse espa\u00e7o \u00e9 divertido&#8221;? \u00c9 isso que as cores conseguem! Mas aten\u00e7\u00e3o, n\u00e3o v\u00e1 exagerar! O equil\u00edbrio \u00e9 a chave.<\/p>\n<h2>Cadeiras Vers\u00e1teis: A Adaptabilidade \u00e9 Tudo<\/h2>\n<h3>Por que investir em cadeiras vers\u00e1teis?<\/h3>\n<figure style=\"width: 1024px\" class=\"wp-caption aligncenter\"><img decoding=\"async\" src=\"https:\/\/www.aarquiteta.com.br\/blog\/wp-content\/uploads\/2024\/12\/cadeiras-para-cozinha-2.jpeg-1200x900.webp\" alt=\"Cadeiras de cozinha com cores vibrantes e modernas, adaptadas para diferentes ambientes.\" title=\"\"><figcaption class=\"wp-caption-text\">Cadeiras de cozinha com cores vibrantes e modernas, adaptadas para diferentes ambientes.<\/figcaption><\/figure>\n<p>Cadeiras vers\u00e1teis s\u00e3o como aqueles sapatos que voc\u00ea pode usar em qualquer ocasi\u00e3o. Elas se adaptam a diferentes estilos e espa\u00e7os. Al\u00e9m disso, \u00e9 super pr\u00e1tico ter esse <b>multiuso<\/b>, n\u00e3o \u00e9 mesmo? A compra se torna um investimento que vale a pena!<\/p>\n<h2>Cadeiras para Crian\u00e7as: Seguran\u00e7a e Divers\u00e3o<\/h2>\n<h3>Como escolher cadeiras para crian\u00e7as na cozinha?<\/h3>\n<figure style=\"width: 1024px\" class=\"wp-caption aligncenter\"><img decoding=\"async\" src=\"https:\/\/www.aarquiteta.com.br\/blog\/wp-content\/uploads\/2024\/12\/cadeiras-para-cozinha-13-lindas-imagens4.jpg\" alt=\"Cadeiras para Cozinha: 12 Estilos que Transformam seu Espa\u00e7o\" width=\"1024\" height=\"1024\" title=\"\"><figcaption class=\"wp-caption-text\">Cadeiras para Cozinha: 12 Estilos que Transformam seu Espa\u00e7o<\/figcaption><\/figure>\n<p>Nada como pensar na seguran\u00e7a dos pequenos, certo? As <b>cadeiras para crian\u00e7as<\/b> devem ser funcionais e divertidas ao mesmo tempo. Optar por modelos que garantam estabilidade e conforto \u00e9 fundamental. E que tal escolher uma cor divertida? Afinal, a cozinha deve ser um espa\u00e7o onde todos s\u00e3o bem-vindos!<\/p>\n<h2>Conclus\u00e3o<\/h2>\n<p>Em resumo, as <b>cadeiras para cozinha<\/b> s\u00e3o muito mais do que simples assentos; elas refletem a hist\u00f3ria da nossa fam\u00edlia e influenciam a harmonia do ambiente. Escolha a que mais combina com seu estilo e d\u00e1 aquela sensa\u00e7\u00e3o de &#8220;ah, aqui \u00e9 o meu lugar&#8221;. O essencial \u00e9 que seu lar se torne um espa\u00e7o de aconchego e boas mem\u00f3rias!<\/p>\n<p><\/body><br \/>\n<figure style=\"width: 1024px\" class=\"wp-caption aligncenter\"><img decoding=\"async\" src=\"https:\/\/www.aarquiteta.com.br\/blog\/wp-content\/uploads\/2024\/12\/cadeiras-para-cozinha-3.jpeg-1200x680.webp\" alt=\"Visualiza\u00e7\u00e3o de cadeiras com acabamentos variados, destacando texturas e materiais.\" title=\"\"><figcaption class=\"wp-caption-text\">Visualiza\u00e7\u00e3o de cadeiras com acabamentos variados, destacando texturas e materiais.<\/figcaption><\/figure>\n<p><iframe title=\"YouTube video player\" src=\"https:\/\/www.youtube.com\/embed\/5fu9D_uL2Fc\" width=\"560\" height=\"315\" frameborder=\"0\" allowfullscreen=\"allowfullscreen\"><\/iframe><\/p>\n<figure style=\"width: 1024px\" class=\"wp-caption aligncenter\"><img decoding=\"async\" src=\"https:\/\/www.aarquiteta.com.br\/blog\/wp-content\/uploads\/2024\/12\/cadeiras-para-cozinha-5.jpeg-1200x675.webp\" alt=\"Cadeira para cozinha apresentando design contempor\u00e2neo.\" title=\"\"><figcaption class=\"wp-caption-text\">Cadeira para cozinha apresentando design contempor\u00e2neo.<\/figcaption><\/figure>\n","protected":false},"excerpt":{"rendered":"<p>Descubra 12 estilos de cadeiras para cozinha que v\u00e3o transformar seu espa\u00e7o com design e funcionalidade.<\/p>\n","protected":false},"author":102,"featured_media":137712,"comment_status":"closed","ping_status":"closed","sticky":false,"template":"","format":"standard","meta":{"footnotes":""},"categories":[1507,6,249],"tags":[],"class_list":["post-137725","post","type-post","status-publish","format-standard","has-post-thumbnail","category-arquitetura","category-carreira-de-arquitetura","category-engenharia-e-construcao-civil"],"_wp_attached_file":null,"_wp_attachment_metadata":null,"_wp_attachment_context":null,"_wp_attachment_is_custom_header":null,"geo_longitude":null,"geo_public":null,"geo_latitude":null,"_publicize_done_external":null,"_wpas_done_3897181":null,"publicize_twitter_user":null,"_wpas_done_3897175":null,"_wpas_skip_3897181":null,"_wpas_skip_3897175":null,"_wpas_skip_3924723":null,"_wpas_mess":null,"_wpas_done_3924723":null,"wps_subtitle":"","_links":{"self":[{"href":"https:\/\/www.aarquiteta.com.br\/blog\/wp-json\/wp\/v2\/posts\/137725","targetHints":{"allow":["GET"]}}],"collection":[{"href":"https:\/\/www.aarquiteta.com.br\/blog\/wp-json\/wp\/v2\/posts"}],"about":[{"href":"https:\/\/www.aarquiteta.com.br\/blog\/wp-json\/wp\/v2\/types\/post"}],"author":[{"embeddable":true,"href":"https:\/\/www.aarquiteta.com.br\/blog\/wp-json\/wp\/v2\/users\/102"}],"replies":[{"embeddable":true,"href":"https:\/\/www.aarquiteta.com.br\/blog\/wp-json\/wp\/v2\/comments?post=137725"}],"version-history":[{"count":0,"href":"https:\/\/www.aarquiteta.com.br\/blog\/wp-json\/wp\/v2\/posts\/137725\/revisions"}],"wp:featuredmedia":[{"embeddable":true,"href":"https:\/\/www.aarquiteta.com.br\/blog\/wp-json\/wp\/v2\/media\/137712"}],"wp:attachment":[{"href":"https:\/\/www.aarquiteta.com.br\/blog\/wp-json\/wp\/v2\/media?parent=137725"}],"wp:term":[{"taxonomy":"category","embeddable":true,"href":"https:\/\/www.aarquiteta.com.br\/blog\/wp-json\/wp\/v2\/categories?post=137725"},{"taxonomy":"post_tag","embeddable":true,"href":"https:\/\/www.aarquiteta.com.br\/blog\/wp-json\/wp\/v2\/tags?post=137725"}],"curies":[{"name":"wp","href":"https:\/\/api.w.org\/{rel}","templated":true}]}}