{"id":137643,"date":"2024-12-14T14:33:10","date_gmt":"2024-12-14T17:33:10","guid":{"rendered":"https:\/\/www.aarquiteta.com.br\/blog\/cor-laranja\/"},"modified":"2024-12-14T14:33:10","modified_gmt":"2024-12-14T17:33:10","slug":"cor-laranja","status":"publish","type":"post","link":"https:\/\/www.aarquiteta.com.br\/blog\/cor-laranja\/","title":{"rendered":"Cor laranja: 10 maneiras de usar essa cor moderna e vers\u00e1til"},"content":{"rendered":"<p><body><\/p>\n<p>A cor laranja \u00e9 uma escolha vibrante e cheia de energia, perfeita para dar vida e alegria aos ambientes. Este artigo explora as melhores formas de utilizar essa cor marcante em decora\u00e7\u00f5es e m\u00f3veis, trazendo um toque de modernidade e aconchego para a sua casa.<\/p>\n<h2>Principais T\u00f3picos de Discuss\u00e3o<\/h2>\n<ul>\n<li><b>Significado da Cor Laranja:<\/b> Entenda a ess\u00eancia e a simbologia por tr\u00e1s dessa cor vibrante.<\/li>\n<li><b>Aplica\u00e7\u00f5es na Decora\u00e7\u00e3o:<\/b> Descubra como incorporar a cor laranja atrav\u00e9s de elementos decorativos.<\/li>\n<li><b>Ambientes Ideais:<\/b> Saiba quais espa\u00e7os s\u00e3o mais beneficiados pelo uso do laranja.<\/li>\n<li><b>Combina\u00e7\u00f5es Perfeitas:<\/b> Aprenda a combinar o laranja com outras cores para resultados equilibrados.<\/li>\n<li><b>Dicas para Espa\u00e7os Pequenos:<\/b> Veja como usar o laranja em ambientes com metragem reduzida.<\/li>\n<li><b>Tend\u00eancias de Decora\u00e7\u00e3o:<\/b> Mantenha-se atualizado com as \u00faltimas tend\u00eancias que utilizam laranja.<\/li>\n<\/ul>\n<h2>1. Significado da Cor Laranja<\/h2>\n<p>Quando se trata do <b>significado da cor laranja<\/b>, esse tom quente est\u00e1 associado \u00e0 <b>alegria<\/b>, criatividade e vitalidade. \u00c9 uma cor que estimula a comunica\u00e7\u00e3o e retrata entusiasmo. Os ambientes que a utilizam, como cozinhas e salas de estar, podem se tornar mais convidativos e alegres.<\/p>\n<h2>2. Como Usar a Cor Laranja na Decora\u00e7\u00e3o<\/h2>\n<p>A versatilidade da cor laranja \u00e9 simplesmente encantadora. Se voc\u00ea me perguntar, existem in\u00fameras maneiras de incorpor\u00e1-la em seus espa\u00e7os. Mas, vamos detalhar as duas abordagens principais:<\/p>\n<h3>2.1 Elementos Decorativos<\/h3>\n<figure style=\"width: 1024px\" class=\"wp-caption aligncenter\"><img decoding=\"async\" src=\"https:\/\/www.aarquiteta.com.br\/blog\/wp-content\/uploads\/2024\/12\/cor-laranja-5-1-730x600.jpg\" alt=\"E a cor da parede harmonizou o ambiente junto ao piso\" title=\"\"><figcaption class=\"wp-caption-text\">E a cor da parede harmonizou o ambiente junto ao piso<\/figcaption><\/figure>\n<p>Quadros vibrantes, <b>vasos<\/b> e almofadas s\u00e3o \u00f3timas apostas! Ao incluir a cor laranja em <b>elementos decorativos<\/b>, voc\u00ea consegue um olhar moderno e acolhedor. Pe\u00e7as com diferentes formas e texturas podem criar um jogo interessante com o resto da decora\u00e7\u00e3o.<\/p>\n<h3>2.2 M\u00f3veis Coloridos<\/h3>\n<figure style=\"width: 1024px\" class=\"wp-caption aligncenter\"><img decoding=\"async\" src=\"https:\/\/www.aarquiteta.com.br\/blog\/wp-content\/uploads\/2024\/12\/cor-laranja01.jpg\" alt=\"Cor laranja: 50 maneiras de usar essa cor moderna e vers\u00e1til\" width=\"1024\" height=\"1024\" title=\"\"><figcaption class=\"wp-caption-text\">Cor laranja: 50 maneiras de usar essa cor moderna e vers\u00e1til<\/figcaption><\/figure>\n<p>Tente usar m\u00f3veis como <b>sof\u00e1s<\/b> ou <b>cadeiras<\/b> nessa tonalidade. Um sof\u00e1 laranja pode ser o ponto de destaque em uma sala neutra, trazendo um ar divertido e descontra\u00eddo. E quem pode resistir a um espa\u00e7o que combina conforto e cor?<\/p>\n<h2>3. Ambientes Ideais para a Cor Laranja<\/h2>\n<p>Certaines ambientes se beneficiam ainda mais com a presen\u00e7a do laranja. Se voc\u00ea est\u00e1 se perguntando quais s\u00e3o eles, a resposta \u00e9 simples!<\/p>\n<h3>3.1 Cozinhas<\/h3>\n<figure style=\"width: 1024px\" class=\"wp-caption aligncenter\"><img decoding=\"async\" src=\"https:\/\/www.aarquiteta.com.br\/blog\/wp-content\/uploads\/2024\/12\/cor-laranja-00.jpg\" alt=\"Cor laranja: 50 maneiras de usar essa cor moderna e vers\u00e1til\" title=\"\"><figcaption class=\"wp-caption-text\">Cor laranja: 50 maneiras de usar essa cor moderna e vers\u00e1til<\/figcaption><\/figure>\n<p>Uma <b>cozinha<\/b> pintada de laranja arrasa, n\u00e3o \u00e9 mesmo? Essa cor estimula o apetite e harmoniza perfeitamente com utens\u00edlios de cozinha. Voc\u00ea pode optar por um backsplash laranja ou at\u00e9 mesmo por uma mesa de jantar nessa tonalidade para um toque especial.<\/p>\n<h3>3.2 Salas de Estar<\/h3>\n<figure style=\"width: 1024px\" class=\"wp-caption aligncenter\"><img decoding=\"async\" src=\"https:\/\/www.aarquiteta.com.br\/blog\/wp-content\/uploads\/2024\/12\/cor-laranja02.jpg\" alt=\"Cor laranja: 50 maneiras de usar essa cor moderna e vers\u00e1til\" width=\"1024\" height=\"1024\" title=\"\"><figcaption class=\"wp-caption-text\">Cor laranja: 50 maneiras de usar essa cor moderna e vers\u00e1til<\/figcaption><\/figure>\n<p>Na <b>sala de estar<\/b>, o laranja pode dar toda uma nova dimens\u00e3o. Um espa\u00e7o acolhedor e alegre \u00e9 chave para receber amigos e familiares. Combinado com m\u00f3veis em tons neutros e algumas plantas, ele pode criar um ambiente caloroso e convidativo.<\/p>\n<h2>4. Combina\u00e7\u00f5es de Cores com Laranja<\/h2>\n<p>Vamos falar sobre como o laranja se porta ao lado de outras cores. Acredite, ele n\u00e3o morde!<\/p>\n<h3>4.1 Cores Neutras<\/h3>\n<figure style=\"width: 1024px\" class=\"wp-caption aligncenter\"><img decoding=\"async\" src=\"https:\/\/www.aarquiteta.com.br\/blog\/wp-content\/uploads\/2024\/12\/cor-laranja-1-730x449.jpg\" alt=\"Foto de cor laranja 1 - 1\" title=\"\"><figcaption class=\"wp-caption-text\">Foto de cor laranja 1 &#8211; 1<\/figcaption><\/figure>\n<p>Combin\u00e1-lo com tons neutros, como branco e cinza, cria um balan\u00e7o elegante que pode ser instalado em qualquer estilo de decora\u00e7\u00e3o. Esses tons v\u00e3o real\u00e7ar o <b>laranja<\/b> sem torn\u00e1-lo muito ofuscante.<\/p>\n<h3>4.2 Cores Frias<\/h3>\n<figure style=\"width: 1024px\" class=\"wp-caption aligncenter\"><img decoding=\"async\" src=\"https:\/\/www.aarquiteta.com.br\/blog\/wp-content\/uploads\/2024\/12\/cor-laranja03.jpg\" alt=\"Cor laranja: 50 maneiras de usar essa cor moderna e vers\u00e1til\" width=\"1024\" height=\"1024\" title=\"\"><figcaption class=\"wp-caption-text\">Cor laranja: 50 maneiras de usar essa cor moderna e vers\u00e1til<\/figcaption><\/figure>\n<p>Que tal criar um contraste interessante? O laranja tamb\u00e9m combina maravilhosamente com azuis e verdes. Essa proposta \u00e9 perfeita para quem busca um efeito moderno e cheio de personalidade.<\/p>\n<h2>5. Dicas para Usar Laranja em Ambientes Pequenos<\/h2>\n<p>Utilizar laranja em <b>espa\u00e7os pequenos<\/b> pode parecer desafiador, mas eu tenho algumas dicas que podem ajudar.<\/p>\n<h3>5.1 Uso Discreto<\/h3>\n<figure style=\"width: 1024px\" class=\"wp-caption aligncenter\"><img decoding=\"async\" src=\"https:\/\/www.aarquiteta.com.br\/blog\/wp-content\/uploads\/2024\/12\/cor-laranja-2-730x730.jpg\" alt=\"Inove com o uso da cor laranja na marcenaria\" title=\"\"><figcaption class=\"wp-caption-text\">Inove com o uso da cor laranja na marcenaria<\/figcaption><\/figure>\n<p>Incluir pequenos toques de laranja, como em <b>almofadas<\/b> ou detalhes de quadros, pode ser uma \u00f3tima maneira de harmonizar o ambiente sem que ele fique exagerado. \u00c9 toda uma quest\u00e3o de equil\u00edbrio!<\/p>\n<h3>5.2 Espelhos e Ilumina\u00e7\u00e3o<\/h3>\n<figure style=\"width: 1024px\" class=\"wp-caption aligncenter\"><img decoding=\"async\" src=\"https:\/\/www.aarquiteta.com.br\/blog\/wp-content\/uploads\/2024\/12\/cor-laranja4.jpg\" alt=\"Cor laranja: 50 maneiras de usar essa cor moderna e vers\u00e1til\" width=\"1024\" height=\"1024\" title=\"\"><figcaption class=\"wp-caption-text\">Cor laranja: 50 maneiras de usar essa cor moderna e vers\u00e1til<\/figcaption><\/figure>\n<p>Uma outra dica \u00e9 usar espelhos para <b>refletir a cor<\/b>, ampliando a sensa\u00e7\u00e3o de espa\u00e7o. Uma boa ilumina\u00e7\u00e3o tamb\u00e9m \u00e9 fundamental \u2013 ela pode destacar as nuances do laranja de modo encantador.<\/p>\n<h2>6. Decora\u00e7\u00e3o com Laranja: Tend\u00eancias e Estilos<\/h2>\n<p>Agora, se voc\u00ea ama estar atualizado, vamos explorar algumas tend\u00eancias atuais!<\/p>\n<h3>6.1 Estilos Modernos<\/h3>\n<figure style=\"width: 1024px\" class=\"wp-caption aligncenter\"><img decoding=\"async\" src=\"https:\/\/www.aarquiteta.com.br\/blog\/wp-content\/uploads\/2024\/12\/cor-laranja-3-730x912.jpg\" alt=\"Com uma proposta mais clean e moderna\" title=\"\"><figcaption class=\"wp-caption-text\">Com uma proposta mais clean e moderna<\/figcaption><\/figure>\n<p>Na decora\u00e7\u00e3o contempor\u00e2nea, a cor laranja aparece em designs minimalistas e ousados. \u00c9 uma maneira de desafiar o tradicional sem perder a classe.<\/p>\n<h3>6.2 Estilos R\u00fasticos e Aconchegantes<\/h3>\n<h3>Para se aprofundar mais sobre o tema, veja a minha recomenda\u00e7\u00e3o sobre o tema deste artigo no v\u00eddeo a seguir abaixo:<\/h3>\n<p><iframe title=\"YouTube video player\" src=\"https:\/\/www.youtube.com\/embed\/ZsNyZ5GbiMw\" width=\"560\" height=\"315\" frameborder=\"0\" allowfullscreen=\"allowfullscreen\"><\/iframe><\/p>\n<p>Para quem prefere tocar no r\u00fastico, adicionar <b>toques laranja<\/b> em elementos naturais, como madeira, traz um charme todo especial e acolhedor.<\/p>\n<h2>Conclus\u00e3o: A Cor Laranja como Estilo de Vida<\/h2>\n<p>Ao final das contas, a cor laranja n\u00e3o \u00e9 apenas uma escolha de decora\u00e7\u00e3o, \u00e9 uma <b>experi\u00eancia<\/b>. Ela traz alegria, calor e um frescor inconfund\u00edvel ao ambiente. Se voc\u00ea sabe como us\u00e1-la, pode transformar qualquer espa\u00e7o em algo \u00fanico e acolhedor. Ent\u00e3o, aproveite a versatilidade do laranja e deixe sua casa vibrar com essa cor incr\u00edvel!<\/p>\n<p><\/body><br \/>\n<figure style=\"width: 1024px\" class=\"wp-caption aligncenter\"><img decoding=\"async\" src=\"https:\/\/www.aarquiteta.com.br\/blog\/wp-content\/uploads\/2024\/12\/cor-laranja-4-730x488.jpg\" alt=\"A geladeira ganhou um tom mais vibrante da cor\" title=\"\"><figcaption class=\"wp-caption-text\">A geladeira ganhou um tom mais vibrante da cor<\/figcaption><\/figure>\n","protected":false},"excerpt":{"rendered":"<p>Descubra como usar a cor laranja de forma criativa e moderna na decora\u00e7\u00e3o da sua casa com 50 ideias inspiradoras.<\/p>\n","protected":false},"author":102,"featured_media":137636,"comment_status":"closed","ping_status":"closed","sticky":false,"template":"","format":"standard","meta":{"footnotes":""},"categories":[1484],"tags":[],"class_list":["post-137643","post","type-post","status-publish","format-standard","has-post-thumbnail","category-decoracao"],"_wp_attached_file":null,"_wp_attachment_metadata":null,"_wp_attachment_context":null,"_wp_attachment_is_custom_header":null,"geo_longitude":null,"geo_public":null,"geo_latitude":null,"_publicize_done_external":null,"_wpas_done_3897181":null,"publicize_twitter_user":null,"_wpas_done_3897175":null,"_wpas_skip_3897181":null,"_wpas_skip_3897175":null,"_wpas_skip_3924723":null,"_wpas_mess":null,"_wpas_done_3924723":null,"wps_subtitle":"","_links":{"self":[{"href":"https:\/\/www.aarquiteta.com.br\/blog\/wp-json\/wp\/v2\/posts\/137643","targetHints":{"allow":["GET"]}}],"collection":[{"href":"https:\/\/www.aarquiteta.com.br\/blog\/wp-json\/wp\/v2\/posts"}],"about":[{"href":"https:\/\/www.aarquiteta.com.br\/blog\/wp-json\/wp\/v2\/types\/post"}],"author":[{"embeddable":true,"href":"https:\/\/www.aarquiteta.com.br\/blog\/wp-json\/wp\/v2\/users\/102"}],"replies":[{"embeddable":true,"href":"https:\/\/www.aarquiteta.com.br\/blog\/wp-json\/wp\/v2\/comments?post=137643"}],"version-history":[{"count":0,"href":"https:\/\/www.aarquiteta.com.br\/blog\/wp-json\/wp\/v2\/posts\/137643\/revisions"}],"wp:featuredmedia":[{"embeddable":true,"href":"https:\/\/www.aarquiteta.com.br\/blog\/wp-json\/wp\/v2\/media\/137636"}],"wp:attachment":[{"href":"https:\/\/www.aarquiteta.com.br\/blog\/wp-json\/wp\/v2\/media?parent=137643"}],"wp:term":[{"taxonomy":"category","embeddable":true,"href":"https:\/\/www.aarquiteta.com.br\/blog\/wp-json\/wp\/v2\/categories?post=137643"},{"taxonomy":"post_tag","embeddable":true,"href":"https:\/\/www.aarquiteta.com.br\/blog\/wp-json\/wp\/v2\/tags?post=137643"}],"curies":[{"name":"wp","href":"https:\/\/api.w.org\/{rel}","templated":true}]}}