{"id":137546,"date":"2024-12-13T15:28:31","date_gmt":"2024-12-13T18:28:31","guid":{"rendered":"https:\/\/www.aarquiteta.com.br\/blog\/arquitetos-atribuicoes-relacoes-e-responsabilidades\/"},"modified":"2024-12-13T15:28:31","modified_gmt":"2024-12-13T18:28:31","slug":"arquitetos-atribuicoes-relacoes-e-responsabilidades","status":"publish","type":"post","link":"https:\/\/www.aarquiteta.com.br\/blog\/arquitetos-atribuicoes-relacoes-e-responsabilidades\/","title":{"rendered":"Atribui\u00e7\u00f5es e Responsabilidades dos Arquitetos: O Que Voc\u00ea Precisa Saber"},"content":{"rendered":"<p><body><\/p>\n<p>Neste artigo, eu exploro as <b>atribui\u00e7\u00f5es essenciais dos arquitetos<\/b>, destacando suas responsabilidades com o cliente, o meio ambiente e as inova\u00e7\u00f5es que os novos profissionais trazem. Mergulhe comigo e descubra como a arquitetura vai al\u00e9m de meras constru\u00e7\u00f5es!<\/p>\n<h2>Principais T\u00f3picos Abordados<\/h2>\n<ul>\n<li><b>Atribui\u00e7\u00f5es dos Arquitetos:<\/b> Entenda fun\u00e7\u00f5es-chave e como impactam projetos e obras.<\/li>\n<li><b>Import\u00e2ncia da Contrata\u00e7\u00e3o:<\/b> Por que contar com um arquiteto pode ser um divisor de \u00e1guas na constru\u00e7\u00e3o.<\/li>\n<li><b>Rela\u00e7\u00e3o Com o Cliente:<\/b> A din\u00e2mica de entender e atender as expectativas do cliente.<\/li>\n<li><b>Responsabilidade Ambiental:<\/b> A sustentabilidade como foco nas escolhas arquitet\u00f4nicas.<\/li>\n<li><b>Inova\u00e7\u00f5es de Jovens Arquitetos:<\/b> O que o futuro promete em termos de criatividade e tecnologia.<\/li>\n<\/ul>\n<h2>Introdu\u00e7\u00e3o<\/h2>\n<p>Quando falamos sobre arquitetura, estamos falando de muito mais do que apenas paredes e telhados. <b>Os arquitetos<\/b> t\u00eam um papel crucial nas comunidades, moldando nossos habitats e, consequentemente, nossas vidas. A chave para um projeto de sucesso n\u00e3o est\u00e1 apenas nas habilidades t\u00e9cnicas, mas tamb\u00e9m na forma como gerenciamos nossas rela\u00e7\u00f5es, principalmente com os clientes e o meio ambiente.<\/p>\n<h2>Atribui\u00e7\u00f5es dos Arquitetos<\/h2>\n<p>Primeiro, vamos falar sobre algumas das <b>fun\u00e7\u00f5es b\u00e1sicas<\/b> que um arquiteto desempenha. Desde a elabora\u00e7\u00e3o de projetos at\u00e9 a supervis\u00e3o de obras, o arquiteto \u00e9 o maestro por tr\u00e1s da sinfonia arquitet\u00f4nica. Al\u00e9m disso, \u00e9 nossa tarefa <b>interagir<\/b> com diversos profissionais, desde engenheiros at\u00e9 designers, a fim de assegurar que cada elemento do projeto harmonize com os demais.<\/p>\n<p>Um <b>especialista na arte de criar<\/b>, o arquiteto deve compreender as necessidades do cliente, as limita\u00e7\u00f5es do terreno e o contexto urbano. Sem contar que \u00e9 preciso se manter atualizado sobre novas tecnologias e pr\u00e1ticas de sustentabilidade, tend\u00eancias que est\u00e3o se tornando cada vez mais relevantes no nosso campo de atua\u00e7\u00e3o.<\/p>\n<h2>Import\u00e2ncia da Contrata\u00e7\u00e3o de Arquitetos<\/h2>\n<p>Contratar um arquiteto pode ser comparado a ter um <b>diretor de orquestra<\/b> na sua equipe. Paz e seguran\u00e7a s\u00e3o alguns dos benef\u00edcios de se ter um profissional qualificado. O arquiteto n\u00e3o s\u00f3 traz conhecimento t\u00e9cnico e experi\u00eancia, mas tamb\u00e9m um olhar criativo que pode transformar um espa\u00e7o comum em algo extraordin\u00e1rio.<\/p>\n<p>Al\u00e9m de otimizar o uso do espa\u00e7o, ele tamb\u00e9m ajuda em quest\u00f5es legais e normativas. Imagine se voc\u00ea decidir iniciar uma obra sem um projeto bem estruturado&#8230; \u00c9 como tentar navegar sem mapa! \u00c9 vital evitar surpresas desagrad\u00e1veis e, neste ponto, o papel do arquiteto \u00e9 imprescind\u00edvel.<\/p>\n<h2>Rela\u00e7\u00e3o com o Cliente<\/h2>\n<p>Uma boa rela\u00e7\u00e3o com o cliente \u00e9 fundamental. Ser um <b>escutador ativo<\/b> das necessidades e desejos do cliente \u00e9 um dos nossos maiores desafios. \u00c0s vezes, o que o cliente imagina n\u00e3o \u00e9 exatamente o que ele precisa, e a habilidade de traduzir essas expectativas em solu\u00e7\u00f5es t\u00e9cnicas \u00e9 uma arte que poucos dominam.<\/p>\n<p>Neste sentido, a comunica\u00e7\u00e3o \u00e9 a chave. Realizar reuni\u00f5es frequentes, mostrar esbo\u00e7os e buscar feedback durante o processo \u00e9 vital para garantir que o resultado final seja satisfat\u00f3rio. A <b>confian\u00e7a<\/b> que se constr\u00f3i nesse relacionamento gera um ambiente prop\u00edcio para a cria\u00e7\u00e3o.<\/p>\n<h2>Responsabilidade Ambiental<\/h2>\n<p>A arquitetura sustent\u00e1vel \u00e9 um tema que cada vez mais ganha destaque. N\u00f3s, arquitetos, temos a responsabilidade de <b>cuidar do planeta<\/b> por meio das nossas escolhas. Isso significa projetar de forma a minimizar o impacto ambiental, seja escolhendo materiais ecol\u00f3gicos ou considerando a efici\u00eancia energ\u00e9tica nos projetos.<\/p>\n<p>Por exemplo, o uso de sistemas de capta\u00e7\u00e3o de \u00e1gua da chuva e pain\u00e9is solares se tornou uma pr\u00e1tica cada vez mais comum e desej\u00e1vel. Assim, contribu\u00edmos n\u00e3o s\u00f3 para o projeto arquitet\u00f4nico, mas tamb\u00e9m para um futuro melhor. Afinal, o espa\u00e7o constru\u00eddo deve dialogar com o meio ambiente, e n\u00e3o apenas ocup\u00e1-lo.<\/p>\n<h2>Inova\u00e7\u00f5es Esperadas de Jovens Arquitetos<\/h2>\n<p>Os jovens arquitetos est\u00e3o trazendo um ar fresco para o mercado. Eles chegam com uma vis\u00e3o arrojada e cheia de <b>inova\u00e7\u00f5es tecnol\u00f3gicas<\/b>. Ferramentas como o BIM (Modelagem da Informa\u00e7\u00e3o da Constru\u00e7\u00e3o) est\u00e3o mudando a forma como planejamos e executamos projetos. Esta tecnologia permite maior integra\u00e7\u00e3o entre os diferentes profissionais envolvidos e um planejamento minucioso, evitando erros e retrabalhos.<\/p>\n<p>Al\u00e9m disso, est\u00e3o mais conectados \u00e0s demandas sociais e ambientais, trazendo novas pr\u00e1ticas e abordagens para os projetos. \u00c9 como se dissessem: &#8220;Nosso trabalho n\u00e3o \u00e9 s\u00f3 fazer pr\u00e9dio, mas contribuir para uma sociedade melhor.&#8221; Isso \u00e9 algo que entusiasmante e eu aplaudo!<\/p>\n<h3>O Papel da Tecnologia na Arquitetura<\/h3>\n<figure style=\"width: 1024px\" class=\"wp-caption aligncenter\"><img decoding=\"async\" src=\"https:\/\/www.aarquiteta.com.br\/blog\/wp-content\/uploads\/2024\/12\/arquitetos-atribuicoes-relacoes-e-responsabilidades01.jpg\" alt=\"Atribui\u00e7\u00f5es e Responsabilidades dos Arquitetos: O Que Voc\u00ea Precisa Saber\" width=\"1024\" height=\"1024\" title=\"\"><figcaption class=\"wp-caption-text\">Atribui\u00e7\u00f5es e Responsabilidades dos Arquitetos: O Que Voc\u00ea Precisa Saber<\/figcaption><\/figure>\n<p>A tecnologia se tornou uma aliada indispens\u00e1vel na arquitetura. As ferramentas digitais n\u00e3o apenas melhoram a produtividade, mas tamb\u00e9m nos ajudam a criar <b>experi\u00eancias mais integradas<\/b> para o usu\u00e1rio final. Por exemplo, o uso de realidade aumentada para visualizar projetos antes mesmo de come\u00e7arem as obras \u00e9 algo fascinante! Imagine poder caminhar por um espa\u00e7o que ainda n\u00e3o existe, apenas usando \u00f3culos especiais.<\/p>\n<p>Com a tecnologia, tamb\u00e9m estamos capazes de otimizar a execu\u00e7\u00e3o das obras. Tudo se torna mais eficiente, menos desperd\u00edcio, e mais aten\u00e7\u00e3o aos detalhes. O futuro \u00e9 brilhante e com tecnologia, temos uma paleta infinita de possibilidades \u00e0 nossa disposi\u00e7\u00e3o.<\/p>\n<h3>A Import\u00e2ncia da \u00c9tica na Arquitetura<\/h3>\n<figure style=\"width: 1024px\" class=\"wp-caption aligncenter\"><img decoding=\"async\" src=\"https:\/\/www.aarquiteta.com.br\/blog\/wp-content\/uploads\/2024\/12\/1_Planta-baixa.jpg\" alt=\"Imagem de uma planta baixa.\" title=\"\"><figcaption class=\"wp-caption-text\">Imagem de uma planta baixa.<\/figcaption><\/figure>\n<p>Falemos agora da \u00e9tica, pois ela \u00e9 a cola que mant\u00e9m tudo junto. <b>Tomar decis\u00f5es \u00e9ticas <\/b> como arquitetos n\u00e3o diz respeito apenas ao que est\u00e1 no papel, mas tamb\u00e9m \u00e0 forma como tratamos pessoas, clientes e o meio ambiente. Isso \u00e9 crucial para a credibilidade de nossa profiss\u00e3o.<\/p>\n<p>Devemos agir sempre com integridade e responsabilidade, tomando cuidado para que nossas cria\u00e7\u00f5es n\u00e3o s\u00f3 satisfa\u00e7am clientes, mas tamb\u00e9m respeitem o contexto cultural e social. Assim, formamos n\u00e3o apenas bons projetos, mas tamb\u00e9m cidad\u00e3os conscientes.<\/p>\n<h3>Investindo na Educa\u00e7\u00e3o Cont\u00ednua<\/h3>\n<figure style=\"width: 1024px\" class=\"wp-caption aligncenter\"><img decoding=\"async\" src=\"https:\/\/www.aarquiteta.com.br\/blog\/wp-content\/uploads\/2024\/12\/microfone-radio-1024x683.jpg\" alt=\"Imagem de um microfone de r\u00e1dio.\" title=\"\"><figcaption class=\"wp-caption-text\">Imagem de um microfone de r\u00e1dio.<\/figcaption><\/figure>\n<p>O mundo muda a um ritmo acelerado, e n\u00f3s, arquitetos, precisamos nos manter atualizados. Por isso, <b>o investimento em educa\u00e7\u00e3o cont\u00ednua<\/b> \u00e9 fundamental. Participe de workshops, cursos e confer\u00eancias \u2014 essas experi\u00eancias trazem novos conhecimentos, ampliam a rede de contatos e, claro, sempre h\u00e1 algo novo para aprender.<\/p>\n<p>Lembre-se: um arquiteto bem informado \u00e9 um arquiteto mais criativo e capaz de oferecer solu\u00e7\u00f5es inovadoras aos seus clientes. \u00c9 como afiar uma espada; n\u00e3o s\u00f3 nos tornamos melhores, mas tamb\u00e9m mais eficientes.<\/p>\n<h2>Conclus\u00e3o<\/h2>\n<p>Em suma, ser arquiteto \u00e9 abra\u00e7ar uma gama de <b>responsabilidades<\/b> que v\u00e3o muito al\u00e9m do que muitos imaginam. A rela\u00e7\u00e3o com nosso cliente, a consci\u00eancia ambiental, a dedica\u00e7\u00e3o \u00e0 educa\u00e7\u00e3o cont\u00ednua e a utiliza\u00e7\u00e3o da tecnologia s\u00e3o apenas alguns dos diversos aspectos que tornam esta profiss\u00e3o t\u00e3o rica e envolvente. Ao refletirmos sobre essas atribui\u00e7\u00f5es e a\u00e7\u00f5es, estabelecemos um caminho mais \u00e9tico e criativo na arquitetura, contribuindo para um futuro mais iluminado.<\/p>\n<p><\/body><br \/>\n<figure style=\"width: 1024px\" class=\"wp-caption aligncenter\"><img decoding=\"async\" src=\"https:\/\/www.aarquiteta.com.br\/blog\/wp-content\/uploads\/2024\/12\/arquitetos-atribuicoes-relacoes-e-responsabilidades02.jpg\" alt=\"Atribui\u00e7\u00f5es e Responsabilidades dos Arquitetos: O Que Voc\u00ea Precisa Saber\" width=\"1024\" height=\"1024\" title=\"\"><figcaption class=\"wp-caption-text\">Atribui\u00e7\u00f5es e Responsabilidades dos Arquitetos: O Que Voc\u00ea Precisa Saber<\/figcaption><\/figure>\n<figure style=\"width: 1024px\" class=\"wp-caption aligncenter\"><img decoding=\"async\" src=\"https:\/\/www.aarquiteta.com.br\/blog\/wp-content\/uploads\/2024\/12\/Programas-de-arquitetura.jpg\" alt=\"Imagem que ilustra programas de arquitetura.\" title=\"\"><figcaption class=\"wp-caption-text\">Imagem que ilustra programas de arquitetura.<\/figcaption><\/figure>\n<figure style=\"width: 1024px\" class=\"wp-caption aligncenter\"><img decoding=\"async\" src=\"https:\/\/www.aarquiteta.com.br\/blog\/wp-content\/uploads\/2024\/12\/arquitetos-atribuicoes-relacoes-e-responsabilidades03.jpg\" alt=\"Atribui\u00e7\u00f5es e Responsabilidades dos Arquitetos: O Que Voc\u00ea Precisa Saber\" width=\"1024\" height=\"1024\" title=\"\"><figcaption class=\"wp-caption-text\">Atribui\u00e7\u00f5es e Responsabilidades dos Arquitetos: O Que Voc\u00ea Precisa Saber<\/figcaption><\/figure>\n<figure style=\"width: 1024px\" class=\"wp-caption aligncenter\"><img decoding=\"async\" src=\"https:\/\/www.aarquiteta.com.br\/blog\/wp-content\/uploads\/2024\/12\/1_Como-captar-clientes-na-arquitetura.jpg\" alt=\"Imagem que representa estrat\u00e9gias para captar clientes de arquitetura.\" title=\"\"><figcaption class=\"wp-caption-text\">Imagem que representa estrat\u00e9gias para captar clientes de arquitetura.<\/figcaption><\/figure>\n<figure style=\"width: 1024px\" class=\"wp-caption aligncenter\"><img decoding=\"async\" src=\"https:\/\/www.aarquiteta.com.br\/blog\/wp-content\/uploads\/2024\/12\/arquitetos-atribuicoes-relacoes-e-responsabilidades4.jpg\" alt=\"Atribui\u00e7\u00f5es e Responsabilidades dos Arquitetos: O Que Voc\u00ea Precisa Saber\" width=\"1024\" height=\"1024\" title=\"\"><figcaption class=\"wp-caption-text\">Atribui\u00e7\u00f5es e Responsabilidades dos Arquitetos: O Que Voc\u00ea Precisa Saber<\/figcaption><\/figure>\n<figure style=\"width: 1024px\" class=\"wp-caption aligncenter\"><img decoding=\"async\" src=\"https:\/\/www.aarquiteta.com.br\/blog\/wp-content\/uploads\/2024\/12\/1_BIM-na-arquitetura.jpg\" alt=\"Imagem que demonstra o uso do BIM na arquitetura.\" title=\"\"><figcaption class=\"wp-caption-text\">Imagem que demonstra o uso do BIM na arquitetura.<\/figcaption><\/figure>\n<p><iframe title=\"YouTube video player\" src=\"https:\/\/www.youtube.com\/embed\/YoVcHnzcf2U\" width=\"560\" height=\"315\" frameborder=\"0\" allowfullscreen=\"allowfullscreen\"><\/iframe><\/p>\n<figure style=\"width: 1024px\" class=\"wp-caption aligncenter\"><img decoding=\"async\" src=\"https:\/\/www.aarquiteta.com.br\/blog\/wp-content\/uploads\/2024\/12\/1_GettyImages-1473226517.jpg\" alt=\"Imagem relacionada \u00e0 ergonomia na arquitetura. \" title=\"\"><figcaption class=\"wp-caption-text\">Imagem relacionada \u00e0 ergonomia na arquitetura.<\/figcaption><\/figure>\n","protected":false},"excerpt":{"rendered":"<p>Entrevista sobre as fun\u00e7\u00f5es dos arquitetos, suas responsabilidades e inova\u00e7\u00f5es na \u00e1rea. Confira dicas sobre a contrata\u00e7\u00e3o de profissionais.<\/p>\n","protected":false},"author":102,"featured_media":137539,"comment_status":"closed","ping_status":"closed","sticky":false,"template":"","format":"standard","meta":{"footnotes":""},"categories":[1507,6,249],"tags":[],"class_list":["post-137546","post","type-post","status-publish","format-standard","has-post-thumbnail","category-arquitetura","category-carreira-de-arquitetura","category-engenharia-e-construcao-civil"],"_wp_attached_file":null,"_wp_attachment_metadata":null,"_wp_attachment_context":null,"_wp_attachment_is_custom_header":null,"geo_longitude":null,"geo_public":null,"geo_latitude":null,"_publicize_done_external":null,"_wpas_done_3897181":null,"publicize_twitter_user":null,"_wpas_done_3897175":null,"_wpas_skip_3897181":null,"_wpas_skip_3897175":null,"_wpas_skip_3924723":null,"_wpas_mess":null,"_wpas_done_3924723":null,"wps_subtitle":"","_links":{"self":[{"href":"https:\/\/www.aarquiteta.com.br\/blog\/wp-json\/wp\/v2\/posts\/137546","targetHints":{"allow":["GET"]}}],"collection":[{"href":"https:\/\/www.aarquiteta.com.br\/blog\/wp-json\/wp\/v2\/posts"}],"about":[{"href":"https:\/\/www.aarquiteta.com.br\/blog\/wp-json\/wp\/v2\/types\/post"}],"author":[{"embeddable":true,"href":"https:\/\/www.aarquiteta.com.br\/blog\/wp-json\/wp\/v2\/users\/102"}],"replies":[{"embeddable":true,"href":"https:\/\/www.aarquiteta.com.br\/blog\/wp-json\/wp\/v2\/comments?post=137546"}],"version-history":[{"count":0,"href":"https:\/\/www.aarquiteta.com.br\/blog\/wp-json\/wp\/v2\/posts\/137546\/revisions"}],"wp:featuredmedia":[{"embeddable":true,"href":"https:\/\/www.aarquiteta.com.br\/blog\/wp-json\/wp\/v2\/media\/137539"}],"wp:attachment":[{"href":"https:\/\/www.aarquiteta.com.br\/blog\/wp-json\/wp\/v2\/media?parent=137546"}],"wp:term":[{"taxonomy":"category","embeddable":true,"href":"https:\/\/www.aarquiteta.com.br\/blog\/wp-json\/wp\/v2\/categories?post=137546"},{"taxonomy":"post_tag","embeddable":true,"href":"https:\/\/www.aarquiteta.com.br\/blog\/wp-json\/wp\/v2\/tags?post=137546"}],"curies":[{"name":"wp","href":"https:\/\/api.w.org\/{rel}","templated":true}]}}