{"id":137464,"date":"2024-12-12T15:27:04","date_gmt":"2024-12-12T18:27:04","guid":{"rendered":"https:\/\/www.aarquiteta.com.br\/blog\/criar-espaco-gourmet-na-varanda\/"},"modified":"2024-12-12T15:27:04","modified_gmt":"2024-12-12T18:27:04","slug":"criar-espaco-gourmet-na-varanda","status":"publish","type":"post","link":"https:\/\/www.aarquiteta.com.br\/blog\/criar-espaco-gourmet-na-varanda\/","title":{"rendered":"10 Dicas para Criar um Espa\u00e7o Gourmet Perfeito na Varanda"},"content":{"rendered":"<p><body><\/p>\n<p>Transformar sua varanda em um espa\u00e7o gourmet perfeito pode ser mais f\u00e1cil do que voc\u00ea imagina. Com algumas dicas pr\u00e1ticas, voc\u00ea pode criar um ambiente aconchegante e funcional para receber amigos e familiares.<\/p>\n<h2>1. Planejamento do Espa\u00e7o<\/h2>\n<h3>1.1 Avalia\u00e7\u00e3o do Tamanho da Varanda<\/h3>\n<figure style=\"width: 1024px\" class=\"wp-caption aligncenter\"><img decoding=\"async\" src=\"https:\/\/www.aarquiteta.com.br\/blog\/wp-content\/uploads\/2024\/12\/criar-espaco-gourmet-na-varanda04.jpg\" alt=\"10 Dicas para Criar um Espa\u00e7o Gourmet Perfeito na Varanda\" width=\"1024\" height=\"1024\" title=\"\"><figcaption class=\"wp-caption-text\">10 Dicas para Criar um Espa\u00e7o Gourmet Perfeito na Varanda<\/figcaption><\/figure>\n<p>Antes de qualquer coisa, \u00e9 fundamental <b>avaliar o tamanho da sua varanda<\/b>. Isso vai ajudar a definir o que \u00e9 poss\u00edvel incluir no espa\u00e7o. Um ambiente superlotado pode se tornar desconfort\u00e1vel, ent\u00e3o, me\u00e7a a \u00e1rea dispon\u00edvel e considere a disposi\u00e7\u00e3o dos m\u00f3veis.<\/p>\n<h3>1.2 Defini\u00e7\u00e3o de Estilo e Tema<\/h3>\n<figure style=\"width: 1024px\" class=\"wp-caption aligncenter\"><img decoding=\"async\" src=\"https:\/\/www.aarquiteta.com.br\/blog\/wp-content\/uploads\/2024\/12\/criar-espaco-gourmet-na-varanda03.jpg\" alt=\"10 Dicas para Criar um Espa\u00e7o Gourmet Perfeito na Varanda\" width=\"1024\" height=\"1024\" title=\"\"><figcaption class=\"wp-caption-text\">10 Dicas para Criar um Espa\u00e7o Gourmet Perfeito na Varanda<\/figcaption><\/figure>\n<p>Escolher um <b>estilo e tema<\/b> para a sua varanda \u00e9 essencial. Voc\u00ea pode optar por um estilo r\u00fastico, moderno ou at\u00e9 mesmo tropical. O importante \u00e9 que o tema escolhido reflita a sua personalidade e crie um ambiente acolhedor.<\/p>\n<h2>2. Escolha dos M\u00f3veis<\/h2>\n<h3>2.1 M\u00f3veis Funcionais e Confort\u00e1veis<\/h3>\n<figure style=\"width: 1024px\" class=\"wp-caption aligncenter\"><img decoding=\"async\" src=\"https:\/\/www.aarquiteta.com.br\/blog\/wp-content\/uploads\/2024\/12\/criar-espaco-gourmet-na-varanda02.jpg\" alt=\"10 Dicas para Criar um Espa\u00e7o Gourmet Perfeito na Varanda\" width=\"1024\" height=\"1024\" title=\"\"><figcaption class=\"wp-caption-text\">10 Dicas para Criar um Espa\u00e7o Gourmet Perfeito na Varanda<\/figcaption><\/figure>\n<p>Os <b>m\u00f3veis funcionais e confort\u00e1veis<\/b> s\u00e3o a alma do espa\u00e7o gourmet. Pense em cadeiras e mesas que sejam pr\u00e1ticas, mas que tamb\u00e9m ofere\u00e7am conforto. Um bom sof\u00e1 pode ser o ponto central da sua varanda, ideal para longas conversas.<\/p>\n<h3>2.2 Materiais Resistentes \u00e0s Intemp\u00e9ries<\/h3>\n<figure style=\"width: 1024px\" class=\"wp-caption aligncenter\"><img decoding=\"async\" src=\"https:\/\/www.aarquiteta.com.br\/blog\/wp-content\/uploads\/2024\/12\/criar-espaco-gourmet-na-varanda01.jpg\" alt=\"10 Dicas para Criar um Espa\u00e7o Gourmet Perfeito na Varanda\" width=\"1024\" height=\"1024\" title=\"\"><figcaption class=\"wp-caption-text\">10 Dicas para Criar um Espa\u00e7o Gourmet Perfeito na Varanda<\/figcaption><\/figure>\n<p>Escolher <b>materiais resistentes<\/b> \u00e9 crucial, j\u00e1 que a varanda est\u00e1 exposta a diferentes condi\u00e7\u00f5es clim\u00e1ticas. Opte por m\u00f3veis de alum\u00ednio, madeira tratada ou pl\u00e1stico de alta qualidade, que garantem durabilidade e beleza.<\/p>\n<h2>3. Ilumina\u00e7\u00e3o Adequada<\/h2>\n<h3>3.1 Luzes Ambientais e Decorativas<\/h3>\n<p style=\"text-align: center;\">[amazon table=&#8221;95735&#8243;]\n<p>A <b>ilumina\u00e7\u00e3o adequada<\/b> transforma qualquer espa\u00e7o. Luzes de corda, lanternas e abajures criam um clima aconchegante e convidativo. Pense em como a luz pode real\u00e7ar a beleza do seu espa\u00e7o gourmet.<\/p>\n<h3>3.2 Ilumina\u00e7\u00e3o para Cozinhar e Comer<\/h3>\n<h3>Assista agora a minha recomenda\u00e7\u00e3o de video abaixo sobre o tema que estamos tratando neste artigo: <\/h3>\n<p><div class=\"youtube-embed\" data-video_id=\"29OKBE87Izs\"><iframe title=\"3 dicas para a sua area gourmet!\" width=\"696\" height=\"392\" src=\"https:\/\/www.youtube.com\/embed\/29OKBE87Izs?feature=oembed&#038;enablejsapi=1\" frameborder=\"0\" allow=\"accelerometer; autoplay; clipboard-write; encrypted-media; gyroscope; picture-in-picture; web-share\" referrerpolicy=\"strict-origin-when-cross-origin\" allowfullscreen><\/iframe><\/div>\n<\/p>\n<p>Al\u00e9m da ilumina\u00e7\u00e3o decorativa, \u00e9 importante ter uma <b>ilumina\u00e7\u00e3o funcional<\/b> para cozinhar e comer. Spots direcionais ou luzes embutidas podem ser uma \u00f3tima solu\u00e7\u00e3o para garantir que voc\u00ea tenha visibilidade ao preparar os pratos.<\/p>\n<h2>4. Equipamentos de Cozinha<\/h2>\n<h3>4.1 Churrasqueira: Tipos e Escolhas<\/h3>\n<p>Uma churrasqueira \u00e9 um item indispens\u00e1vel em um espa\u00e7o gourmet. Existem diversos <b>tipos de churrasqueira<\/b>, como a el\u00e9trica, a a g\u00e1s e a carv\u00e3o. Escolha a que melhor se adapta ao seu estilo de vida e ao espa\u00e7o dispon\u00edvel.<\/p>\n<h3>4.2 Utens\u00edlios Essenciais para o Espa\u00e7o Gourmet<\/h3>\n<p>N\u00e3o se esque\u00e7a dos <b>utens\u00edlios essenciais<\/b> para cozinhar. Facas, grelhas, espetos e t\u00e1buas de corte s\u00e3o fundamentais para garantir que voc\u00ea tenha tudo \u00e0 m\u00e3o na hora de preparar suas refei\u00e7\u00f5es.<\/p>\n<h2>5. Decora\u00e7\u00e3o e Acess\u00f3rios<\/h2>\n<h3>5.1 Plantas e Jardins Verticais<\/h3>\n<p>Adicionar <b>plantas e jardins verticais<\/b> traz vida ao espa\u00e7o. Elas n\u00e3o s\u00f3 embelezam, mas tamb\u00e9m purificam o ar. Escolha plantas que se adaptem ao clima da sua regi\u00e3o e que exijam pouca manuten\u00e7\u00e3o.<\/p>\n<h3>5.2 Toques Pessoais e Aconchegantes<\/h3>\n<p>Incluir <b>toques pessoais<\/b> na decora\u00e7\u00e3o \u00e9 o que faz a diferen\u00e7a. Quadros, almofadas e objetos que contam a sua hist\u00f3ria tornam o ambiente \u00fanico e acolhedor.<\/p>\n<h2>6. Manuten\u00e7\u00e3o e Cuidados<\/h2>\n<h3>6.1 Limpeza Regular dos M\u00f3veis e Equipamentos<\/h3>\n<p>A <b>limpeza regular<\/b> \u00e9 fundamental para manter o espa\u00e7o sempre bonito e funcional. Dedique um tempo semanal para limpar os m\u00f3veis e equipamentos, evitando o ac\u00famulo de sujeira e poeira.<\/p>\n<h3>6.2 Prote\u00e7\u00e3o Contra Intemp\u00e9ries<\/h3>\n<p><\/body><\/p>\n","protected":false},"excerpt":{"rendered":"<p>Planeje e decore sua varanda para se tornar um espa\u00e7o gourmet aconchegante e funcional.<\/p>\n","protected":false},"author":102,"featured_media":137461,"comment_status":"closed","ping_status":"closed","sticky":false,"template":"","format":"standard","meta":{"footnotes":""},"categories":[1484,971,18792,18794],"tags":[],"class_list":["post-137464","post","type-post","status-publish","format-standard","has-post-thumbnail","category-decoracao","category-design-de-interiores","category-decoracao-de-apartamento","category-projetos-de-decoracao-de-casas"],"_wp_attached_file":null,"_wp_attachment_metadata":null,"_wp_attachment_context":null,"_wp_attachment_is_custom_header":null,"geo_longitude":null,"geo_public":null,"geo_latitude":null,"_publicize_done_external":null,"_wpas_done_3897181":null,"publicize_twitter_user":null,"_wpas_done_3897175":null,"_wpas_skip_3897181":null,"_wpas_skip_3897175":null,"_wpas_skip_3924723":null,"_wpas_mess":null,"_wpas_done_3924723":null,"wps_subtitle":"","_links":{"self":[{"href":"https:\/\/www.aarquiteta.com.br\/blog\/wp-json\/wp\/v2\/posts\/137464","targetHints":{"allow":["GET"]}}],"collection":[{"href":"https:\/\/www.aarquiteta.com.br\/blog\/wp-json\/wp\/v2\/posts"}],"about":[{"href":"https:\/\/www.aarquiteta.com.br\/blog\/wp-json\/wp\/v2\/types\/post"}],"author":[{"embeddable":true,"href":"https:\/\/www.aarquiteta.com.br\/blog\/wp-json\/wp\/v2\/users\/102"}],"replies":[{"embeddable":true,"href":"https:\/\/www.aarquiteta.com.br\/blog\/wp-json\/wp\/v2\/comments?post=137464"}],"version-history":[{"count":0,"href":"https:\/\/www.aarquiteta.com.br\/blog\/wp-json\/wp\/v2\/posts\/137464\/revisions"}],"wp:featuredmedia":[{"embeddable":true,"href":"https:\/\/www.aarquiteta.com.br\/blog\/wp-json\/wp\/v2\/media\/137461"}],"wp:attachment":[{"href":"https:\/\/www.aarquiteta.com.br\/blog\/wp-json\/wp\/v2\/media?parent=137464"}],"wp:term":[{"taxonomy":"category","embeddable":true,"href":"https:\/\/www.aarquiteta.com.br\/blog\/wp-json\/wp\/v2\/categories?post=137464"},{"taxonomy":"post_tag","embeddable":true,"href":"https:\/\/www.aarquiteta.com.br\/blog\/wp-json\/wp\/v2\/tags?post=137464"}],"curies":[{"name":"wp","href":"https:\/\/api.w.org\/{rel}","templated":true}]}}