{"id":137398,"date":"2024-12-11T18:56:04","date_gmt":"2024-12-11T21:56:04","guid":{"rendered":"https:\/\/www.aarquiteta.com.br\/blog\/itens-decoracao-nunca-saem-de-moda\/"},"modified":"2024-12-11T18:56:04","modified_gmt":"2024-12-11T21:56:04","slug":"itens-decoracao-nunca-saem-de-moda","status":"publish","type":"post","link":"https:\/\/www.aarquiteta.com.br\/blog\/itens-decoracao-nunca-saem-de-moda\/","title":{"rendered":"5 Itens de Decora\u00e7\u00e3o que Nunca Saem de Moda"},"content":{"rendered":"<p><body><\/p>\n<p>Descubra cinco itens de decora\u00e7\u00e3o que nunca saem de moda e que podem transformar qualquer ambiente, trazendo estilo e eleg\u00e2ncia atemporais.<\/p>\n<h2>Destaques principais<\/h2>\n<ul>\n<li><b>Sof\u00e1s de couro<\/b> s\u00e3o sin\u00f4nimo de durabilidade e estilo, adaptando-se a diferentes ambientes.<\/li>\n<li><b>Mesas de madeira<\/b> trazem beleza natural e versatilidade, sendo essenciais em qualquer decora\u00e7\u00e3o.<\/li>\n<li><b>Ilumina\u00e7\u00e3o elegante<\/b> cria um ambiente aconchegante e sofisticado, essencial para qualquer espa\u00e7o.<\/li>\n<\/ul>\n<h2>1. Sof\u00e1s de Couro<\/h2>\n<h3>Durabilidade e Estilo<\/h3>\n<figure style=\"width: 1024px\" class=\"wp-caption aligncenter\"><img decoding=\"async\" src=\"https:\/\/www.aarquiteta.com.br\/blog\/wp-content\/uploads\/2024\/12\/itens-decoracao-nunca-saem-de-moda04.jpg\" alt=\"5 Itens de Decora\u00e7\u00e3o que Nunca Saem de Moda\" width=\"1024\" height=\"1024\" title=\"\"><figcaption class=\"wp-caption-text\">5 Itens de Decora\u00e7\u00e3o que Nunca Saem de Moda<\/figcaption><\/figure>\n<p>Os <b>sof\u00e1s de couro<\/b> s\u00e3o uma escolha cl\u00e1ssica que nunca sai de moda. Eles n\u00e3o apenas oferecem uma est\u00e9tica sofisticada, mas tamb\u00e9m s\u00e3o extremamente dur\u00e1veis. O couro, quando bem cuidado, pode durar d\u00e9cadas, tornando-se um investimento inteligente para qualquer lar.<\/p>\n<h3>Versatilidade na Decora\u00e7\u00e3o<\/h3>\n<figure style=\"width: 1024px\" class=\"wp-caption aligncenter\"><img decoding=\"async\" src=\"https:\/\/www.aarquiteta.com.br\/blog\/wp-content\/uploads\/2024\/12\/itens-decoracao-nunca-saem-de-moda03.jpg\" alt=\"5 Itens de Decora\u00e7\u00e3o que Nunca Saem de Moda\" width=\"1024\" height=\"1024\" title=\"\"><figcaption class=\"wp-caption-text\">5 Itens de Decora\u00e7\u00e3o que Nunca Saem de Moda<\/figcaption><\/figure>\n<p>Al\u00e9m disso, os sof\u00e1s de couro se adaptam a diversos estilos de decora\u00e7\u00e3o, desde o <b>moderno<\/b> at\u00e9 o <b>r\u00fastico<\/b>. Eles podem ser combinados com almofadas coloridas ou mantas para criar um visual mais acolhedor e personalizado.<\/p>\n<h2>2. Mesas de Madeira<\/h2>\n<h3>Beleza Natural<\/h3>\n<figure style=\"width: 1024px\" class=\"wp-caption aligncenter\"><img decoding=\"async\" src=\"https:\/\/www.aarquiteta.com.br\/blog\/wp-content\/uploads\/2024\/12\/itens-decoracao-nunca-saem-de-moda02.jpg\" alt=\"5 Itens de Decora\u00e7\u00e3o que Nunca Saem de Moda\" width=\"1024\" height=\"1024\" title=\"\"><figcaption class=\"wp-caption-text\">5 Itens de Decora\u00e7\u00e3o que Nunca Saem de Moda<\/figcaption><\/figure>\n<p>A <b>mesa de madeira<\/b> \u00e9 um elemento central em qualquer ambiente. Sua beleza natural e textura \u00fanica trazem um toque de aconchego e autenticidade. A madeira \u00e9 um material que se destaca pela sua <b>durabilidade<\/b> e resist\u00eancia.<\/p>\n<h3>Estilos Variados<\/h3>\n<figure style=\"width: 1024px\" class=\"wp-caption aligncenter\"><img decoding=\"async\" src=\"https:\/\/www.aarquiteta.com.br\/blog\/wp-content\/uploads\/2024\/12\/itens-decoracao-nunca-saem-de-moda01.jpg\" alt=\"5 Itens de Decora\u00e7\u00e3o que Nunca Saem de Moda\" width=\"1024\" height=\"1024\" title=\"\"><figcaption class=\"wp-caption-text\">5 Itens de Decora\u00e7\u00e3o que Nunca Saem de Moda<\/figcaption><\/figure>\n<p>Existem mesas de madeira em diversos estilos, desde as mais r\u00fasticas at\u00e9 as mais contempor\u00e2neas. Isso permite que voc\u00ea escolha a que melhor se adapta ao seu espa\u00e7o, garantindo que a mesa se torne um ponto focal na decora\u00e7\u00e3o.<\/p>\n<h2>3. Quadros e Obras de Arte<\/h2>\n<h3>Express\u00e3o Pessoal<\/h3>\n<p style=\"text-align: center;\">[amazon table=&#8221;88247&#8243;]\n[amazon table=&#8221;88222&#8243;]\n[amazon table=&#8221;88247&#8243;]\n[amazon table=&#8221;88355&#8243;]\n[amazon table=&#8221;88024&#8243;]\n<p>Os <b>quadros e obras de arte<\/b> s\u00e3o uma forma poderosa de expressar sua personalidade e estilo. Eles podem transformar uma parede vazia em uma galeria pessoal, refletindo suas paix\u00f5es e interesses.<\/p>\n<h3>Impacto Visual<\/h3>\n<h3>Assista agora a minha recomenda\u00e7\u00e3o de video abaixo sobre o tema que estamos tratando neste artigo: <\/h3>\n<p><div class=\"youtube-embed\" data-video_id=\"clpbMeY2T84\"><iframe title=\"OS 5 ITENS DE DECORA\u00c7\u00c3O QUE NUNCA SAEM DE MODA\" width=\"696\" height=\"392\" src=\"https:\/\/www.youtube.com\/embed\/clpbMeY2T84?feature=oembed&#038;enablejsapi=1\" frameborder=\"0\" allow=\"accelerometer; autoplay; clipboard-write; encrypted-media; gyroscope; picture-in-picture; web-share\" referrerpolicy=\"strict-origin-when-cross-origin\" allowfullscreen><\/iframe><\/div>\n<\/p>\n<p>Al\u00e9m disso, a arte tem o poder de criar um impacto visual significativo. Um quadro bem escolhido pode ser o elemento que une toda a decora\u00e7\u00e3o, trazendo harmonia e estilo ao ambiente.<\/p>\n<h2>4. Plantas e Arranjos Naturais<\/h2>\n<h3>Conex\u00e3o com a Natureza<\/h3>\n<p>Incorporar <b>plantas<\/b> na decora\u00e7\u00e3o \u00e9 uma maneira eficaz de trazer a natureza para dentro de casa. Elas n\u00e3o apenas embelezam o espa\u00e7o, mas tamb\u00e9m promovem uma sensa\u00e7\u00e3o de tranquilidade e bem-estar.<\/p>\n<h3>Benef\u00edcios para a Sa\u00fade<\/h3>\n<p>Al\u00e9m do aspecto est\u00e9tico, as plantas purificam o ar e melhoram a qualidade do ambiente, contribuindo para a sa\u00fade e o bem-estar dos moradores. \u00c9 uma forma de criar um lar mais saud\u00e1vel e acolhedor.<\/p>\n<h2>5. Ilumina\u00e7\u00e3o Elegante<\/h2>\n<h3>Lustres e Pendentes<\/h3>\n<p>A <b>ilumina\u00e7\u00e3o<\/b> \u00e9 um dos aspectos mais importantes na decora\u00e7\u00e3o. Lustres e pendentes elegantes n\u00e3o apenas iluminam o espa\u00e7o, mas tamb\u00e9m servem como pe\u00e7as de destaque. Eles podem transformar um ambiente comum em um espa\u00e7o sofisticado e acolhedor.<\/p>\n<h3>Ambiente Aconchegante<\/h3>\n<p>Uma boa ilumina\u00e7\u00e3o cria um ambiente aconchegante e convidativo. Usar diferentes fontes de luz, como abajures e luzes embutidas, pode ajudar a criar uma atmosfera \u00fanica e personalizada.<\/p>\n<h2>Conclus\u00e3o<\/h2>\n<p>Em resumo, ao escolher itens de decora\u00e7\u00e3o que nunca saem de moda, como sof\u00e1s de couro, mesas de madeira, quadros, plantas e uma ilumina\u00e7\u00e3o elegante, voc\u00ea garante um ambiente que \u00e9 ao mesmo tempo estiloso e atemporal. Esses elementos n\u00e3o apenas embelezam o espa\u00e7o, mas tamb\u00e9m refletem sua personalidade e estilo de vida. Portanto, ao planejar sua decora\u00e7\u00e3o, lembre-se de investir em pe\u00e7as que tragam <b>durabilidade<\/b> e <b>estilo<\/b>, criando um lar que voc\u00ea ama.<\/p>\n<p><\/body><\/p>\n","protected":false},"excerpt":{"rendered":"<p>Conhe\u00e7a os cl\u00e1ssicos da decora\u00e7\u00e3o que permanecem sempre atuais e estilosos.<\/p>\n","protected":false},"author":102,"featured_media":137395,"comment_status":"closed","ping_status":"closed","sticky":false,"template":"","format":"standard","meta":{"footnotes":""},"categories":[1484,971,18792,18794],"tags":[],"class_list":["post-137398","post","type-post","status-publish","format-standard","has-post-thumbnail","category-decoracao","category-design-de-interiores","category-decoracao-de-apartamento","category-projetos-de-decoracao-de-casas"],"_wp_attached_file":null,"_wp_attachment_metadata":null,"_wp_attachment_context":null,"_wp_attachment_is_custom_header":null,"geo_longitude":null,"geo_public":null,"geo_latitude":null,"_publicize_done_external":null,"_wpas_done_3897181":null,"publicize_twitter_user":null,"_wpas_done_3897175":null,"_wpas_skip_3897181":null,"_wpas_skip_3897175":null,"_wpas_skip_3924723":null,"_wpas_mess":null,"_wpas_done_3924723":null,"wps_subtitle":"","_links":{"self":[{"href":"https:\/\/www.aarquiteta.com.br\/blog\/wp-json\/wp\/v2\/posts\/137398","targetHints":{"allow":["GET"]}}],"collection":[{"href":"https:\/\/www.aarquiteta.com.br\/blog\/wp-json\/wp\/v2\/posts"}],"about":[{"href":"https:\/\/www.aarquiteta.com.br\/blog\/wp-json\/wp\/v2\/types\/post"}],"author":[{"embeddable":true,"href":"https:\/\/www.aarquiteta.com.br\/blog\/wp-json\/wp\/v2\/users\/102"}],"replies":[{"embeddable":true,"href":"https:\/\/www.aarquiteta.com.br\/blog\/wp-json\/wp\/v2\/comments?post=137398"}],"version-history":[{"count":0,"href":"https:\/\/www.aarquiteta.com.br\/blog\/wp-json\/wp\/v2\/posts\/137398\/revisions"}],"wp:featuredmedia":[{"embeddable":true,"href":"https:\/\/www.aarquiteta.com.br\/blog\/wp-json\/wp\/v2\/media\/137395"}],"wp:attachment":[{"href":"https:\/\/www.aarquiteta.com.br\/blog\/wp-json\/wp\/v2\/media?parent=137398"}],"wp:term":[{"taxonomy":"category","embeddable":true,"href":"https:\/\/www.aarquiteta.com.br\/blog\/wp-json\/wp\/v2\/categories?post=137398"},{"taxonomy":"post_tag","embeddable":true,"href":"https:\/\/www.aarquiteta.com.br\/blog\/wp-json\/wp\/v2\/tags?post=137398"}],"curies":[{"name":"wp","href":"https:\/\/api.w.org\/{rel}","templated":true}]}}