{"id":137276,"date":"2024-12-10T16:51:31","date_gmt":"2024-12-10T19:51:31","guid":{"rendered":"https:\/\/www.aarquiteta.com.br\/blog\/verde-menta\/"},"modified":"2024-12-10T16:51:31","modified_gmt":"2024-12-10T19:51:31","slug":"verde-menta","status":"publish","type":"post","link":"https:\/\/www.aarquiteta.com.br\/blog\/verde-menta\/","title":{"rendered":"10 IDEIAS PARA USAR O TOM VERDE MENTA NA DECORA\u00c7\u00c3O"},"content":{"rendered":"<p><body><\/p>\n<p>O verde menta \u00e9 uma cor que n\u00e3o s\u00f3 refresca, mas tamb\u00e9m transforma qualquer ambiente. Com suas nuances suaves e vibrantes, essa tonalidade conecta estilos modernos a refer\u00eancias vintage, se tornando a escolha ideal para quem busca inova\u00e7\u00e3o na decora\u00e7\u00e3o.<\/p>\n<h2>Principais Pontos a Serem Abordados<\/h2>\n<ul>\n<li><b>O que \u00e9 o Verde Menta?<\/b> &#8211; Vamos descobrir a hist\u00f3ria e a evolu\u00e7\u00e3o dessa cor incr\u00edvel nas \u00faltimas d\u00e9cadas.<\/li>\n<li><b>Como Us\u00e1-la na Decora\u00e7\u00e3o<\/b> &#8211; Ideias pr\u00e1ticas para integrar o verde menta em diferentes ambientes da casa.<\/li>\n<li><b>Combina\u00e7\u00f5es de Cores<\/b> &#8211; Dicas para criar combina\u00e7\u00f5es harm\u00f4nicas e surpreendentes.<\/li>\n<li><b>Estilos de Decora\u00e7\u00e3o<\/b> &#8211; Como o verde menta se encaixa nos estilos contempor\u00e2neo e vintage.<\/li>\n<li><b>Eventos e Tem\u00e1ticas<\/b> &#8211; Exploraremos o uso do verde menta em eventos e tem\u00e1ticas espec\u00edficas.<\/li>\n<li><b>Conclus\u00e3o<\/b> &#8211; Encerramos com reflex\u00f5es sobre a durabilidade e versatilidade do verde menta na decora\u00e7\u00e3o.<\/li>\n<\/ul>\n<h2>O que \u00e9 o Verde Menta?<\/h2>\n<h3>Hist\u00f3ria e Evolu\u00e7\u00e3o<\/h3>\n<figure style=\"width: 1024px\" class=\"wp-caption aligncenter\"><img decoding=\"async\" src=\"https:\/\/www.aarquiteta.com.br\/blog\/wp-content\/uploads\/2024\/12\/verde-menta-2-730x913.jpg\" alt=\"Foto de verde menta 3 1 - 6\" title=\"\"><figcaption class=\"wp-caption-text\">Foto de verde menta 3 1 &#8211; 6<\/figcaption><\/figure>\n<p>Quando penso no <b>verde menta<\/b>, logo me vem \u00e0 mente as d\u00e9cadas de 1920 a 1950, per\u00edodos em que as cores past\u00e9is dominaram a paleta de decora\u00e7\u00e3o. Desde 2020, essa cor tem se destacado novamente, e n\u00e3o \u00e9 \u00e0 toa: ela transmite frescor, tranquilidade e um toque de modernidade. Com o nome de Neo Mint, essa tonalidade reflete n\u00e3o apenas uma est\u00e9tica, mas uma sensa\u00e7\u00e3o que conecta as pessoas \u00e0 natureza.<\/p>\n<p>Foi em 2020 que o verde menta ganhou o t\u00edtulo de &#8220;cor do ano&#8221;, e isso se refletiu em muitos projetos de interiores, trazendo um ar leve e otimista aos espa\u00e7os. O importante aqui \u00e9 perceber que a decora\u00e7\u00e3o vai al\u00e9m do visual: ela \u00e9 uma forma de express\u00e3o.<\/p>\n<h2>Como Usar o Verde Menta na Decora\u00e7\u00e3o<\/h2>\n<h3>Paredes e Ambientes<\/h3>\n<figure style=\"width: 1024px\" class=\"wp-caption aligncenter\"><img decoding=\"async\" src=\"https:\/\/www.aarquiteta.com.br\/blog\/wp-content\/uploads\/2024\/12\/verde-menta01.jpg\" alt=\"70 IDEIAS PARA USAR O TOM VERDE MENTA NA DECORA\u00c7\u00c3O\" width=\"1024\" height=\"1024\" title=\"\"><figcaption class=\"wp-caption-text\">70 IDEIAS PARA USAR O TOM VERDE MENTA NA DECORA\u00c7\u00c3O<\/figcaption><\/figure>\n<p>Pintar uma parede de verde menta \u00e9 como dar um novo aire para o ambiente. <b>Imagine um espa\u00e7o<\/b> que antes parecia mon\u00f3tono transformando-se em um ref\u00fagio de tranquilidade. \u00c9 erro comum pensar que essa cor remete apenas ao estilo infantil; ela se adapta a contextos sofisticados, possibilitando uma atmosfera relaxante em qualquer c\u00f4modo, desde salas de estar at\u00e9 dormit\u00f3rios.<\/p>\n<p>Uma dica \u00e9 escolher uma parede como destaque e combin\u00e1-la com m\u00f3veis em tons neutros ou past\u00e9is. Isso equilibra o ambiente, evitando que a cor se torne avassaladora.<\/p>\n<h3>M\u00f3veis e Acess\u00f3rios<\/h3>\n<figure style=\"width: 1024px\" class=\"wp-caption aligncenter\"><img decoding=\"async\" src=\"https:\/\/www.aarquiteta.com.br\/blog\/wp-content\/uploads\/2024\/12\/verde-menta-00-1.png\" alt=\"Foto de verde menta 01 - 1\" title=\"\"><figcaption class=\"wp-caption-text\">Foto de verde menta 01 &#8211; 1<\/figcaption><\/figure>\n<p>Outra maneira de introduzir o verde menta na sua casa \u00e9 atrav\u00e9s de <b>m\u00f3veis<\/b> e acess\u00f3rios. Um sof\u00e1, uma poltrona ou at\u00e9 mesmo almofadas nessa tonalidade trazem um toque de originalidade ao espa\u00e7o. O importante aqui \u00e9 escolher pe\u00e7as que complementem a sua decora\u00e7\u00e3o j\u00e1 existente.<\/p>\n<p>Al\u00e9m disso, o uso de pequenos detalhes, como quadros, vasos e cortinas, pode fazer uma diferen\u00e7a significativa. Quando esse verde \u00e9 combinado com materiais naturais como madeira ou fibras, o resultado \u00e9 uma conex\u00e3o ainda mais intensa com a natureza.<\/p>\n<h3>Combina\u00e7\u00f5es de Cores<\/h3>\n<figure style=\"width: 1024px\" class=\"wp-caption aligncenter\"><img decoding=\"async\" src=\"https:\/\/www.aarquiteta.com.br\/blog\/wp-content\/uploads\/2024\/12\/verde-menta02.jpg\" alt=\"70 IDEIAS PARA USAR O TOM VERDE MENTA NA DECORA\u00c7\u00c3O\" width=\"1024\" height=\"1024\" title=\"\"><figcaption class=\"wp-caption-text\">70 IDEIAS PARA USAR O TOM VERDE MENTA NA DECORA\u00c7\u00c3O<\/figcaption><\/figure>\n<p>Ao harmonizar o verde menta com outras cores, \u00e9 fundamental encontrar o equil\u00edbrio. <b>A combina\u00e7\u00e3o com o rosa<\/b>, por exemplo, cria um contraste vibrante e ousado que pode energizar um espa\u00e7o. Imagine uma sala onde as paredes s\u00e3o menta e os acess\u00f3rios, como almofadas ou quadros, s\u00e3o rosas. O resultado \u00e9 um ambiente alegre e acolhedor.<\/p>\n<p>Al\u00e9m do rosa, a associa\u00e7\u00e3o com cores neutras como o branco e o cinza traz um ar de sofistica\u00e7\u00e3o e eleg\u00e2ncia, criando um espa\u00e7o mais clean.<\/p>\n<h2>Ideias de Estilos de Decora\u00e7\u00e3o<\/h2>\n<h3>Decora\u00e7\u00e3o Estilo Cottage<\/h3>\n<figure style=\"width: 1024px\" class=\"wp-caption aligncenter\"><img decoding=\"async\" src=\"https:\/\/www.aarquiteta.com.br\/blog\/wp-content\/uploads\/2024\/12\/verde-menta-01-730x449.png\" alt=\"Foto de parede rosa 14 - 2\" title=\"\"><figcaption class=\"wp-caption-text\">Foto de parede rosa 14 &#8211; 2<\/figcaption><\/figure>\n<p>Se voc\u00ea \u00e9 f\u00e3 do estilo <b>cottage<\/b>, o verde menta \u00e9 a sua cor de escolha! Essa tonalidade combina perfeitamente com estampas florais e m\u00f3veis r\u00fasticos, criando um ambiente aconchegante, como um verdadeiro abrigo no campo.<\/p>\n<p>Experimente usar o verde menta em conjunto com madeira clara e tecidos naturais, como algod\u00e3o e linho, para alcan\u00e7ar um efeito acolhedor e convidativo.<\/p>\n<h3>Decora\u00e7\u00e3o Moderna e Minimalista<\/h3>\n<figure style=\"width: 1024px\" class=\"wp-caption aligncenter\"><img decoding=\"async\" src=\"https:\/\/www.aarquiteta.com.br\/blog\/wp-content\/uploads\/2024\/12\/verde-menta03.jpg\" alt=\"70 IDEIAS PARA USAR O TOM VERDE MENTA NA DECORA\u00c7\u00c3O\" width=\"1024\" height=\"1024\" title=\"\"><figcaption class=\"wp-caption-text\">70 IDEIAS PARA USAR O TOM VERDE MENTA NA DECORA\u00c7\u00c3O<\/figcaption><\/figure>\n<p>O verde menta tamb\u00e9m se encaixa muito bem em ambientes <b>modernos e minimalistas<\/b>. Aqui, menos \u00e9 mais! Utilize a cor como um toque de destaque em acess\u00f3rios, como uma mesa de centro ou um quadro, mantendo o resto da decora\u00e7\u00e3o em tons mais neutros.<\/p>\n<p>Essa abordagem traz frescor ao ambiente, sem sobrecarreg\u00e1-lo. Um espa\u00e7o bem equilibrado reflete tanto a modernidade como a eleg\u00e2ncia.<\/p>\n<h2>Eventos e Tem\u00e1ticas<\/h2>\n<h3>Festas e Anivers\u00e1rios<\/h3>\n<figure style=\"width: 1024px\" class=\"wp-caption aligncenter\"><img decoding=\"async\" src=\"https:\/\/www.aarquiteta.com.br\/blog\/wp-content\/uploads\/2024\/12\/parede-rosa-14-286x160.jpg\" alt=\"Foto de poltrona verde 1 - 3\" title=\"\"><figcaption class=\"wp-caption-text\">Foto de poltrona verde 1 &#8211; 3<\/figcaption><\/figure>\n<p>O verde menta \u00e9 excelente para festas e eventos, trazendo um aspecto festivo, mas ainda assim sofisticado. <b>Pense em mesas decoradas<\/b> com toalhas menta, copos coloridos e flores brancas: um arranjo vibrante e alegre, que certamente impressionar\u00e1 os convidados.<\/p>\n<p>Al\u00e9m de festas, essa cor tamb\u00e9m \u00e9 \u00f3tima para ch\u00e1s de beb\u00ea ou casamentos, especialmente em combina\u00e7\u00f5es com outros past\u00e9is.<\/p>\n<h2>Conclus\u00e3o<\/h2>\n<p>Em suma, o verde menta \u00e9 muito mais do que apenas um tom bonito; \u00e9 uma <b>experi\u00eancia sensorial<\/b> que pode transformar ambientes, tornar espa\u00e7os mais harmoniosos e transmitir emo\u00e7\u00f5es. Incorpor\u00e1-lo na decora\u00e7\u00e3o n\u00e3o s\u00f3 reflete um estilo, mas tamb\u00e9m a personalidade de quem vive ali. Desde pinturas at\u00e9 acess\u00f3rios, h\u00e1 in\u00fameras formas de us\u00e1-lo.<\/p>\n<p>Se voc\u00ea est\u00e1 em busca de um toque de frescor, n\u00e3o hesite em usar o verde menta. Afinal, a decora\u00e7\u00e3o ideal \u00e9 aquela que fala diretamente ao cora\u00e7\u00e3o.<\/p>\n<p><\/body><br \/>\n<figure style=\"width: 1024px\" class=\"wp-caption aligncenter\"><img decoding=\"async\" src=\"https:\/\/www.aarquiteta.com.br\/blog\/wp-content\/uploads\/2024\/12\/verde-menta4.jpg\" alt=\"70 IDEIAS PARA USAR O TOM VERDE MENTA NA DECORA\u00c7\u00c3O\" width=\"1024\" height=\"1024\" title=\"\"><figcaption class=\"wp-caption-text\">70 IDEIAS PARA USAR O TOM VERDE MENTA NA DECORA\u00c7\u00c3O<\/figcaption><\/figure>\n<figure style=\"width: 1024px\" class=\"wp-caption aligncenter\"><img decoding=\"async\" src=\"https:\/\/www.aarquiteta.com.br\/blog\/wp-content\/uploads\/2024\/12\/poltrona-verde-1-286x160.jpg\" alt=\"Foto de tons de amarelo - 4\" title=\"\"><figcaption class=\"wp-caption-text\">Foto de tons de amarelo &#8211; 4<\/figcaption><\/figure>\n<h3>Para se aprofundar mais sobre o tema, veja a minha recomenda\u00e7\u00e3o sobre o tema deste artigo no v\u00eddeo a seguir abaixo:<\/h3>\n<p><iframe title=\"YouTube video player\" src=\"https:\/\/www.youtube.com\/embed\/PnLEoz4zsbE\" width=\"560\" height=\"315\" frameborder=\"0\" allowfullscreen=\"allowfullscreen\"><\/iframe><\/p>\n<figure style=\"width: 1024px\" class=\"wp-caption aligncenter\"><img decoding=\"async\" src=\"https:\/\/www.aarquiteta.com.br\/blog\/wp-content\/uploads\/2024\/12\/tons-de-amarelo-286x160.jpg\" alt=\"Foto de verde menta 2 - 5\" title=\"\"><figcaption class=\"wp-caption-text\">Foto de verde menta 2 &#8211; 5<\/figcaption><\/figure>\n","protected":false},"excerpt":{"rendered":"<p>Descubra 70 ideias incr\u00edveis para usar o verde menta na decora\u00e7\u00e3o da sua casa e trazer frescor e estilo aos ambientes.<\/p>\n","protected":false},"author":102,"featured_media":137269,"comment_status":"closed","ping_status":"closed","sticky":false,"template":"","format":"standard","meta":{"footnotes":""},"categories":[1484],"tags":[],"class_list":["post-137276","post","type-post","status-publish","format-standard","has-post-thumbnail","category-decoracao"],"_wp_attached_file":null,"_wp_attachment_metadata":null,"_wp_attachment_context":null,"_wp_attachment_is_custom_header":null,"geo_longitude":null,"geo_public":null,"geo_latitude":null,"_publicize_done_external":null,"_wpas_done_3897181":null,"publicize_twitter_user":null,"_wpas_done_3897175":null,"_wpas_skip_3897181":null,"_wpas_skip_3897175":null,"_wpas_skip_3924723":null,"_wpas_mess":null,"_wpas_done_3924723":null,"wps_subtitle":"","_links":{"self":[{"href":"https:\/\/www.aarquiteta.com.br\/blog\/wp-json\/wp\/v2\/posts\/137276","targetHints":{"allow":["GET"]}}],"collection":[{"href":"https:\/\/www.aarquiteta.com.br\/blog\/wp-json\/wp\/v2\/posts"}],"about":[{"href":"https:\/\/www.aarquiteta.com.br\/blog\/wp-json\/wp\/v2\/types\/post"}],"author":[{"embeddable":true,"href":"https:\/\/www.aarquiteta.com.br\/blog\/wp-json\/wp\/v2\/users\/102"}],"replies":[{"embeddable":true,"href":"https:\/\/www.aarquiteta.com.br\/blog\/wp-json\/wp\/v2\/comments?post=137276"}],"version-history":[{"count":0,"href":"https:\/\/www.aarquiteta.com.br\/blog\/wp-json\/wp\/v2\/posts\/137276\/revisions"}],"wp:featuredmedia":[{"embeddable":true,"href":"https:\/\/www.aarquiteta.com.br\/blog\/wp-json\/wp\/v2\/media\/137269"}],"wp:attachment":[{"href":"https:\/\/www.aarquiteta.com.br\/blog\/wp-json\/wp\/v2\/media?parent=137276"}],"wp:term":[{"taxonomy":"category","embeddable":true,"href":"https:\/\/www.aarquiteta.com.br\/blog\/wp-json\/wp\/v2\/categories?post=137276"},{"taxonomy":"post_tag","embeddable":true,"href":"https:\/\/www.aarquiteta.com.br\/blog\/wp-json\/wp\/v2\/tags?post=137276"}],"curies":[{"name":"wp","href":"https:\/\/api.w.org\/{rel}","templated":true}]}}