{"id":137260,"date":"2024-12-10T15:01:00","date_gmt":"2024-12-10T18:01:00","guid":{"rendered":"https:\/\/www.aarquiteta.com.br\/blog\/orquidea-cymbidium-beleza\/"},"modified":"2024-12-10T15:01:00","modified_gmt":"2024-12-10T18:01:00","slug":"orquidea-cymbidium-beleza","status":"publish","type":"post","link":"https:\/\/www.aarquiteta.com.br\/blog\/orquidea-cymbidium-beleza\/","title":{"rendered":"Orqu\u00eddea Cymbidium: Beleza Ex\u00f3tica e Cultivo Simples"},"content":{"rendered":"<p>A Orqu\u00eddea Cymbidium \u00e9 uma planta ex\u00f3tica e de f\u00e1cil cultivo, famosa por suas flores duradouras e cores vibrantes, ideal para entusiastas de jardinagem que buscam beleza e simplicidade.<\/p>\n<h2>Origem da Orqu\u00eddea Cymbidium<\/h2>\n<h3>Hist\u00f3ria e Descoberta<\/h3>\n<figure style=\"width: 1024px\" class=\"wp-caption aligncenter\"><img decoding=\"async\" src=\"https:\/\/www.aarquiteta.com.br\/blog\/wp-content\/uploads\/2024\/12\/orquidea-cymbidium-beleza04.jpg\" alt=\"Orqu\u00eddea Cymbidium: Beleza Ex\u00f3tica e Cultivo Simples\" width=\"1024\" height=\"1024\" title=\"\"><figcaption class=\"wp-caption-text\">Orqu\u00eddea Cymbidium: Beleza Ex\u00f3tica e Cultivo Simples<\/figcaption><\/figure>\n<p>A Orqu\u00eddea Cymbidium foi <b>descoberta por Olof Swartz<\/b> em 1799 e rapidamente se tornou uma das favoritas entre os amantes de orqu\u00eddeas. Origin\u00e1ria de regi\u00f5es frescas da \u00c1sia e da Austr\u00e1lia, essa planta \u00e9 um verdadeiro <b>tesouro bot\u00e2nico<\/b>.<\/p>\n<h2>Caracter\u00edsticas da Orqu\u00eddea Cymbidium<\/h2>\n<h3>Folhas e Flores<\/h3>\n<figure style=\"width: 1024px\" class=\"wp-caption aligncenter\"><img decoding=\"async\" src=\"https:\/\/www.aarquiteta.com.br\/blog\/wp-content\/uploads\/2024\/12\/orquidea-cymbidium-beleza03.jpg\" alt=\"Orqu\u00eddea Cymbidium: Beleza Ex\u00f3tica e Cultivo Simples\" width=\"1024\" height=\"1024\" title=\"\"><figcaption class=\"wp-caption-text\">Orqu\u00eddea Cymbidium: Beleza Ex\u00f3tica e Cultivo Simples<\/figcaption><\/figure>\n<p>As folhas longas e estreitas da Cymbidium s\u00e3o acompanhadas por flores espetaculares que variam em <b>tons vibrantes<\/b> como branco, rosa, amarelo e verde. Essas flores s\u00e3o conhecidas por sua durabilidade e beleza.<\/p>\n<h3>Per\u00edodo de Flora\u00e7\u00e3o<\/h3>\n<figure style=\"width: 1024px\" class=\"wp-caption aligncenter\"><img decoding=\"async\" src=\"https:\/\/www.aarquiteta.com.br\/blog\/wp-content\/uploads\/2024\/12\/orquidea-cymbidium-beleza02.jpg\" alt=\"Orqu\u00eddea Cymbidium: Beleza Ex\u00f3tica e Cultivo Simples\" width=\"1024\" height=\"1024\" title=\"\"><figcaption class=\"wp-caption-text\">Orqu\u00eddea Cymbidium: Beleza Ex\u00f3tica e Cultivo Simples<\/figcaption><\/figure>\n<p>A flora\u00e7\u00e3o da Cymbidium ocorre principalmente no <b>outono e inverno<\/b>, proporcionando um espet\u00e1culo visual que encanta qualquer jardineiro. \u00c9 durante esses meses que a planta se destaca, trazendo alegria e cor aos ambientes.<\/p>\n<h2>Cuidados Essenciais para Cultivo<\/h2>\n<h3>Ilumina\u00e7\u00e3o Ideal<\/h3>\n<figure style=\"width: 1024px\" class=\"wp-caption aligncenter\"><img decoding=\"async\" src=\"https:\/\/www.aarquiteta.com.br\/blog\/wp-content\/uploads\/2024\/12\/orquidea-cymbidium-beleza01.jpg\" alt=\"Orqu\u00eddea Cymbidium: Beleza Ex\u00f3tica e Cultivo Simples\" width=\"1024\" height=\"1024\" title=\"\"><figcaption class=\"wp-caption-text\">Orqu\u00eddea Cymbidium: Beleza Ex\u00f3tica e Cultivo Simples<\/figcaption><\/figure>\n<p>Para um crescimento saud\u00e1vel, a Orqu\u00eddea Cymbidium precisa de <b>boa ilumina\u00e7\u00e3o<\/b>, mas deve ser protegida da luz solar direta. A luz filtrada \u00e9 a mais recomendada, garantindo que a planta receba a luminosidade necess\u00e1ria sem sofrer danos.<\/p>\n<h3>Substrato e Rega<\/h3>\n<p>O substrato ideal deve ter <b>boa drenagem<\/b>, geralmente composto por casca de pinus, carv\u00e3o e musgo. A rega deve ser regular, mantendo o substrato levemente \u00famido, mas nunca encharcado. A frequ\u00eancia varia conforme o clima e a esta\u00e7\u00e3o.<\/p>\n<h3>Aduba\u00e7\u00e3o para Flora\u00e7\u00e3o<\/h3>\n<h3>Assista agora a minha recomenda\u00e7\u00e3o de video abaixo sobre o tema que estamos tratando neste artigo: <\/h3>\n<p><div class=\"youtube-embed\" data-video_id=\"vnTJLUaCe3g\"><iframe title=\"CYMBIDIUNS FLORIDOS COM CULTIVO SIMPLES  MAS COM FRIO NO INVERNO\" width=\"696\" height=\"392\" src=\"https:\/\/www.youtube.com\/embed\/vnTJLUaCe3g?feature=oembed&#038;enablejsapi=1\" frameborder=\"0\" allow=\"accelerometer; autoplay; clipboard-write; encrypted-media; gyroscope; picture-in-picture; web-share\" referrerpolicy=\"strict-origin-when-cross-origin\" allowfullscreen><\/iframe><\/div>\n<\/p>\n<p>Uma aduba\u00e7\u00e3o adequada \u00e9 crucial para garantir uma flora\u00e7\u00e3o abundante. Recomenda-se o uso de <b>fertilizantes balanceados<\/b> durante a esta\u00e7\u00e3o de crescimento, ricos em nitrog\u00eanio, f\u00f3sforo e pot\u00e1ssio, para nutrir a planta de forma eficaz.<\/p>\n<h2>Dicas Adicionais para o Cultivo<\/h2>\n<h3>Erros Comuns a Evitar<\/h3>\n<p>Um dos erros mais comuns \u00e9 a <b>exposi\u00e7\u00e3o excessiva ao sol<\/b>, que pode danificar as folhas. Al\u00e9m disso, a rega inadequada, seja por excesso ou falta, pode comprometer a sa\u00fade da planta. Fique atento a esses detalhes!<\/p>\n<h2>Conclus\u00e3o<\/h2>\n<p>A Orqu\u00eddea Cymbidium \u00e9 uma escolha perfeita para quem deseja adicionar um toque de <b>beleza ex\u00f3tica<\/b> ao seu lar. Com os cuidados certos, essa planta pode florescer e encantar por muitos anos. Se voc\u00ea est\u00e1 come\u00e7ando a cultivar orqu\u00eddeas, a Cymbidium \u00e9 uma excelente op\u00e7\u00e3o para iniciar sua jornada no mundo das plantas.<\/p>\n","protected":false},"excerpt":{"rendered":"<p>A Orqu\u00eddea Cymbidium \u00e9 uma planta ex\u00f3tica e de f\u00e1cil cultivo, famosa por suas flores duradouras e cores vibrantes, ideal para entusiastas de jardinagem que buscam beleza e simplicidade. Origem da Orqu\u00eddea Cymbidium Hist\u00f3ria e Descoberta A Orqu\u00eddea Cymbidium foi descoberta por Olof Swartz em 1799 e rapidamente se tornou uma das favoritas entre os [&hellip;]<\/p>\n","protected":false},"author":102,"featured_media":137257,"comment_status":"closed","ping_status":"closed","sticky":false,"template":"","format":"standard","meta":{"footnotes":""},"categories":[9612,18792,18794],"tags":[],"class_list":["post-137260","post","type-post","status-publish","format-standard","has-post-thumbnail","category-jardinagem","category-decoracao-de-apartamento","category-projetos-de-decoracao-de-casas"],"_wp_attached_file":null,"_wp_attachment_metadata":null,"_wp_attachment_context":null,"_wp_attachment_is_custom_header":null,"geo_longitude":null,"geo_public":null,"geo_latitude":null,"_publicize_done_external":null,"_wpas_done_3897181":null,"publicize_twitter_user":null,"_wpas_done_3897175":null,"_wpas_skip_3897181":null,"_wpas_skip_3897175":null,"_wpas_skip_3924723":null,"_wpas_mess":null,"_wpas_done_3924723":null,"wps_subtitle":"","_links":{"self":[{"href":"https:\/\/www.aarquiteta.com.br\/blog\/wp-json\/wp\/v2\/posts\/137260","targetHints":{"allow":["GET"]}}],"collection":[{"href":"https:\/\/www.aarquiteta.com.br\/blog\/wp-json\/wp\/v2\/posts"}],"about":[{"href":"https:\/\/www.aarquiteta.com.br\/blog\/wp-json\/wp\/v2\/types\/post"}],"author":[{"embeddable":true,"href":"https:\/\/www.aarquiteta.com.br\/blog\/wp-json\/wp\/v2\/users\/102"}],"replies":[{"embeddable":true,"href":"https:\/\/www.aarquiteta.com.br\/blog\/wp-json\/wp\/v2\/comments?post=137260"}],"version-history":[{"count":0,"href":"https:\/\/www.aarquiteta.com.br\/blog\/wp-json\/wp\/v2\/posts\/137260\/revisions"}],"wp:featuredmedia":[{"embeddable":true,"href":"https:\/\/www.aarquiteta.com.br\/blog\/wp-json\/wp\/v2\/media\/137257"}],"wp:attachment":[{"href":"https:\/\/www.aarquiteta.com.br\/blog\/wp-json\/wp\/v2\/media?parent=137260"}],"wp:term":[{"taxonomy":"category","embeddable":true,"href":"https:\/\/www.aarquiteta.com.br\/blog\/wp-json\/wp\/v2\/categories?post=137260"},{"taxonomy":"post_tag","embeddable":true,"href":"https:\/\/www.aarquiteta.com.br\/blog\/wp-json\/wp\/v2\/tags?post=137260"}],"curies":[{"name":"wp","href":"https:\/\/api.w.org\/{rel}","templated":true}]}}