{"id":137228,"date":"2024-12-10T06:31:08","date_gmt":"2024-12-10T09:31:08","guid":{"rendered":"https:\/\/www.aarquiteta.com.br\/blog\/perfil-profissional\/"},"modified":"2024-12-10T06:31:08","modified_gmt":"2024-12-10T09:31:08","slug":"perfil-profissional","status":"publish","type":"post","link":"https:\/\/www.aarquiteta.com.br\/blog\/perfil-profissional\/","title":{"rendered":"Transforme seu perfil profissional e destaque-se no mercado."},"content":{"rendered":"<p>Descobrir o seu perfil profissional \u00e9 essencial para alinhar suas habilidades e paix\u00f5es com a carreira que voc\u00ea deseja. Neste artigo, vamos explorar os diferentes tipos de perfis profissionais e como cada um pode impactar sua trajet\u00f3ria no mercado de trabalho.<\/p>\n<h2>O que \u00e9 um perfil profissional?<\/h2>\n<h3>Entendendo o conceito<\/h3>\n<p>O <b>perfil profissional<\/b> \u00e9 um conjunto de caracter\u00edsticas, habilidades e voca\u00e7\u00f5es que cada um de n\u00f3s possui. \u00c9 como um mapa que nos guia em dire\u00e7\u00e3o a uma carreira que realmente nos satisfaz. Quando conhecemos nosso perfil, conseguimos direcionar nossos esfor\u00e7os e talentos para \u00e1reas que nos trazem realiza\u00e7\u00e3o e sucesso. \u00c9 como encontrar a pe\u00e7a que faltava no quebra-cabe\u00e7a da vida profissional.<\/p>\n<h3>A import\u00e2ncia do autoconhecimento<\/h3>\n<figure style=\"width: 1024px\" class=\"wp-caption aligncenter\"><img decoding=\"async\" src=\"https:\/\/www.aarquiteta.com.br\/blog\/wp-content\/uploads\/2024\/12\/original-c52b4dd05480e77fc94537ea34cacc75.jpg\" alt=\"Transforme seu perfil profissional e destaque-se no mercado.\" width=\"1024\" height=\"1024\" title=\"\"><figcaption class=\"wp-caption-text\">Fonte: <a href=\"https:\/\/blog.anhanguera.com\/perfil-profissional\/\" target=\"_blank\" rel=\"noopener\">Blog anhanguera<\/a><\/figcaption><\/figure>\n<p>O autoconhecimento \u00e9 a chave para uma carreira bem-sucedida. Ao entender suas pr\u00f3prias inclina\u00e7\u00f5es e habilidades, voc\u00ea pode escolher uma profiss\u00e3o que se alinhe com quem voc\u00ea realmente \u00e9. Isso n\u00e3o s\u00f3 aumenta a satisfa\u00e7\u00e3o no trabalho, mas tamb\u00e9m melhora o desempenho. Afinal, quando fazemos o que amamos, o trabalho deixa de ser um fardo e se torna uma paix\u00e3o.<\/p>\n<h3>Os principais perfis profissionais<\/h3>\n<p>Existem diversos perfis profissionais, e cada um tem suas particularidades. Vamos explorar alguns dos mais comuns:<\/p>\n<ul>\n<li><b>L\u00edder:<\/b> O l\u00edder \u00e9 aquele que inspira e motiva os outros. Ele possui qualidades como paci\u00eancia, \u00e9tica e tranquilidade sob press\u00e3o.<\/li>\n<li><b>Executor:<\/b> O executor \u00e9 o &#8220;m\u00e3o na massa&#8221;. Ele se destaca em ambientes operacionais e \u00e9 excelente em resolver problemas pr\u00e1ticos.<\/li>\n<li><b>Comunicador:<\/b> O comunicador \u00e9 um agregador, capaz de encontrar solu\u00e7\u00f5es que agradam a todos. Ele \u00e9 essencial em vendas e consultoria.<\/li>\n<li><b>Planejador:<\/b> O planejador \u00e9 met\u00f3dico e organizado, capaz de tra\u00e7ar metas e objetivos claros, beneficiando todas as \u00e1reas da empresa.<\/li>\n<li><b>Competidor:<\/b> O competidor busca sempre superar seus pr\u00f3prios limites e se destaca em ambientes desafiadores.<\/li>\n<li><b>Procrastinador:<\/b> Embora possa parecer negativo, o procrastinador \u00e9 muitas vezes o mais criativo, trazendo ideias inovadoras, mesmo que sob press\u00e3o.<\/li>\n<\/ul>\n<h3>Como identificar seu perfil profissional<\/h3>\n<p>Identificar seu perfil profissional pode ser um desafio, mas existem algumas estrat\u00e9gias que podem ajudar. Uma delas \u00e9 a <b>orienta\u00e7\u00e3o vocacional<\/b>, que pode fornecer insights valiosos sobre suas habilidades e interesses. Voc\u00ea pode acessar um conte\u00fado \u00fatil sobre isso <a href=\"https:\/\/blog.anhanguera.com\/orientacao-vocacional-gratuita\/\" target=\"_blank\" rel=\"noopener\">aqui<\/a>. Al\u00e9m disso, conversar com amigos e familiares sobre suas percep\u00e7\u00f5es pode abrir novos caminhos de autoconhecimento.<\/p>\n<h3>Desenvolvendo habilidades de diferentes perfis<\/h3>\n<p>\u00c9 importante lembrar que ningu\u00e9m \u00e9 apenas um tipo de perfil. Todos n\u00f3s podemos desenvolver habilidades de diferentes perfis profissionais. Por exemplo, um executor pode aprender a se comunicar melhor, enquanto um planejador pode se tornar mais competitivo. Essa versatilidade \u00e9 uma grande vantagem no mercado de trabalho, pois permite que voc\u00ea se adapte a diferentes situa\u00e7\u00f5es e desafios.<\/p>\n<h3>Conclus\u00e3o<\/h3>\n<p><iframe width=\"560\" height=\"315\" src=\"https:\/\/www.youtube.com\/embed\/xKF09mtRVck\" title=\"YouTube video player\" frameborder=\"0\" allow=\"accelerometer; autoplay; clipboard-write; encrypted-media; gyroscope; picture-in-picture; web-share\" referrerpolicy=\"strict-origin-when-cross-origin\" allowfullscreen><\/iframe><\/p>\n<p>Em resumo, entender seu perfil profissional \u00e9 fundamental para construir uma carreira que traga satisfa\u00e7\u00e3o e sucesso. Ao se conhecer melhor, voc\u00ea pode direcionar suas energias para \u00e1reas que realmente importam. N\u00e3o hesite em buscar ajuda, como a orienta\u00e7\u00e3o vocacional, para descobrir mais sobre si mesmo e suas possibilidades. Afinal, a vida profissional \u00e9 uma jornada, e cada passo dado com consci\u00eancia pode levar a um destino mais gratificante.<\/p>\n<p>Ent\u00e3o, que tal come\u00e7ar essa reflex\u00e3o hoje mesmo? Compartilhe suas descobertas com amigos e promova uma discuss\u00e3o saud\u00e1vel sobre perfis profissionais. Juntos, voc\u00eas podem se ajudar a encontrar o caminho certo!<\/p>\n","protected":false},"excerpt":{"rendered":"<p>Descobrir o seu perfil profissional \u00e9 essencial para alinhar suas habilidades e paix\u00f5es com a carreira que voc\u00ea deseja. Neste artigo, vamos explorar os diferentes tipos de perfis profissionais e como cada um pode impactar sua trajet\u00f3ria no mercado de trabalho. O que \u00e9 um perfil profissional? Entendendo o conceito O perfil profissional \u00e9 um [&hellip;]<\/p>\n","protected":false},"author":102,"featured_media":137227,"comment_status":"closed","ping_status":"closed","sticky":false,"template":"","format":"standard","meta":{"footnotes":""},"categories":[6,35497],"tags":[],"class_list":["post-137228","post","type-post","status-publish","format-standard","has-post-thumbnail","category-carreira-de-arquitetura","category-estudante"],"_wp_attached_file":null,"_wp_attachment_metadata":null,"_wp_attachment_context":null,"_wp_attachment_is_custom_header":null,"geo_longitude":null,"geo_public":null,"geo_latitude":null,"_publicize_done_external":null,"_wpas_done_3897181":null,"publicize_twitter_user":null,"_wpas_done_3897175":null,"_wpas_skip_3897181":null,"_wpas_skip_3897175":null,"_wpas_skip_3924723":null,"_wpas_mess":null,"_wpas_done_3924723":null,"wps_subtitle":"","_links":{"self":[{"href":"https:\/\/www.aarquiteta.com.br\/blog\/wp-json\/wp\/v2\/posts\/137228","targetHints":{"allow":["GET"]}}],"collection":[{"href":"https:\/\/www.aarquiteta.com.br\/blog\/wp-json\/wp\/v2\/posts"}],"about":[{"href":"https:\/\/www.aarquiteta.com.br\/blog\/wp-json\/wp\/v2\/types\/post"}],"author":[{"embeddable":true,"href":"https:\/\/www.aarquiteta.com.br\/blog\/wp-json\/wp\/v2\/users\/102"}],"replies":[{"embeddable":true,"href":"https:\/\/www.aarquiteta.com.br\/blog\/wp-json\/wp\/v2\/comments?post=137228"}],"version-history":[{"count":0,"href":"https:\/\/www.aarquiteta.com.br\/blog\/wp-json\/wp\/v2\/posts\/137228\/revisions"}],"wp:featuredmedia":[{"embeddable":true,"href":"https:\/\/www.aarquiteta.com.br\/blog\/wp-json\/wp\/v2\/media\/137227"}],"wp:attachment":[{"href":"https:\/\/www.aarquiteta.com.br\/blog\/wp-json\/wp\/v2\/media?parent=137228"}],"wp:term":[{"taxonomy":"category","embeddable":true,"href":"https:\/\/www.aarquiteta.com.br\/blog\/wp-json\/wp\/v2\/categories?post=137228"},{"taxonomy":"post_tag","embeddable":true,"href":"https:\/\/www.aarquiteta.com.br\/blog\/wp-json\/wp\/v2\/tags?post=137228"}],"curies":[{"name":"wp","href":"https:\/\/api.w.org\/{rel}","templated":true}]}}