{"id":137219,"date":"2024-12-09T19:45:26","date_gmt":"2024-12-09T22:45:26","guid":{"rendered":"https:\/\/www.aarquiteta.com.br\/blog\/4-dicas-para-decorar-varanda\/"},"modified":"2024-12-09T19:45:26","modified_gmt":"2024-12-09T22:45:26","slug":"4-dicas-para-decorar-varanda","status":"publish","type":"post","link":"https:\/\/www.aarquiteta.com.br\/blog\/4-dicas-para-decorar-varanda\/","title":{"rendered":"4 Dicas para Combinar Plantas e M\u00f3veis na Decora\u00e7\u00e3o da Varanda"},"content":{"rendered":"<p><body><\/p>\n<p>Descubra como harmonizar plantas e m\u00f3veis na decora\u00e7\u00e3o da sua varanda, criando um espa\u00e7o aconchegante e estiloso com nossas 4 dicas pr\u00e1ticas.<\/p>\n<h2>Dica 1: Escolha Plantas Adequadas para o Espa\u00e7o<\/h2>\n<h3>Considerando a Luz Natural<\/h3>\n<figure style=\"width: 1024px\" class=\"wp-caption aligncenter\"><img decoding=\"async\" src=\"https:\/\/www.aarquiteta.com.br\/blog\/wp-content\/uploads\/2024\/12\/4-dicas-para-decorar-varanda04.jpg\" alt=\"4 Dicas para Combinar Plantas e M\u00f3veis na Decora\u00e7\u00e3o da Varanda\" width=\"1024\" height=\"1024\" title=\"\"><figcaption class=\"wp-caption-text\">4 Dicas para Combinar Plantas e M\u00f3veis na Decora\u00e7\u00e3o da Varanda<\/figcaption><\/figure>\n<p>Ao escolher as <b>plantas<\/b> para sua varanda, \u00e9 fundamental considerar a <b>luz natural<\/b> dispon\u00edvel. Algumas plantas precisam de luz direta, enquanto outras se adaptam melhor \u00e0 sombra. Avalie a incid\u00eancia de luz ao longo do dia e escolha esp\u00e9cies que prosperem nesse ambiente.<\/p>\n<h3>Espa\u00e7o Dispon\u00edvel<\/h3>\n<figure style=\"width: 1024px\" class=\"wp-caption aligncenter\"><img decoding=\"async\" src=\"https:\/\/www.aarquiteta.com.br\/blog\/wp-content\/uploads\/2024\/12\/4-dicas-para-decorar-varanda03.jpg\" alt=\"4 Dicas para Combinar Plantas e M\u00f3veis na Decora\u00e7\u00e3o da Varanda\" width=\"1024\" height=\"1024\" title=\"\"><figcaption class=\"wp-caption-text\">4 Dicas para Combinar Plantas e M\u00f3veis na Decora\u00e7\u00e3o da Varanda<\/figcaption><\/figure>\n<p>O <b>espa\u00e7o dispon\u00edvel<\/b> tamb\u00e9m \u00e9 um fator crucial. Varandas pequenas podem se beneficiar de plantas verticais ou suspensas, enquanto varandas maiores permitem arranjos mais elaborados. Pense em como as plantas podem complementar a disposi\u00e7\u00e3o dos m\u00f3veis.<\/p>\n<h2>Dica 2: Combine Cores e Texturas<\/h2>\n<h3>Paleta de Cores<\/h3>\n<figure style=\"width: 1024px\" class=\"wp-caption aligncenter\"><img decoding=\"async\" src=\"https:\/\/www.aarquiteta.com.br\/blog\/wp-content\/uploads\/2024\/12\/4-dicas-para-decorar-varanda02.jpg\" alt=\"4 Dicas para Combinar Plantas e M\u00f3veis na Decora\u00e7\u00e3o da Varanda\" width=\"1024\" height=\"1024\" title=\"\"><figcaption class=\"wp-caption-text\">4 Dicas para Combinar Plantas e M\u00f3veis na Decora\u00e7\u00e3o da Varanda<\/figcaption><\/figure>\n<p>Uma <b>paleta de cores<\/b> harmoniosa pode transformar sua varanda. Escolha plantas que combinem com as cores dos m\u00f3veis e acess\u00f3rios. Por exemplo, se seus m\u00f3veis s\u00e3o de madeira clara, plantas com folhas verdes vibrantes podem criar um contraste bonito.<\/p>\n<h3>Texturas dos M\u00f3veis<\/h3>\n<figure style=\"width: 1024px\" class=\"wp-caption aligncenter\"><img decoding=\"async\" src=\"https:\/\/www.aarquiteta.com.br\/blog\/wp-content\/uploads\/2024\/12\/4-dicas-para-decorar-varanda01.jpg\" alt=\"4 Dicas para Combinar Plantas e M\u00f3veis na Decora\u00e7\u00e3o da Varanda\" width=\"1024\" height=\"1024\" title=\"\"><figcaption class=\"wp-caption-text\">4 Dicas para Combinar Plantas e M\u00f3veis na Decora\u00e7\u00e3o da Varanda<\/figcaption><\/figure>\n<p>As <b>texturas dos m\u00f3veis<\/b> tamb\u00e9m devem ser consideradas. M\u00f3veis de metal, madeira ou fibras naturais podem influenciar a escolha das plantas. Um equil\u00edbrio entre texturas pode criar um ambiente mais acolhedor e convidativo.<\/p>\n<h2>Dica 3: Crie Zonas de Conv\u00edvio<\/h2>\n<h3>Definindo Espa\u00e7os com Plantas<\/h3>\n<p style=\"text-align: center;\">[amazon table=&#8221;88350&#8243;]\n<p>Utilize as <b>plantas<\/b> para definir zonas de conv\u00edvio. Por exemplo, um arranjo de plantas pode criar uma separa\u00e7\u00e3o entre a \u00e1rea de estar e a \u00e1rea de refei\u00e7\u00f5es. Isso n\u00e3o s\u00f3 organiza o espa\u00e7o, mas tamb\u00e9m traz um toque de natureza.<\/p>\n<h3>Disposi\u00e7\u00e3o dos M\u00f3veis<\/h3>\n<h3>Assista agora a minha recomenda\u00e7\u00e3o de video abaixo sobre o tema que estamos tratando neste artigo: <\/h3>\n<p><div class=\"youtube-embed\" data-video_id=\"Qg0AmMMAAIA\"><iframe title=\"DECORA\u00c7\u00c3O COM PLANTAS NA VARANDA DO AP\u00ca #apartamento #plantasdentrodecasa #plantas #shorts #decor\" width=\"696\" height=\"392\" src=\"https:\/\/www.youtube.com\/embed\/Qg0AmMMAAIA?feature=oembed&#038;enablejsapi=1\" frameborder=\"0\" allow=\"accelerometer; autoplay; clipboard-write; encrypted-media; gyroscope; picture-in-picture; web-share\" referrerpolicy=\"strict-origin-when-cross-origin\" allowfullscreen><\/iframe><\/div>\n<\/p>\n<p>A <b>disposi\u00e7\u00e3o dos m\u00f3veis<\/b> deve ser pensada para facilitar a circula\u00e7\u00e3o e o conv\u00edvio. M\u00f3veis dispostos em c\u00edrculo ou em L podem incentivar conversas e intera\u00e7\u00f5es, enquanto as plantas ajudam a suavizar o ambiente.<\/p>\n<h2>Dica 4: Mantenha a Manuten\u00e7\u00e3o em Dia<\/h2>\n<h3>Cuidados com as Plantas<\/h3>\n<p>Manter as <b>plantas<\/b> saud\u00e1veis \u00e9 essencial. Regue-as conforme a necessidade e fique atento a pragas. Um espa\u00e7o bem cuidado \u00e9 sempre mais agrad\u00e1vel e acolhedor.<\/p>\n<h3>Limpeza dos M\u00f3veis<\/h3>\n<p>N\u00e3o se esque\u00e7a da <b>limpeza dos m\u00f3veis<\/b>. Poeira e sujeira podem acumular e prejudicar a est\u00e9tica do ambiente. Um espa\u00e7o limpo e organizado \u00e9 fundamental para a harmonia da decora\u00e7\u00e3o.<\/p>\n<h2>Conclus\u00e3o<\/h2>\n<p>Harmonizar plantas e m\u00f3veis na decora\u00e7\u00e3o da varanda \u00e9 uma arte que pode transformar seu espa\u00e7o em um verdadeiro ref\u00fagio. Ao seguir essas dicas, voc\u00ea poder\u00e1 criar um ambiente aconchegante, funcional e cheio de estilo. Lembre-se de que cada detalhe conta e que a sua varanda pode ser um reflexo da sua personalidade e do seu estilo de vida.<\/p>\n<h2>Destaques principais<\/h2>\n<ul>\n<li><b>Escolha de Plantas:<\/b> Considere a luz natural e o espa\u00e7o dispon\u00edvel para selecionar as plantas ideais.<\/li>\n<li><b>Combina\u00e7\u00e3o de Cores e Texturas:<\/b> Harmonize as cores e texturas dos m\u00f3veis com as plantas para um visual coeso.<\/li>\n<li><b>Manuten\u00e7\u00e3o Regular:<\/b> Cuide das plantas e mantenha os m\u00f3veis limpos para garantir um ambiente sempre agrad\u00e1vel.<\/li>\n<\/ul>\n<p><\/body><\/p>\n","protected":false},"excerpt":{"rendered":"<p>Saiba como integrar plantas e m\u00f3veis para criar uma varanda acolhedora e funcional.<\/p>\n","protected":false},"author":102,"featured_media":137216,"comment_status":"closed","ping_status":"closed","sticky":false,"template":"","format":"standard","meta":{"footnotes":""},"categories":[1484,971,18792,18794],"tags":[],"class_list":["post-137219","post","type-post","status-publish","format-standard","has-post-thumbnail","category-decoracao","category-design-de-interiores","category-decoracao-de-apartamento","category-projetos-de-decoracao-de-casas"],"_wp_attached_file":null,"_wp_attachment_metadata":null,"_wp_attachment_context":null,"_wp_attachment_is_custom_header":null,"geo_longitude":null,"geo_public":null,"geo_latitude":null,"_publicize_done_external":null,"_wpas_done_3897181":null,"publicize_twitter_user":null,"_wpas_done_3897175":null,"_wpas_skip_3897181":null,"_wpas_skip_3897175":null,"_wpas_skip_3924723":null,"_wpas_mess":null,"_wpas_done_3924723":null,"wps_subtitle":"","_links":{"self":[{"href":"https:\/\/www.aarquiteta.com.br\/blog\/wp-json\/wp\/v2\/posts\/137219","targetHints":{"allow":["GET"]}}],"collection":[{"href":"https:\/\/www.aarquiteta.com.br\/blog\/wp-json\/wp\/v2\/posts"}],"about":[{"href":"https:\/\/www.aarquiteta.com.br\/blog\/wp-json\/wp\/v2\/types\/post"}],"author":[{"embeddable":true,"href":"https:\/\/www.aarquiteta.com.br\/blog\/wp-json\/wp\/v2\/users\/102"}],"replies":[{"embeddable":true,"href":"https:\/\/www.aarquiteta.com.br\/blog\/wp-json\/wp\/v2\/comments?post=137219"}],"version-history":[{"count":0,"href":"https:\/\/www.aarquiteta.com.br\/blog\/wp-json\/wp\/v2\/posts\/137219\/revisions"}],"wp:featuredmedia":[{"embeddable":true,"href":"https:\/\/www.aarquiteta.com.br\/blog\/wp-json\/wp\/v2\/media\/137216"}],"wp:attachment":[{"href":"https:\/\/www.aarquiteta.com.br\/blog\/wp-json\/wp\/v2\/media?parent=137219"}],"wp:term":[{"taxonomy":"category","embeddable":true,"href":"https:\/\/www.aarquiteta.com.br\/blog\/wp-json\/wp\/v2\/categories?post=137219"},{"taxonomy":"post_tag","embeddable":true,"href":"https:\/\/www.aarquiteta.com.br\/blog\/wp-json\/wp\/v2\/tags?post=137219"}],"curies":[{"name":"wp","href":"https:\/\/api.w.org\/{rel}","templated":true}]}}