{"id":137204,"date":"2024-12-09T17:31:09","date_gmt":"2024-12-09T20:31:09","guid":{"rendered":"https:\/\/www.aarquiteta.com.br\/blog\/arquiteta-dicas-economizar-moveis-planejados\/"},"modified":"2024-12-09T17:31:09","modified_gmt":"2024-12-09T20:31:09","slug":"arquiteta-dicas-economizar-moveis-planejados","status":"publish","type":"post","link":"https:\/\/www.aarquiteta.com.br\/blog\/arquiteta-dicas-economizar-moveis-planejados\/","title":{"rendered":"7 dicas inteligentes para economizar em m\u00f3veis planejados."},"content":{"rendered":"<p>Os m\u00f3veis planejados s\u00e3o uma excelente op\u00e7\u00e3o para quem deseja otimizar espa\u00e7os e dar um toque especial \u00e0 decora\u00e7\u00e3o da casa. No entanto, \u00e9 preciso ter cuidado com os gastos. A arquiteta Mariana Cabral compartilha dicas valiosas para economizar sem abrir m\u00e3o da qualidade e do estilo.<\/p>\n<h2>Economizando com M\u00f3veis Planejados<\/h2>\n<h3>1. Planejamento \u00e9 Fundamental<\/h3>\n<p>Quando se fala em <b>m\u00f3veis planejados<\/b>, o planejamento \u00e9 a chave do sucesso. Mariana enfatiza que \u00e9 essencial focar em ambientes que realmente necessitam de m\u00f3veis sob medida, como a <b>cozinha<\/b> e o <b>banheiro<\/b>. Esses espa\u00e7os exigem funcionalidade e, ao prioriz\u00e1-los, o consumidor evita gastos desnecess\u00e1rios em \u00e1reas que podem ser atendidas com m\u00f3veis prontos.<\/p>\n<h3>2. Escolha Profissionais Qualificados<\/h3>\n<figure style=\"width: 1024px\" class=\"wp-caption aligncenter\"><img decoding=\"async\" src=\"https:\/\/www.aarquiteta.com.br\/blog\/wp-content\/uploads\/2024\/12\/arquiteta-lista-dicas-para-economizar-com-moveis-planejados.png\" alt=\"7 dicas inteligentes para economizar em m\u00f3veis planejados.\" width=\"1024\" height=\"1024\" title=\"\"><figcaption class=\"wp-caption-text\">Source: <a href=\"https:\/\/ndmais.com.br\/arquitetura-e-decoracao\/arquiteta-lista-7-dicas-para-economizar-nos-moveis-planejados\/\" target=\"_blank\" rel=\"noopener\">NDMAIS<\/a><\/figcaption><\/figure>\n<p>Um bom projeto come\u00e7a com um <b>profissional competente<\/b>. A arquiteta recomenda que se escolha um fornecedor e um marceneiro de confian\u00e7a. A experi\u00eancia e a habilidade desses profissionais podem fazer toda a diferen\u00e7a no resultado final, garantindo que o investimento seja bem aplicado e que o projeto atenda \u00e0s expectativas.<\/p>\n<h3>3. Cores e Acabamentos Inteligentes<\/h3>\n<p>Outra dica valiosa \u00e9 usar o <b>colorido<\/b> apenas na parte externa dos m\u00f3veis. Isso permite que a parte interna seja mais econ\u00f4mica, utilizando um acabamento branco, que \u00e9 mais acess\u00edvel. Al\u00e9m disso, Mariana sugere optar por acabamentos que sejam bonitos, mas que n\u00e3o pesem no or\u00e7amento, como portas de vidro, que podem encarecer o projeto.<\/p>\n<h3>4. Menos \u00e9 Mais<\/h3>\n<h3>Assista agora a minha recomenda\u00e7\u00e3o de video abaixo sobre o tema que estamos tratando neste artigo: <\/h3>\n<p><iframe title=\"YouTube video player\" src=\"https:\/\/www.youtube.com\/embed\/IhEltkViSlU?feature=oembed&#038;enablejsapi=1&#038;origin=https:\/\/ndmais.com.br\" width=\"560\" height=\"315\" frameborder=\"0\" allowfullscreen=\"allowfullscreen\"><\/iframe><\/p>\n<p>Na hora de planejar as gavetas, a arquiteta sugere uma abordagem mais pr\u00e1tica. Em vez de ter v\u00e1rias gavetas pequenas, \u00e9 mais vantajoso ter menos gavetas, mas maiores. Isso n\u00e3o s\u00f3 economiza em ferragens, mas tamb\u00e9m proporciona mais espa\u00e7o para armazenamento. A ideia \u00e9 simplificar e otimizar o espa\u00e7o dispon\u00edvel.<\/p>\n<h3>5. Pain\u00e9is e Texturas<\/h3>\n<p>Os acabamentos dos m\u00f3veis tamb\u00e9m s\u00e3o um ponto crucial. Mariana recomenda a escolha de <b>pain\u00e9is lisos<\/b> em vez de ripados, que podem encarecer o or\u00e7amento. A simplicidade muitas vezes traz eleg\u00e2ncia e, ao mesmo tempo, ajuda a manter os custos sob controle. \u00c9 uma quest\u00e3o de saber onde investir e onde economizar.<\/p>\n<h3>6. Materiais Acess\u00edveis<\/h3>\n<p>Por fim, a arquiteta sugere o uso de <b>MDF branco<\/b> em grande parte da marcenaria. Esse material \u00e9 n\u00e3o s\u00f3 acess\u00edvel, mas tamb\u00e9m vers\u00e1til e dur\u00e1vel. No entanto, \u00e9 importante evitar o MDF branco TX, que \u00e9 considerado muito b\u00e1sico. A ideia \u00e9 encontrar um equil\u00edbrio entre custo e est\u00e9tica, garantindo que o resultado final seja satisfat\u00f3rio.<\/p>\n<h2>Conclus\u00e3o<\/h2>\n<p>Economizar nos m\u00f3veis planejados n\u00e3o significa abrir m\u00e3o da qualidade ou do estilo. Com as dicas da arquiteta Mariana Cabral, \u00e9 poss\u00edvel criar um ambiente moderno e funcional sem estourar o or\u00e7amento. O segredo est\u00e1 no planejamento, na escolha de profissionais competentes e na utiliza\u00e7\u00e3o de materiais e acabamentos que ofere\u00e7am o melhor custo-benef\u00edcio. Assim, cada centavo investido se transforma em um lar mais bonito e acolhedor.<\/p>\n<p><b>Pontos principais do artigo:<\/b><\/p>\n<ul>\n<li>Planejamento \u00e9 essencial para evitar gastos desnecess\u00e1rios.<\/li>\n<li>Escolher profissionais qualificados garante um bom resultado.<\/li>\n<li>Usar cores e acabamentos inteligentes ajuda a economizar.<\/li>\n<li>Menos gavetas, mas maiores, otimizam o espa\u00e7o.<\/li>\n<li>Pain\u00e9is lisos s\u00e3o mais econ\u00f4micos que os ripados.<\/li>\n<li>MDF branco \u00e9 uma boa op\u00e7\u00e3o para marcenaria acess\u00edvel.<\/li>\n<\/ul>\n","protected":false},"excerpt":{"rendered":"<p>Os m\u00f3veis planejados s\u00e3o uma excelente op\u00e7\u00e3o para quem deseja otimizar espa\u00e7os e dar um toque especial \u00e0 decora\u00e7\u00e3o da casa. No entanto, \u00e9 preciso ter cuidado com os gastos. A arquiteta Mariana Cabral compartilha dicas valiosas para economizar sem abrir m\u00e3o da qualidade e do estilo. Economizando com M\u00f3veis Planejados 1. Planejamento \u00e9 Fundamental [&hellip;]<\/p>\n","protected":false},"author":102,"featured_media":137203,"comment_status":"closed","ping_status":"closed","sticky":false,"template":"","format":"standard","meta":{"footnotes":""},"categories":[249,19127],"tags":[],"class_list":["post-137204","post","type-post","status-publish","format-standard","has-post-thumbnail","category-engenharia-e-construcao-civil","category-reforma-e-manutencao"],"_wp_attached_file":null,"_wp_attachment_metadata":null,"_wp_attachment_context":null,"_wp_attachment_is_custom_header":null,"geo_longitude":null,"geo_public":null,"geo_latitude":null,"_publicize_done_external":null,"_wpas_done_3897181":null,"publicize_twitter_user":null,"_wpas_done_3897175":null,"_wpas_skip_3897181":null,"_wpas_skip_3897175":null,"_wpas_skip_3924723":null,"_wpas_mess":null,"_wpas_done_3924723":null,"wps_subtitle":"","_links":{"self":[{"href":"https:\/\/www.aarquiteta.com.br\/blog\/wp-json\/wp\/v2\/posts\/137204","targetHints":{"allow":["GET"]}}],"collection":[{"href":"https:\/\/www.aarquiteta.com.br\/blog\/wp-json\/wp\/v2\/posts"}],"about":[{"href":"https:\/\/www.aarquiteta.com.br\/blog\/wp-json\/wp\/v2\/types\/post"}],"author":[{"embeddable":true,"href":"https:\/\/www.aarquiteta.com.br\/blog\/wp-json\/wp\/v2\/users\/102"}],"replies":[{"embeddable":true,"href":"https:\/\/www.aarquiteta.com.br\/blog\/wp-json\/wp\/v2\/comments?post=137204"}],"version-history":[{"count":0,"href":"https:\/\/www.aarquiteta.com.br\/blog\/wp-json\/wp\/v2\/posts\/137204\/revisions"}],"wp:featuredmedia":[{"embeddable":true,"href":"https:\/\/www.aarquiteta.com.br\/blog\/wp-json\/wp\/v2\/media\/137203"}],"wp:attachment":[{"href":"https:\/\/www.aarquiteta.com.br\/blog\/wp-json\/wp\/v2\/media?parent=137204"}],"wp:term":[{"taxonomy":"category","embeddable":true,"href":"https:\/\/www.aarquiteta.com.br\/blog\/wp-json\/wp\/v2\/categories?post=137204"},{"taxonomy":"post_tag","embeddable":true,"href":"https:\/\/www.aarquiteta.com.br\/blog\/wp-json\/wp\/v2\/tags?post=137204"}],"curies":[{"name":"wp","href":"https:\/\/api.w.org\/{rel}","templated":true}]}}