{"id":136923,"date":"2024-12-06T12:59:22","date_gmt":"2024-12-06T15:59:22","guid":{"rendered":"https:\/\/www.aarquiteta.com.br\/blog\/transformar-varanda-espaco-incrivel\/"},"modified":"2024-12-06T12:59:22","modified_gmt":"2024-12-06T15:59:22","slug":"transformar-varanda-espaco-incrivel","status":"publish","type":"post","link":"https:\/\/www.aarquiteta.com.br\/blog\/transformar-varanda-espaco-incrivel\/","title":{"rendered":"9 Ideias para Transformar sua Varanda em um Espa\u00e7o Incr\u00edvel"},"content":{"rendered":"<p>Transformar sua varanda em um espa\u00e7o incr\u00edvel pode ser mais f\u00e1cil do que voc\u00ea imagina! Com algumas ideias criativas e pr\u00e1ticas, voc\u00ea pode criar um ambiente acolhedor e funcional para relaxar e receber amigos.<\/p>\n<h2>Destaques principais<\/h2>\n<ul>\n<li><b>M\u00f3veis Confort\u00e1veis:<\/b> Escolher sof\u00e1s e poltronas adequados \u00e9 essencial para garantir conforto e estilo.<\/li>\n<li><b>Ilumina\u00e7\u00e3o Adequada:<\/b> A ilumina\u00e7\u00e3o transforma o ambiente, criando uma atmosfera aconchegante e convidativa.<\/li>\n<li><b>Decora\u00e7\u00e3o Personalizada:<\/b> Adicionar toques pessoais com almofadas, quadros e plantas faz toda a diferen\u00e7a na sua varanda.<\/li>\n<\/ul>\n<h2>1. Escolha M\u00f3veis Confort\u00e1veis<\/h2>\n<p>Quando se trata de <b>m\u00f3veis<\/b>, o conforto deve ser a prioridade. Um sof\u00e1 ou poltrona confort\u00e1vel pode ser o cora\u00e7\u00e3o da sua varanda, onde voc\u00ea e seus amigos podem relaxar e aproveitar o tempo juntos.<\/p>\n<h3>1.1 Sof\u00e1s e Poltronas<\/h3>\n<figure style=\"width: 1024px\" class=\"wp-caption aligncenter\"><img decoding=\"async\" src=\"https:\/\/www.aarquiteta.com.br\/blog\/wp-content\/uploads\/2024\/12\/transformar-varanda-espaco-incrivel04.jpg\" alt=\"9 Ideias para Transformar sua Varanda em um Espa\u00e7o Incr\u00edvel\" width=\"1024\" height=\"1024\" title=\"\"><figcaption class=\"wp-caption-text\">9 Ideias para Transformar sua Varanda em um Espa\u00e7o Incr\u00edvel<\/figcaption><\/figure>\n<p>Optar por <b>sof\u00e1s e poltronas<\/b> com tecidos resistentes e f\u00e1ceis de limpar \u00e9 uma \u00f3tima ideia. Al\u00e9m disso, considere a ergonomia para garantir que todos se sintam \u00e0 vontade.<\/p>\n<h3>1.2 Mesas e Cadeiras<\/h3>\n<figure style=\"width: 1024px\" class=\"wp-caption aligncenter\"><img decoding=\"async\" src=\"https:\/\/www.aarquiteta.com.br\/blog\/wp-content\/uploads\/2024\/12\/transformar-varanda-espaco-incrivel03.jpg\" alt=\"9 Ideias para Transformar sua Varanda em um Espa\u00e7o Incr\u00edvel\" width=\"1024\" height=\"1024\" title=\"\"><figcaption class=\"wp-caption-text\">9 Ideias para Transformar sua Varanda em um Espa\u00e7o Incr\u00edvel<\/figcaption><\/figure>\n<p>Uma mesa de centro e cadeiras confort\u00e1veis s\u00e3o essenciais. Escolha um conjunto que combine com o estilo da sua varanda e que seja funcional para refei\u00e7\u00f5es ou jogos.<\/p>\n<h2>2. Ilumina\u00e7\u00e3o Adequada<\/h2>\n<p>A <b>ilumina\u00e7\u00e3o<\/b> \u00e9 um dos elementos mais importantes na cria\u00e7\u00e3o de um ambiente acolhedor. A forma como voc\u00ea ilumina sua varanda pode mudar completamente a atmosfera.<\/p>\n<h3>2.1 Luzes de Fada<\/h3>\n<figure style=\"width: 1024px\" class=\"wp-caption aligncenter\"><img decoding=\"async\" src=\"https:\/\/www.aarquiteta.com.br\/blog\/wp-content\/uploads\/2024\/12\/transformar-varanda-espaco-incrivel02.jpg\" alt=\"9 Ideias para Transformar sua Varanda em um Espa\u00e7o Incr\u00edvel\" width=\"1024\" height=\"1024\" title=\"\"><figcaption class=\"wp-caption-text\">9 Ideias para Transformar sua Varanda em um Espa\u00e7o Incr\u00edvel<\/figcaption><\/figure>\n<p>As <b>luzes de fada<\/b> s\u00e3o uma op\u00e7\u00e3o charmosa e rom\u00e2ntica. Elas podem ser penduradas em cima da varanda ou em \u00e1rvores pr\u00f3ximas, criando um efeito m\u00e1gico.<\/p>\n<h3>2.2 Lanternas e Velas<\/h3>\n<figure style=\"width: 1024px\" class=\"wp-caption aligncenter\"><img decoding=\"async\" src=\"https:\/\/www.aarquiteta.com.br\/blog\/wp-content\/uploads\/2024\/12\/transformar-varanda-espaco-incrivel01.jpg\" alt=\"9 Ideias para Transformar sua Varanda em um Espa\u00e7o Incr\u00edvel\" width=\"1024\" height=\"1024\" title=\"\"><figcaption class=\"wp-caption-text\">9 Ideias para Transformar sua Varanda em um Espa\u00e7o Incr\u00edvel<\/figcaption><\/figure>\n<p>Lanternas e velas n\u00e3o s\u00f3 iluminam, mas tamb\u00e9m adicionam um toque de <b>eleg\u00e2ncia<\/b>. Experimente diferentes tamanhos e estilos para um visual mais din\u00e2mico.<\/p>\n<h2>3. Adicione Plantas<\/h2>\n<p>As <b>plantas<\/b> trazem vida e frescor ao ambiente. Elas n\u00e3o apenas embelezam, mas tamb\u00e9m purificam o ar, tornando sua varanda um lugar mais saud\u00e1vel.<\/p>\n<h3>3.1 Jardins Verticais<\/h3>\n<p style=\"text-align: center;\">[amazon table=&#8221;88119&#8243;]\n<p>Se o espa\u00e7o for limitado, um <b>jardim vertical<\/b> \u00e9 uma solu\u00e7\u00e3o criativa. Voc\u00ea pode usar prateleiras ou suportes para exibir suas plantas favoritas.<\/p>\n<h3>3.2 Vasos Decorativos<\/h3>\n<h3>Assista agora a minha recomenda\u00e7\u00e3o de video abaixo sobre o tema que estamos tratando neste artigo: <\/h3>\n<p><div class=\"youtube-embed\" data-video_id=\"4u71qvwYWC4\"><iframe title=\"Quer transformar sua varanda pequena em um espa\u00e7o incr\u00edvel? #varanda\" width=\"696\" height=\"392\" src=\"https:\/\/www.youtube.com\/embed\/4u71qvwYWC4?feature=oembed&#038;enablejsapi=1\" frameborder=\"0\" allow=\"accelerometer; autoplay; clipboard-write; encrypted-media; gyroscope; picture-in-picture; web-share\" referrerpolicy=\"strict-origin-when-cross-origin\" allowfullscreen><\/iframe><\/div>\n<\/p>\n<p>Vasos de diferentes tamanhos e estilos podem ser usados para criar um <b>ponto focal<\/b> na varanda. Escolha cores que complementem a decora\u00e7\u00e3o existente.<\/p>\n<h2>4. Crie um Espa\u00e7o Gourmet<\/h2>\n<p>Um espa\u00e7o gourmet na varanda \u00e9 perfeito para quem ama cozinhar e receber amigos. Com algumas adi\u00e7\u00f5es, voc\u00ea pode transformar sua varanda em um verdadeiro <b>para\u00edso gastron\u00f4mico<\/b>.<\/p>\n<h3>4.1 Churrasqueira Compacta<\/h3>\n<p>Uma <b>churrasqueira compacta<\/b> \u00e9 ideal para quem tem pouco espa\u00e7o, mas n\u00e3o quer abrir m\u00e3o de um bom churrasco. Existem modelos que se adaptam perfeitamente a varandas menores.<\/p>\n<h3>4.2 Mini Bar<\/h3>\n<p>Um <b>mini bar<\/b> pode ser uma adi\u00e7\u00e3o divertida e pr\u00e1tica. Com algumas prateleiras e um cooler, voc\u00ea ter\u00e1 tudo que precisa para servir bebidas refrescantes.<\/p>\n<h2>5. Use Cortinas ou Persianas<\/h2>\n<p>Cortinas ou persianas s\u00e3o essenciais para garantir <b>privacidade<\/b> e controle de luz. Elas ajudam a criar um ambiente mais \u00edntimo e confort\u00e1vel.<\/p>\n<h3>5.1 Prote\u00e7\u00e3o Solar<\/h3>\n<p>Al\u00e9m de privacidade, as cortinas oferecem <b>prote\u00e7\u00e3o solar<\/b>, evitando que o sol forte atrapalhe o seu descanso. Escolha tecidos leves que permitam a passagem de luz.<\/p>\n<h3>5.2 Privacidade<\/h3>\n<p>Persianas podem ser ajustadas para garantir a <b>privacidade<\/b> desejada, permitindo que voc\u00ea desfrute de sua varanda sem se preocupar com olhares curiosos.<\/p>\n<h2>6. Personalize com Decora\u00e7\u00e3o<\/h2>\n<p>A <b>decora\u00e7\u00e3o<\/b> \u00e9 o toque final que transforma sua varanda em um espa\u00e7o \u00fanico. Personalize com itens que reflitam sua personalidade e estilo.<\/p>\n<h3>6.1 Almofadas e Tapetes<\/h3>\n<p>Almofadas coloridas e um tapete aconchegante podem fazer toda a diferen\u00e7a. Eles adicionam conforto e estilo, tornando o espa\u00e7o mais convidativo.<\/p>\n<h3>6.2 Quadros e Arte de Parede<\/h3>\n","protected":false},"excerpt":{"rendered":"<p>Crie uma varanda incr\u00edvel com essas ideias de decora\u00e7\u00e3o e organiza\u00e7\u00e3o.<\/p>\n","protected":false},"author":102,"featured_media":136920,"comment_status":"closed","ping_status":"closed","sticky":false,"template":"","format":"standard","meta":{"footnotes":""},"categories":[1484,971,18792,18794],"tags":[],"class_list":["post-136923","post","type-post","status-publish","format-standard","has-post-thumbnail","category-decoracao","category-design-de-interiores","category-decoracao-de-apartamento","category-projetos-de-decoracao-de-casas"],"_wp_attached_file":null,"_wp_attachment_metadata":null,"_wp_attachment_context":null,"_wp_attachment_is_custom_header":null,"geo_longitude":null,"geo_public":null,"geo_latitude":null,"_publicize_done_external":null,"_wpas_done_3897181":null,"publicize_twitter_user":null,"_wpas_done_3897175":null,"_wpas_skip_3897181":null,"_wpas_skip_3897175":null,"_wpas_skip_3924723":null,"_wpas_mess":null,"_wpas_done_3924723":null,"wps_subtitle":"","_links":{"self":[{"href":"https:\/\/www.aarquiteta.com.br\/blog\/wp-json\/wp\/v2\/posts\/136923","targetHints":{"allow":["GET"]}}],"collection":[{"href":"https:\/\/www.aarquiteta.com.br\/blog\/wp-json\/wp\/v2\/posts"}],"about":[{"href":"https:\/\/www.aarquiteta.com.br\/blog\/wp-json\/wp\/v2\/types\/post"}],"author":[{"embeddable":true,"href":"https:\/\/www.aarquiteta.com.br\/blog\/wp-json\/wp\/v2\/users\/102"}],"replies":[{"embeddable":true,"href":"https:\/\/www.aarquiteta.com.br\/blog\/wp-json\/wp\/v2\/comments?post=136923"}],"version-history":[{"count":0,"href":"https:\/\/www.aarquiteta.com.br\/blog\/wp-json\/wp\/v2\/posts\/136923\/revisions"}],"wp:featuredmedia":[{"embeddable":true,"href":"https:\/\/www.aarquiteta.com.br\/blog\/wp-json\/wp\/v2\/media\/136920"}],"wp:attachment":[{"href":"https:\/\/www.aarquiteta.com.br\/blog\/wp-json\/wp\/v2\/media?parent=136923"}],"wp:term":[{"taxonomy":"category","embeddable":true,"href":"https:\/\/www.aarquiteta.com.br\/blog\/wp-json\/wp\/v2\/categories?post=136923"},{"taxonomy":"post_tag","embeddable":true,"href":"https:\/\/www.aarquiteta.com.br\/blog\/wp-json\/wp\/v2\/tags?post=136923"}],"curies":[{"name":"wp","href":"https:\/\/api.w.org\/{rel}","templated":true}]}}