{"id":136859,"date":"2024-12-05T18:44:41","date_gmt":"2024-12-05T21:44:41","guid":{"rendered":"https:\/\/www.aarquiteta.com.br\/blog\/moveis-para-jardim-3\/"},"modified":"2024-12-05T18:44:41","modified_gmt":"2024-12-05T21:44:41","slug":"moveis-para-jardim-3","status":"publish","type":"post","link":"https:\/\/www.aarquiteta.com.br\/blog\/moveis-para-jardim-3\/","title":{"rendered":"M\u00f3veis para Jardim: 10 Ideias para Inspirar sua Decora\u00e7\u00e3o"},"content":{"rendered":"<p><body><\/p>\n<p>Descubra dicas incr\u00edveis e 50 inspira\u00e7\u00f5es para escolher os m\u00f3veis ideais para o seu jardim, que aliam beleza e resist\u00eancia, transformando seu espa\u00e7o externo em um lugar de conforto e estilo.<\/p>\n<h2>Introdu\u00e7\u00e3o<\/h2>\n<p>Selecionar m\u00f3veis para o jardim \u00e9 uma tarefa que combina criatividade e praticidade. Neste artigo, vamos explorar estilos, materiais e dicas que v\u00e3o te ajudar a criar um ambiente harmonioso e aconchegante ao ar livre.<\/p>\n<h2>Tipos de M\u00f3veis para Jardim<\/h2>\n<h3>1. M\u00f3veis de Ferro: Eleg\u00e2ncia e Durabilidade<\/h3>\n<figure style=\"width: 1024px\" class=\"wp-caption aligncenter\"><img decoding=\"async\" src=\"https:\/\/www.aarquiteta.com.br\/blog\/wp-content\/uploads\/2024\/12\/moveis-para-jardim-10.jpg\" alt=\"Vime \u00e9 uma boa escolha para a \u00e1rea coberta.\" title=\"\"><figcaption class=\"wp-caption-text\">Vime \u00e9 uma boa escolha para a \u00e1rea coberta.<\/figcaption><\/figure>\n<p>Os m\u00f3veis de ferro s\u00e3o verdadeiros s\u00edmbolos de <b>eleg\u00e2ncia<\/b> e robustez. Al\u00e9m de serem resistentes, trazem um <b>charme cl\u00e1ssico<\/b> ao jardim, com diversas op\u00e7\u00f5es de acabamentos que tornam cada pe\u00e7a \u00fanica. Um bom mobili\u00e1rio de ferro pode durar d\u00e9cadas se bem cuidado. E quem n\u00e3o adora um toque vintage, n\u00e3o \u00e9 mesmo?<\/p>\n<h3>2. M\u00f3veis de Fibra Sint\u00e9tica: Resist\u00eancia \u00e0 \u00c1gua<\/h3>\n<figure style=\"width: 1024px\" class=\"wp-caption aligncenter\"><img decoding=\"async\" src=\"https:\/\/www.aarquiteta.com.br\/blog\/wp-content\/uploads\/2024\/12\/moveis-para-jardim01.jpg\" alt=\"M\u00f3veis para Jardim: 50 Ideias para Inspirar sua Decora\u00e7\u00e3o\" width=\"1024\" height=\"1024\" title=\"\"><figcaption class=\"wp-caption-text\">M\u00f3veis para Jardim: 50 Ideias para Inspirar sua Decora\u00e7\u00e3o<\/figcaption><\/figure>\n<p>Se voc\u00ea busca <b>durabilidade<\/b> e resist\u00eancia \u00e0s intemp\u00e9ries, os m\u00f3veis de fibra sint\u00e9tica s\u00e3o a escolha perfeita. Eles n\u00e3o s\u00f3 suportam chuvas e outras adversidades clim\u00e1ticas, como tamb\u00e9m s\u00e3o leves e f\u00e1ceis de manusear. Com uma est\u00e9tica moderna, esses m\u00f3veis conseguem combinar bem com qualquer estilo de decora\u00e7\u00e3o.<\/p>\n<h3>3. M\u00f3veis de Madeira: Cl\u00e1ssicos que Nunca Saem de Moda<\/h3>\n<figure style=\"width: 1024px\" class=\"wp-caption aligncenter\"><img decoding=\"async\" src=\"https:\/\/www.aarquiteta.com.br\/blog\/wp-content\/uploads\/2024\/12\/moveis-para-jardim.jpg\" alt=\"Mesa de ferro que d\u00e1 um ar vintage ao jardim.\" title=\"\"><figcaption class=\"wp-caption-text\">Mesa de ferro que d\u00e1 um ar vintage ao jardim.<\/figcaption><\/figure>\n<p>A madeira sempre remete \u00e0 <b>naturalidade<\/b> e aconchego. Os m\u00f3veis de madeira, al\u00e9m de serem dur\u00e1veis, promovem um contato direto com a natureza. Se voc\u00ea optar por tratar bem essas pe\u00e7as, elas podem se tornar heran\u00e7as familiares, passando de gera\u00e7\u00e3o para gera\u00e7\u00e3o. N\u00e3o h\u00e1 nada como o calor da madeira em um dia ensolarado!<\/p>\n<h3>4. M\u00f3veis com Estofado Imperme\u00e1vel: Conforto e Praticidade<\/h3>\n<figure style=\"width: 1024px\" class=\"wp-caption aligncenter\"><img decoding=\"async\" src=\"https:\/\/www.aarquiteta.com.br\/blog\/wp-content\/uploads\/2024\/12\/moveis-para-jardim02.jpg\" alt=\"M\u00f3veis para Jardim: 50 Ideias para Inspirar sua Decora\u00e7\u00e3o\" width=\"1024\" height=\"1024\" title=\"\"><figcaption class=\"wp-caption-text\">M\u00f3veis para Jardim: 50 Ideias para Inspirar sua Decora\u00e7\u00e3o<\/figcaption><\/figure>\n<p>M\u00f3veis estofados com revestimento imperme\u00e1vel s\u00e3o um verdadeiro achado. Eles oferecem <b>conforto<\/b> sem abrir m\u00e3o da praticidade. Voc\u00ea pode convidar os amigos para um churrasco sem medo de que um pouco de chuva estrague a festa. Escolher almofadas com cores vibrantes tamb\u00e9m d\u00e1 um toque alegre ao espa\u00e7o.<\/p>\n<h3>5. M\u00f3veis de Vime: Charmosos para \u00c1reas Cobertas<\/h3>\n<figure style=\"width: 1024px\" class=\"wp-caption aligncenter\"><img decoding=\"async\" src=\"https:\/\/www.aarquiteta.com.br\/blog\/wp-content\/uploads\/2024\/12\/moveis-para-jardim-6.jpg\" alt=\"M\u00f3veis de fibra sint\u00e9tica que s\u00e3o resistentes \u00e0 \u00e1gua.\" title=\"\"><figcaption class=\"wp-caption-text\">M\u00f3veis de fibra sint\u00e9tica que s\u00e3o resistentes \u00e0 \u00e1gua.<\/figcaption><\/figure>\n<p>Os m\u00f3veis de vime trazem um ar <b>charmoso e acolhedor<\/b> ao ambiente, especialmente em \u00e1reas cobertas e fechadas. Eles s\u00e3o leves e podem ser facilmente movidos para reformular o espa\u00e7o como voc\u00ea quiser. Al\u00e9m disso, a textura do vime d\u00e1 um toque especial quando combinado com plantas e outros elementos naturais.<\/p>\n<h2>Dicas para Decorar Seu Jardim<\/h2>\n<h3>1. Escolhendo as Cores e Estilos Certos<\/h3>\n<figure style=\"width: 1024px\" class=\"wp-caption aligncenter\"><img decoding=\"async\" src=\"https:\/\/www.aarquiteta.com.br\/blog\/wp-content\/uploads\/2024\/12\/moveis-para-jardim03.jpg\" alt=\"M\u00f3veis para Jardim: 50 Ideias para Inspirar sua Decora\u00e7\u00e3o\" width=\"1024\" height=\"1024\" title=\"\"><figcaption class=\"wp-caption-text\">M\u00f3veis para Jardim: 50 Ideias para Inspirar sua Decora\u00e7\u00e3o<\/figcaption><\/figure>\n<p>A escolha certeira das <b>cores<\/b> pode transformar completamente o clima do seu jardim. Opte por paletas que harmonizem com a vegeta\u00e7\u00e3o ao redor e que refletem seu estilo pessoal. Um toque de cor vibrante pode fazer maravilhas!<\/p>\n<h3>2. Maximizando o Espa\u00e7o com M\u00f3veis Compactos<\/h3>\n<figure style=\"width: 1024px\" class=\"wp-caption aligncenter\"><img decoding=\"async\" src=\"https:\/\/www.aarquiteta.com.br\/blog\/wp-content\/uploads\/2024\/12\/moveis-para-jardim-7.jpg\" alt=\"Poltroninha com estofado imperme\u00e1vel.\" title=\"\"><figcaption class=\"wp-caption-text\">Poltroninha com estofado imperme\u00e1vel.<\/figcaption><\/figure>\n<p>Se o seu jardim \u00e9 pequeno, <b>m\u00f3veis compactos<\/b> s\u00e3o a solu\u00e7\u00e3o ideal. Eles ajudam a otimizar o espa\u00e7o, permitindo que voc\u00ea aproveite cada canto do seu ambiente. Mesas dobr\u00e1veis e cadeiras empilh\u00e1veis s\u00e3o sempre boas op\u00e7\u00f5es.<\/p>\n<h3>3. Criando Ambientes Convidativos<\/h3>\n<figure style=\"width: 1024px\" class=\"wp-caption aligncenter\"><img decoding=\"async\" src=\"https:\/\/www.aarquiteta.com.br\/blog\/wp-content\/uploads\/2024\/12\/moveis-para-jardim4.jpg\" alt=\"M\u00f3veis para Jardim: 50 Ideias para Inspirar sua Decora\u00e7\u00e3o\" width=\"1024\" height=\"1024\" title=\"\"><figcaption class=\"wp-caption-text\">M\u00f3veis para Jardim: 50 Ideias para Inspirar sua Decora\u00e7\u00e3o<\/figcaption><\/figure>\n<p>Um jardim convidativo deve ser um espa\u00e7o que estimule <b>conversa e intera\u00e7\u00e3o<\/b>. Crie diferentes zonas: uma para refei\u00e7\u00f5es, outra para relaxar com um bom livro e quem sabe, uma \u00e1rea de jogos. Pense na disposi\u00e7\u00e3o e no conforto de quem vai estar nele.<\/p>\n<h3>4. Integrando Elementos Naturais na Decora\u00e7\u00e3o<\/h3>\n<figure style=\"width: 1024px\" class=\"wp-caption aligncenter\"><img decoding=\"async\" src=\"https:\/\/www.aarquiteta.com.br\/blog\/wp-content\/uploads\/2024\/12\/moveis-para-jardim-8.jpg\" alt=\"Puffs redondos que s\u00e3o muito charmosos.\" title=\"\"><figcaption class=\"wp-caption-text\">Puffs redondos que s\u00e3o muito charmosos.<\/figcaption><\/figure>\n<p>Nada como adicionar <b>elementos naturais<\/b> \u00e0 decora\u00e7\u00e3o para dar vida ao seu espa\u00e7o. Seja por meio de esculturas, pedras decorativas ou at\u00e9 mesmo vasos com flores, toda a natureza ao redor se transforma em um elemento de destaque.<\/p>\n<h2>Elementos Decorativos que Complementam o Espa\u00e7o<\/h2>\n<h3>1. Almofadas e Puffs Estilosos<\/h3>\n<h3>Para se aprofundar mais sobre o tema, veja a minha recomenda\u00e7\u00e3o sobre o tema deste artigo no v\u00eddeo a seguir abaixo:<\/h3>\n<p><iframe title=\"YouTube video player\" src=\"https:\/\/www.youtube.com\/embed\/ql90YuY0eAE\" width=\"560\" height=\"315\" frameborder=\"0\" allowfullscreen=\"allowfullscreen\"><\/iframe><\/p>\n<p>Um jardim sem almofadas \u00e9 como um sol sem brilho! Almofadas e puffs s\u00e3o <b>acess\u00f3rios vers\u00e1teis<\/b> que n\u00e3o s\u00f3 trazem conforto, mas tamb\u00e9m permitem brincar com texturas e cores, transformando seu espa\u00e7o em um verdadeiro ref\u00fagio.<\/p>\n<h3>2. Mesas de Centro para Convidar \u00e0 Conviv\u00eancia<\/h3>\n<figure style=\"width: 1024px\" class=\"wp-caption aligncenter\"><img decoding=\"async\" src=\"https:\/\/www.aarquiteta.com.br\/blog\/wp-content\/uploads\/2024\/12\/moveis-para-jardim-9.jpg\" alt=\"Cadeira elegante que pode ser suficiente sozinha.\" title=\"\"><figcaption class=\"wp-caption-text\">Cadeira elegante que pode ser suficiente sozinha.<\/figcaption><\/figure>\n<p>Uma boa mesa de centro \u00e9 a pe\u00e7a-chave para qualquer \u00e1rea externa. Al\u00e9m de proporcionar um espa\u00e7o \u00fatil, \u00e9 o local ideal para servir bebidas e petiscos durante os encontros. Escolha um design que complemente os seus m\u00f3veis e d\u00ea um toque especial ao espa\u00e7o.<\/p>\n<h3>3. Ilumina\u00e7\u00e3o e Acess\u00f3rios que Criam Atmosfera<\/h3>\n<p>A <b>ilumina\u00e7\u00e3o<\/b> adequada pode transformar instantaneamente o ambiente. Lanternas, luzes de fadas ou at\u00e9 mesmo tochas ajudam a criar uma atmosfera m\u00e1gica para suas noites ao ar livre. N\u00e3o tenha medo de soltar a criatividade na hora de iluminar!<\/p>\n<h2>Manuten\u00e7\u00e3o dos M\u00f3veis de Jardim<\/h2>\n<h3>1. Cuidados com M\u00f3veis de Madeira<\/h3>\n<p><b>Manter os m\u00f3veis de madeira<\/b> requer um pouco de aten\u00e7\u00e3o. Fa\u00e7a a limpeza regular e aplique produtos espec\u00edficos para preservar a umidade e evitar rachaduras. Um tratamento anual pode prolongar a vida \u00fatil e a beleza das pe\u00e7as.<\/p>\n<h3>2. Limpeza e Conserva\u00e7\u00e3o de M\u00f3veis de Metal<\/h3>\n<p>Os m\u00f3veis de metal precisam de cuidados simples, mas essenciais. Uma limpeza com sab\u00e3o neutro e \u00e1gua morna, seguida de secagem completa, previne a <b>ferrugem<\/b>. Sempre que poss\u00edvel, mantenha os m\u00f3veis cobertos quando n\u00e3o estiverem em uso.<\/p>\n<h3>3. Protegendo M\u00f3veis de Fibra Sint\u00e9tica da Umidade<\/h3>\n<p><\/body><\/p>\n","protected":false},"excerpt":{"rendered":"<p>Explore 50 ideias criativas de m\u00f3veis para jardim que combinam beleza e funcionalidade para o seu espa\u00e7o externo.<\/p>\n","protected":false},"author":102,"featured_media":136852,"comment_status":"closed","ping_status":"closed","sticky":false,"template":"","format":"standard","meta":{"footnotes":""},"categories":[1484],"tags":[],"class_list":["post-136859","post","type-post","status-publish","format-standard","has-post-thumbnail","category-decoracao"],"_wp_attached_file":null,"_wp_attachment_metadata":null,"_wp_attachment_context":null,"_wp_attachment_is_custom_header":null,"geo_longitude":null,"geo_public":null,"geo_latitude":null,"_publicize_done_external":null,"_wpas_done_3897181":null,"publicize_twitter_user":null,"_wpas_done_3897175":null,"_wpas_skip_3897181":null,"_wpas_skip_3897175":null,"_wpas_skip_3924723":null,"_wpas_mess":null,"_wpas_done_3924723":null,"wps_subtitle":"","_links":{"self":[{"href":"https:\/\/www.aarquiteta.com.br\/blog\/wp-json\/wp\/v2\/posts\/136859","targetHints":{"allow":["GET"]}}],"collection":[{"href":"https:\/\/www.aarquiteta.com.br\/blog\/wp-json\/wp\/v2\/posts"}],"about":[{"href":"https:\/\/www.aarquiteta.com.br\/blog\/wp-json\/wp\/v2\/types\/post"}],"author":[{"embeddable":true,"href":"https:\/\/www.aarquiteta.com.br\/blog\/wp-json\/wp\/v2\/users\/102"}],"replies":[{"embeddable":true,"href":"https:\/\/www.aarquiteta.com.br\/blog\/wp-json\/wp\/v2\/comments?post=136859"}],"version-history":[{"count":0,"href":"https:\/\/www.aarquiteta.com.br\/blog\/wp-json\/wp\/v2\/posts\/136859\/revisions"}],"wp:featuredmedia":[{"embeddable":true,"href":"https:\/\/www.aarquiteta.com.br\/blog\/wp-json\/wp\/v2\/media\/136852"}],"wp:attachment":[{"href":"https:\/\/www.aarquiteta.com.br\/blog\/wp-json\/wp\/v2\/media?parent=136859"}],"wp:term":[{"taxonomy":"category","embeddable":true,"href":"https:\/\/www.aarquiteta.com.br\/blog\/wp-json\/wp\/v2\/categories?post=136859"},{"taxonomy":"post_tag","embeddable":true,"href":"https:\/\/www.aarquiteta.com.br\/blog\/wp-json\/wp\/v2\/tags?post=136859"}],"curies":[{"name":"wp","href":"https:\/\/api.w.org\/{rel}","templated":true}]}}