{"id":136779,"date":"2024-12-04T22:28:29","date_gmt":"2024-12-05T01:28:29","guid":{"rendered":"https:\/\/www.aarquiteta.com.br\/blog\/decorar-varanda-transformar-refugio\/"},"modified":"2024-12-04T22:28:29","modified_gmt":"2024-12-05T01:28:29","slug":"decorar-varanda-transformar-refugio","status":"publish","type":"post","link":"https:\/\/www.aarquiteta.com.br\/blog\/decorar-varanda-transformar-refugio\/","title":{"rendered":"7 Ideias para Decorar a Varanda e Transform\u00e1-la em um Ref\u00fagio"},"content":{"rendered":"<p>Transforme sua varanda em um ref\u00fagio aconchegante e estiloso com estas 7 ideias criativas de decora\u00e7\u00e3o que v\u00e3o trazer conforto e beleza ao seu espa\u00e7o ao ar livre.<\/p>\n<h2>Destaques principais<\/h2>\n<ul>\n<li><b>M\u00f3veis Confort\u00e1veis:<\/b> A escolha de sof\u00e1s e poltronas adequadas \u00e9 essencial para criar um ambiente acolhedor.<\/li>\n<li><b>Ilumina\u00e7\u00e3o Aconchegante:<\/b> Luzes de fada e lanternas podem transformar a atmosfera da sua varanda \u00e0 noite.<\/li>\n<li><b>Espa\u00e7os Multifuncionais:<\/b> Criar \u00e1reas de leitura ou para reuni\u00f5es maximiza o uso do espa\u00e7o dispon\u00edvel.<\/li>\n<\/ul>\n<h2>1. Escolha M\u00f3veis Confort\u00e1veis<\/h2>\n<p>Quando se trata de <b>m\u00f3veis<\/b>, o conforto deve ser a prioridade. Um sof\u00e1 ou poltrona confort\u00e1vel pode fazer toda a diferen\u00e7a na sua experi\u00eancia ao ar livre. Pense em materiais que resistam \u00e0s intemp\u00e9ries, mas que tamb\u00e9m sejam agrad\u00e1veis ao toque.<\/p>\n<h3>1.1 Sof\u00e1s e Poltronas<\/h3>\n<figure style=\"width: 1024px\" class=\"wp-caption aligncenter\"><img decoding=\"async\" src=\"https:\/\/www.aarquiteta.com.br\/blog\/wp-content\/uploads\/2024\/12\/decorar-varanda-transformar-refugio04.jpg\" alt=\"7 Ideias para Decorar a Varanda e Transform\u00e1-la em um Ref\u00fagio\" width=\"1024\" height=\"1024\" title=\"\"><figcaption class=\"wp-caption-text\">7 Ideias para Decorar a Varanda e Transform\u00e1-la em um Ref\u00fagio<\/figcaption><\/figure>\n<p>Optar por <b>sof\u00e1s<\/b> e poltronas com almofadas macias e tecidos resistentes \u00e9 uma excelente escolha. Al\u00e9m disso, considere a disposi\u00e7\u00e3o dos m\u00f3veis para facilitar a conversa e a intera\u00e7\u00e3o.<\/p>\n<h3>1.2 Mesas de Centro<\/h3>\n<figure style=\"width: 1024px\" class=\"wp-caption aligncenter\"><img decoding=\"async\" src=\"https:\/\/www.aarquiteta.com.br\/blog\/wp-content\/uploads\/2024\/12\/decorar-varanda-transformar-refugio03.jpg\" alt=\"7 Ideias para Decorar a Varanda e Transform\u00e1-la em um Ref\u00fagio\" width=\"1024\" height=\"1024\" title=\"\"><figcaption class=\"wp-caption-text\">7 Ideias para Decorar a Varanda e Transform\u00e1-la em um Ref\u00fagio<\/figcaption><\/figure>\n<p>Uma mesa de centro n\u00e3o s\u00f3 serve para apoiar bebidas e petiscos, mas tamb\u00e9m pode ser um elemento decorativo. Escolha uma que complemente o estilo dos seus m\u00f3veis e que seja funcional.<\/p>\n<h2>2. Ilumina\u00e7\u00e3o Aconchegante<\/h2>\n<p>A ilumina\u00e7\u00e3o \u00e9 um dos aspectos mais importantes para criar um ambiente acolhedor. <b>Ilumina\u00e7\u00e3o suave<\/b> pode transformar sua varanda em um espa\u00e7o m\u00e1gico \u00e0 noite.<\/p>\n<h3>2.1 Luzes de Fada<\/h3>\n<figure style=\"width: 1024px\" class=\"wp-caption aligncenter\"><img decoding=\"async\" src=\"https:\/\/www.aarquiteta.com.br\/blog\/wp-content\/uploads\/2024\/12\/decorar-varanda-transformar-refugio02.jpg\" alt=\"7 Ideias para Decorar a Varanda e Transform\u00e1-la em um Ref\u00fagio\" width=\"1024\" height=\"1024\" title=\"\"><figcaption class=\"wp-caption-text\">7 Ideias para Decorar a Varanda e Transform\u00e1-la em um Ref\u00fagio<\/figcaption><\/figure>\n<p>As <b>luzes de fada<\/b> s\u00e3o uma \u00f3tima op\u00e7\u00e3o para adicionar um toque de charme. Elas podem ser penduradas em estruturas ou colocadas em vasos, criando um efeito encantador.<\/p>\n<h3>2.2 Lanternas e Velas<\/h3>\n<figure style=\"width: 1024px\" class=\"wp-caption aligncenter\"><img decoding=\"async\" src=\"https:\/\/www.aarquiteta.com.br\/blog\/wp-content\/uploads\/2024\/12\/decorar-varanda-transformar-refugio01.jpg\" alt=\"7 Ideias para Decorar a Varanda e Transform\u00e1-la em um Ref\u00fagio\" width=\"1024\" height=\"1024\" title=\"\"><figcaption class=\"wp-caption-text\">7 Ideias para Decorar a Varanda e Transform\u00e1-la em um Ref\u00fagio<\/figcaption><\/figure>\n<p>Lanternas e velas n\u00e3o s\u00f3 iluminam, mas tamb\u00e9m trazem um ar de romantismo. Experimente diferentes tamanhos e estilos para criar uma atmosfera \u00fanica.<\/p>\n<h2>3. Plantas e Jardins Verticais<\/h2>\n<p>Adicionar <b>plantas<\/b> \u00e0 sua varanda n\u00e3o s\u00f3 embeleza o espa\u00e7o, mas tamb\u00e9m traz frescor e vida. Jardins verticais s\u00e3o uma excelente solu\u00e7\u00e3o para quem tem pouco espa\u00e7o.<\/p>\n<h3>3.1 Sele\u00e7\u00e3o de Plantas<\/h3>\n<p style=\"text-align: center;\">[amazon table=&#8221;88804&#8243;]\n<p>Escolha plantas que se adaptem ao clima da sua regi\u00e3o. <b>Plantas de f\u00e1cil manuten\u00e7\u00e3o<\/b> s\u00e3o ideais para quem n\u00e3o tem muito tempo para cuidar do jardim.<\/p>\n<h3>3.2 Montagem de Jardins Verticais<\/h3>\n<h3>Assista agora a minha recomenda\u00e7\u00e3o de video abaixo sobre o tema que estamos tratando neste artigo: <\/h3>\n<p><div class=\"youtube-embed\" data-video_id=\"LttZMVuQNA8\"><iframe title=\"10 IDEIAS PARA DECORAR VARANDA PEQUENA E TRANSFORM\u00c1-LA EM UM REF\u00daGIO ACONCHEGANTE\" width=\"696\" height=\"392\" src=\"https:\/\/www.youtube.com\/embed\/LttZMVuQNA8?feature=oembed&#038;enablejsapi=1\" frameborder=\"0\" allow=\"accelerometer; autoplay; clipboard-write; encrypted-media; gyroscope; picture-in-picture; web-share\" referrerpolicy=\"strict-origin-when-cross-origin\" allowfullscreen><\/iframe><\/div>\n<\/p>\n<p>Os jardins verticais podem ser montados em paredes ou em estruturas espec\u00edficas. Eles n\u00e3o s\u00f3 economizam espa\u00e7o, mas tamb\u00e9m criam um visual impressionante.<\/p>\n<h2>4. Tapetes e Tecidos<\/h2>\n<p>Os <b>tapetes<\/b> e tecidos s\u00e3o essenciais para adicionar conforto e estilo \u00e0 sua varanda. Eles ajudam a delimitar espa\u00e7os e a criar uma atmosfera acolhedora.<\/p>\n<h3>4.1 Tapetes Externos<\/h3>\n<p>Escolha tapetes que sejam resistentes \u00e0 \u00e1gua e ao sol. Um <b>tapete externo<\/b> pode transformar instantaneamente o visual da sua varanda.<\/p>\n<h3>4.2 Almofadas e Cortinas<\/h3>\n<p>Almofadas coloridas e cortinas leves podem adicionar um toque de personalidade. Elas tamb\u00e9m ajudam a criar um ambiente mais \u00edntimo e confort\u00e1vel.<\/p>\n<h2>5. Elementos Decorativos<\/h2>\n<p>Os <b>elementos decorativos<\/b> s\u00e3o a cereja do bolo na decora\u00e7\u00e3o da sua varanda. Eles podem refletir sua personalidade e estilo.<\/p>\n<h3>5.1 Quadros e Arte de Parede<\/h3>\n<p>Adicionar quadros ou arte de parede pode dar um toque especial. Escolha pe\u00e7as que se harmonizem com o restante da decora\u00e7\u00e3o.<\/p>\n<h3>5.2 Objetos de Decora\u00e7\u00e3o<\/h3>\n<p>Objetos como vasos, esculturas e livros podem ser usados para personalizar o espa\u00e7o. <b>Seja criativo<\/b> e misture diferentes estilos e texturas.<\/p>\n<h2>6. Espa\u00e7os Multifuncionais<\/h2>\n<p>Uma varanda bem planejada pode ser um espa\u00e7o multifuncional. Pense em como voc\u00ea pode usar cada canto de forma eficiente.<\/p>\n<h3>6.1 \u00c1rea de Leitura<\/h3>\n<p>Crie um cantinho de leitura com uma poltrona confort\u00e1vel e uma pequena estante. Um <b>espa\u00e7o de leitura<\/b> \u00e9 perfeito para relaxar e aproveitar um bom livro.<\/p>\n<h3>6.2 Espa\u00e7o para Reuni\u00f5es<\/h3>\n","protected":false},"excerpt":{"rendered":"<p>Inspire-se com ideias para criar uma varanda aconchegante e relaxante.<\/p>\n","protected":false},"author":102,"featured_media":136776,"comment_status":"closed","ping_status":"closed","sticky":false,"template":"","format":"standard","meta":{"footnotes":""},"categories":[1484,971,18792,18794],"tags":[],"class_list":["post-136779","post","type-post","status-publish","format-standard","has-post-thumbnail","category-decoracao","category-design-de-interiores","category-decoracao-de-apartamento","category-projetos-de-decoracao-de-casas"],"_wp_attached_file":null,"_wp_attachment_metadata":null,"_wp_attachment_context":null,"_wp_attachment_is_custom_header":null,"geo_longitude":null,"geo_public":null,"geo_latitude":null,"_publicize_done_external":null,"_wpas_done_3897181":null,"publicize_twitter_user":null,"_wpas_done_3897175":null,"_wpas_skip_3897181":null,"_wpas_skip_3897175":null,"_wpas_skip_3924723":null,"_wpas_mess":null,"_wpas_done_3924723":null,"wps_subtitle":"","_links":{"self":[{"href":"https:\/\/www.aarquiteta.com.br\/blog\/wp-json\/wp\/v2\/posts\/136779","targetHints":{"allow":["GET"]}}],"collection":[{"href":"https:\/\/www.aarquiteta.com.br\/blog\/wp-json\/wp\/v2\/posts"}],"about":[{"href":"https:\/\/www.aarquiteta.com.br\/blog\/wp-json\/wp\/v2\/types\/post"}],"author":[{"embeddable":true,"href":"https:\/\/www.aarquiteta.com.br\/blog\/wp-json\/wp\/v2\/users\/102"}],"replies":[{"embeddable":true,"href":"https:\/\/www.aarquiteta.com.br\/blog\/wp-json\/wp\/v2\/comments?post=136779"}],"version-history":[{"count":0,"href":"https:\/\/www.aarquiteta.com.br\/blog\/wp-json\/wp\/v2\/posts\/136779\/revisions"}],"wp:featuredmedia":[{"embeddable":true,"href":"https:\/\/www.aarquiteta.com.br\/blog\/wp-json\/wp\/v2\/media\/136776"}],"wp:attachment":[{"href":"https:\/\/www.aarquiteta.com.br\/blog\/wp-json\/wp\/v2\/media?parent=136779"}],"wp:term":[{"taxonomy":"category","embeddable":true,"href":"https:\/\/www.aarquiteta.com.br\/blog\/wp-json\/wp\/v2\/categories?post=136779"},{"taxonomy":"post_tag","embeddable":true,"href":"https:\/\/www.aarquiteta.com.br\/blog\/wp-json\/wp\/v2\/tags?post=136779"}],"curies":[{"name":"wp","href":"https:\/\/api.w.org\/{rel}","templated":true}]}}