{"id":136725,"date":"2024-12-04T14:23:08","date_gmt":"2024-12-04T17:23:08","guid":{"rendered":"https:\/\/www.aarquiteta.com.br\/blog\/erros-decoracao-espaco-menor\/"},"modified":"2024-12-04T14:23:08","modified_gmt":"2024-12-04T17:23:08","slug":"erros-decoracao-espaco-menor","status":"publish","type":"post","link":"https:\/\/www.aarquiteta.com.br\/blog\/erros-decoracao-espaco-menor\/","title":{"rendered":"6 Erros de Decora\u00e7\u00e3o que Est\u00e3o Deixando Seu Espa\u00e7o Menor"},"content":{"rendered":"<p><body><\/p>\n<p>Descubra os 6 erros comuns de decora\u00e7\u00e3o que podem estar fazendo seu espa\u00e7o parecer menor do que realmente \u00e9 e aprenda como corrigi-los para criar um ambiente mais amplo e acolhedor.<\/p>\n<h2>Destaques principais<\/h2>\n<ul>\n<li><b>M\u00f3veis desproporcionais<\/b> podem comprometer a harmonia do ambiente; escolha pe\u00e7as que se encaixem no espa\u00e7o.<\/li>\n<li><b>Cores escuras<\/b> nas paredes podem criar uma sensa\u00e7\u00e3o de claustrofobia; opte por tons claros para ampliar visualmente o espa\u00e7o.<\/li>\n<li><b>Ilumina\u00e7\u00e3o adequada<\/b> \u00e9 essencial; uma boa ilumina\u00e7\u00e3o pode transformar qualquer ambiente, tornando-o mais acolhedor e espa\u00e7oso.<\/li>\n<\/ul>\n<h2>1. M\u00f3veis Desproporcionais<\/h2>\n<p>Um dos erros mais comuns na decora\u00e7\u00e3o \u00e9 a escolha de <b>m\u00f3veis desproporcionais<\/b> ao espa\u00e7o. M\u00f3veis grandes em ambientes pequenos podem fazer o espa\u00e7o parecer ainda menor. Para evitar isso, \u00e9 fundamental medir o espa\u00e7o dispon\u00edvel e escolher pe\u00e7as que se encaixem harmoniosamente.<\/p>\n<h3>Como escolher m\u00f3veis adequados ao espa\u00e7o<\/h3>\n<figure style=\"width: 1024px\" class=\"wp-caption aligncenter\"><img decoding=\"async\" src=\"https:\/\/www.aarquiteta.com.br\/blog\/wp-content\/uploads\/2024\/12\/erros-decoracao-espaco-menor04.jpg\" alt=\"6 Erros de Decora\u00e7\u00e3o que Est\u00e3o Deixando Seu Espa\u00e7o Menor\" width=\"1024\" height=\"1024\" title=\"\"><figcaption class=\"wp-caption-text\">6 Erros de Decora\u00e7\u00e3o que Est\u00e3o Deixando Seu Espa\u00e7o Menor<\/figcaption><\/figure>\n<p>Ao escolher m\u00f3veis, considere a <b>escala<\/b> e a <b>propor\u00e7\u00e3o<\/b>. M\u00f3veis multifuncionais, como sof\u00e1s-camas ou mesas de centro com armazenamento, s\u00e3o \u00f3timas op\u00e7\u00f5es para otimizar o espa\u00e7o. Al\u00e9m disso, evite sobrecarregar o ambiente com muitos m\u00f3veis, pois isso pode criar uma sensa\u00e7\u00e3o de desordem.<\/p>\n<h2>2. Cores Escuras nas Paredes<\/h2>\n<p>Paredes pintadas com <b>cores escuras<\/b> podem dar a impress\u00e3o de um espa\u00e7o menor e mais fechado. Embora essas cores possam ser elegantes, \u00e9 importante us\u00e1-las com cautela.<\/p>\n<h3>Alternativas de cores que ampliam o ambiente<\/h3>\n<figure style=\"width: 1024px\" class=\"wp-caption aligncenter\"><img decoding=\"async\" src=\"https:\/\/www.aarquiteta.com.br\/blog\/wp-content\/uploads\/2024\/12\/erros-decoracao-espaco-menor03.jpg\" alt=\"6 Erros de Decora\u00e7\u00e3o que Est\u00e3o Deixando Seu Espa\u00e7o Menor\" width=\"1024\" height=\"1024\" title=\"\"><figcaption class=\"wp-caption-text\">6 Erros de Decora\u00e7\u00e3o que Est\u00e3o Deixando Seu Espa\u00e7o Menor<\/figcaption><\/figure>\n<p>Opte por <b>tons claros<\/b> e <b>neutros<\/b>, como branco, bege ou cinza claro, que refletem a luz e criam uma sensa\u00e7\u00e3o de amplitude. Se voc\u00ea deseja adicionar cor, considere usar <b>acess\u00f3rios<\/b> ou <b>pintar uma parede de destaque<\/b> em um tom mais vibrante.<\/p>\n<h2>3. Excesso de Mobili\u00e1rio<\/h2>\n<p>Um erro frequente \u00e9 o <b>excesso de mobili\u00e1rio<\/b>, que pode deixar o ambiente sobrecarregado e confuso. \u00c9 importante fazer uma sele\u00e7\u00e3o cuidadosa dos m\u00f3veis que realmente s\u00e3o necess\u00e1rios.<\/p>\n<h3>Como fazer uma sele\u00e7\u00e3o eficiente de m\u00f3veis<\/h3>\n<figure style=\"width: 1024px\" class=\"wp-caption aligncenter\"><img decoding=\"async\" src=\"https:\/\/www.aarquiteta.com.br\/blog\/wp-content\/uploads\/2024\/12\/erros-decoracao-espaco-menor02.jpg\" alt=\"6 Erros de Decora\u00e7\u00e3o que Est\u00e3o Deixando Seu Espa\u00e7o Menor\" width=\"1024\" height=\"1024\" title=\"\"><figcaption class=\"wp-caption-text\">6 Erros de Decora\u00e7\u00e3o que Est\u00e3o Deixando Seu Espa\u00e7o Menor<\/figcaption><\/figure>\n<p>Antes de comprar novos m\u00f3veis, fa\u00e7a uma <b>an\u00e1lise cr\u00edtica<\/b> do que j\u00e1 possui. Pergunte-se: &#8220;Esse m\u00f3vel \u00e9 realmente necess\u00e1rio?&#8221; e &#8220;Ele contribui para a funcionalidade do espa\u00e7o?&#8221;. Mantenha apenas o que \u00e9 essencial e que traz alegria ao ambiente.<\/p>\n<h2>4. Cortinas Longas e Pesadas<\/h2>\n<p>Cortinas longas e pesadas podem criar uma sensa\u00e7\u00e3o de <b>opress\u00e3o<\/b> e diminuir a luminosidade do ambiente. Para evitar isso, escolha cortinas mais leves e em tons claros.<\/p>\n<h3>Op\u00e7\u00f5es de cortinas que ajudam a criar a ilus\u00e3o de espa\u00e7o<\/h3>\n<figure style=\"width: 1024px\" class=\"wp-caption aligncenter\"><img decoding=\"async\" src=\"https:\/\/www.aarquiteta.com.br\/blog\/wp-content\/uploads\/2024\/12\/erros-decoracao-espaco-menor01.jpg\" alt=\"6 Erros de Decora\u00e7\u00e3o que Est\u00e3o Deixando Seu Espa\u00e7o Menor\" width=\"1024\" height=\"1024\" title=\"\"><figcaption class=\"wp-caption-text\">6 Erros de Decora\u00e7\u00e3o que Est\u00e3o Deixando Seu Espa\u00e7o Menor<\/figcaption><\/figure>\n<p>Cortinas em tecidos leves, como linho ou algod\u00e3o, permitem que a luz natural entre e criam uma sensa\u00e7\u00e3o de <b>amplitude<\/b>. Al\u00e9m disso, instalar as cortinas mais altas do que a janela pode dar a impress\u00e3o de tetos mais altos.<\/p>\n<h2>5. Ilumina\u00e7\u00e3o Inadequada<\/h2>\n<p>A <b>ilumina\u00e7\u00e3o inadequada<\/b> pode transformar um espa\u00e7o bonito em um lugar sombrio e pouco convidativo. A luz \u00e9 um dos elementos mais importantes na decora\u00e7\u00e3o.<\/p>\n<h3>Dicas para uma ilumina\u00e7\u00e3o que amplia o ambiente<\/h3>\n<p style=\"text-align: center;\">[amazon table=&#8221;82979&#8243;]\n<p>Utilize uma combina\u00e7\u00e3o de <b>ilumina\u00e7\u00e3o geral<\/b>, <b>tarefa<\/b> e <b>de destaque<\/b> para criar um ambiente equilibrado. Lumin\u00e1rias de piso e abajures podem adicionar camadas de luz e tornar o espa\u00e7o mais acolhedor.<\/p>\n<h2>6. Decora\u00e7\u00e3o Excessiva<\/h2>\n<p>A <b>decora\u00e7\u00e3o excessiva<\/b> pode fazer um ambiente parecer desordenado e pequeno. \u00c9 importante encontrar um equil\u00edbrio entre a decora\u00e7\u00e3o e o espa\u00e7o dispon\u00edvel.<\/p>\n<h3>Como manter a decora\u00e7\u00e3o minimalista e funcional<\/h3>\n<h3>Assista agora a minha recomenda\u00e7\u00e3o de video abaixo sobre o tema que estamos tratando neste artigo: <\/h3>\n<p><div class=\"youtube-embed\" data-video_id=\"dTdipQzp5Fs\"><iframe title=\"7 ERROS DE DECORA\u00c7\u00c3O QUE DEIXAM  SUA CASA  MENOR\" width=\"696\" height=\"392\" src=\"https:\/\/www.youtube.com\/embed\/dTdipQzp5Fs?feature=oembed&#038;enablejsapi=1\" frameborder=\"0\" allow=\"accelerometer; autoplay; clipboard-write; encrypted-media; gyroscope; picture-in-picture; web-share\" referrerpolicy=\"strict-origin-when-cross-origin\" allowfullscreen><\/iframe><\/div>\n<\/p>\n<p>Adote um estilo <b>minimalista<\/b>, focando em poucos elementos decorativos que realmente tenham significado. Isso n\u00e3o s\u00f3 ajuda a manter o espa\u00e7o organizado, mas tamb\u00e9m permite que cada pe\u00e7a se destaque.<\/p>\n<h2>Conclus\u00e3o<\/h2>\n<p>Evitar esses 6 erros comuns de decora\u00e7\u00e3o pode fazer uma grande diferen\u00e7a na percep\u00e7\u00e3o do seu espa\u00e7o. Ao escolher m\u00f3veis proporcionais, optar por cores claras, manter a ilumina\u00e7\u00e3o adequada e evitar a sobrecarga de decora\u00e7\u00e3o, voc\u00ea pode criar um ambiente mais amplo e acolhedor. Lembre-se, a decora\u00e7\u00e3o deve refletir sua personalidade, mas tamb\u00e9m deve ser funcional e harmoniosa. Com essas dicas, voc\u00ea estar\u00e1 no caminho certo para transformar seu espa\u00e7o em um verdadeiro lar.<\/p>\n<p><\/body><\/p>\n","protected":false},"excerpt":{"rendered":"<p>Identifique e evite os erros de decora\u00e7\u00e3o que podem diminuir visualmente seus ambientes.<\/p>\n","protected":false},"author":102,"featured_media":136722,"comment_status":"closed","ping_status":"closed","sticky":false,"template":"","format":"standard","meta":{"footnotes":""},"categories":[1484,971,18792,18794],"tags":[],"class_list":["post-136725","post","type-post","status-publish","format-standard","has-post-thumbnail","category-decoracao","category-design-de-interiores","category-decoracao-de-apartamento","category-projetos-de-decoracao-de-casas"],"_wp_attached_file":null,"_wp_attachment_metadata":null,"_wp_attachment_context":null,"_wp_attachment_is_custom_header":null,"geo_longitude":null,"geo_public":null,"geo_latitude":null,"_publicize_done_external":null,"_wpas_done_3897181":null,"publicize_twitter_user":null,"_wpas_done_3897175":null,"_wpas_skip_3897181":null,"_wpas_skip_3897175":null,"_wpas_skip_3924723":null,"_wpas_mess":null,"_wpas_done_3924723":null,"wps_subtitle":"","_links":{"self":[{"href":"https:\/\/www.aarquiteta.com.br\/blog\/wp-json\/wp\/v2\/posts\/136725","targetHints":{"allow":["GET"]}}],"collection":[{"href":"https:\/\/www.aarquiteta.com.br\/blog\/wp-json\/wp\/v2\/posts"}],"about":[{"href":"https:\/\/www.aarquiteta.com.br\/blog\/wp-json\/wp\/v2\/types\/post"}],"author":[{"embeddable":true,"href":"https:\/\/www.aarquiteta.com.br\/blog\/wp-json\/wp\/v2\/users\/102"}],"replies":[{"embeddable":true,"href":"https:\/\/www.aarquiteta.com.br\/blog\/wp-json\/wp\/v2\/comments?post=136725"}],"version-history":[{"count":0,"href":"https:\/\/www.aarquiteta.com.br\/blog\/wp-json\/wp\/v2\/posts\/136725\/revisions"}],"wp:featuredmedia":[{"embeddable":true,"href":"https:\/\/www.aarquiteta.com.br\/blog\/wp-json\/wp\/v2\/media\/136722"}],"wp:attachment":[{"href":"https:\/\/www.aarquiteta.com.br\/blog\/wp-json\/wp\/v2\/media?parent=136725"}],"wp:term":[{"taxonomy":"category","embeddable":true,"href":"https:\/\/www.aarquiteta.com.br\/blog\/wp-json\/wp\/v2\/categories?post=136725"},{"taxonomy":"post_tag","embeddable":true,"href":"https:\/\/www.aarquiteta.com.br\/blog\/wp-json\/wp\/v2\/tags?post=136725"}],"curies":[{"name":"wp","href":"https:\/\/api.w.org\/{rel}","templated":true}]}}