{"id":136654,"date":"2024-12-03T18:04:46","date_gmt":"2024-12-03T21:04:46","guid":{"rendered":"https:\/\/www.aarquiteta.com.br\/blog\/mutina-arquitetura-de-interiores\/"},"modified":"2024-12-03T18:04:46","modified_gmt":"2024-12-03T21:04:46","slug":"mutina-arquitetura-de-interiores","status":"publish","type":"post","link":"https:\/\/www.aarquiteta.com.br\/blog\/mutina-arquitetura-de-interiores\/","title":{"rendered":"Mutina e a revolu\u00e7\u00e3o na arquitetura de interiores 10"},"content":{"rendered":"<p><body><\/p>\n<p><b>A Mutina<\/b>, marca italiana de porcelanato, mudou a forma como encaramos os revestimentos cer\u00e2micos, trazendo uma nova perspectiva de design que vai para al\u00e9m das superf\u00edcies. Com a colabora\u00e7\u00e3o de designers renomados, apresenta cole\u00e7\u00f5es que fazem hist\u00f3ria e agora est\u00e3o dispon\u00edveis no Brasil atrav\u00e9s da Portobello Shop.<\/p>\n<h2>Introdu\u00e7\u00e3o<\/h2>\n<p>Quando falamos de inova\u00e7\u00e3o no design de interiores, <b>Mutina<\/b> \u00e9 um nome que se destaca. Com suas propostas que desafiam as normas do mercado, esta marca italiana se alinha aos interesses de quem busca qualidade e est\u00e9tica. Neste artigo, vamos explorar suas principais cole\u00e7\u00f5es e entender o que as torna t\u00e3o especiais.<\/p>\n<h2>1. A Revolu\u00e7\u00e3o do Design Cer\u00e2mico<\/h2>\n<p>A <b>Mutina<\/b> vem fazendo ondas na ind\u00fastria de porcelanato, apresentando produtos que desafiam a simples reprodu\u00e7\u00e3o de materiais naturais. A inten\u00e7\u00e3o n\u00e3o \u00e9 apenas criar pisos e paredes atrativos, mas um verdadeiro <b>mundo de possibilidades<\/b>.<\/p>\n<h2>2. Colabora\u00e7\u00f5es com Designers Renomados<\/h2>\n<h3>2.1 Patricia Urquiola e a Cole\u00e7\u00e3o D\u00e9chirer<\/h3>\n<figure style=\"width: 1024px\" class=\"wp-caption aligncenter\"><img decoding=\"async\" src=\"https:\/\/www.aarquiteta.com.br\/blog\/wp-content\/uploads\/2024\/12\/mutina-arquitetura-de-interiores-01.jpg\" alt=\"Mutina e a revolu\u00e7\u00e3o na arquitetura de interiores\" width=\"1024\" height=\"1024\" title=\"\"><figcaption class=\"wp-caption-text\">Mutina e a revolu\u00e7\u00e3o na arquitetura de interiores<\/figcaption><\/figure>\n<p>A primeira colabora\u00e7\u00e3o de peso foi com a multifacetada Patricia Urquiola. A <b>cole\u00e7\u00e3o D\u00e9chirer<\/b> n\u00e3o trouxe apenas um novo design, mas revolucionou a percep\u00e7\u00e3o do revestimento cer\u00e2mico. Seu <b>baixo relevo<\/b> imita a delicadeza de um rendado, despertando a curiosidade e o toque dos visitantes.<\/p>\n<h3>2.2 Tokujin Yoshioka e a Experi\u00eancia Sensorial<\/h3>\n<figure style=\"width: 1024px\" class=\"wp-caption aligncenter\"><img decoding=\"async\" src=\"https:\/\/www.aarquiteta.com.br\/blog\/wp-content\/uploads\/2024\/12\/mutina-arquitetura-de-interiores-14-828x1120.jpg\" alt=\"Foto de Matonelle Margherita, por Nathalie Du Pasquier para Mutina.\" title=\"\"><figcaption class=\"wp-caption-text\">Foto de Matonelle Margherita, por Nathalie Du Pasquier para Mutina.<\/figcaption><\/figure>\n<p>Outra parceria de destaque \u00e9 com o japon\u00eas Tokujin Yoshioka. A sua cole\u00e7\u00e3o utiliza pastilhas de cer\u00e2mica de formatos irregulares, dando um toque de <b>surrealismo<\/b> \u00e0s superf\u00edcies, tornando cada espa\u00e7o \u00fanico. Ao olhar para essas pastilhas, sinto que posso <b>tocar a arte<\/b>.<\/p>\n<h2>3. Curadoria de Cores e Formas<\/h2>\n<h3>3.1 Cole\u00e7\u00e3o Diarama de Hella Jongerius<\/h3>\n<figure style=\"width: 1024px\" class=\"wp-caption aligncenter\"><img decoding=\"async\" src=\"https:\/\/www.aarquiteta.com.br\/blog\/wp-content\/uploads\/2024\/12\/mutina-arquitetura-de-interiores-12-849x1200.jpg\" alt=\"Foto de Matonelle Marguerita, por Nathalie Du Pasquier para Mutina.\" title=\"\"><figcaption class=\"wp-caption-text\">Foto de Matonelle Marguerita, por Nathalie Du Pasquier para Mutina.<\/figcaption><\/figure>\n<p>Hella Jongerius deu vida \u00e0 cole\u00e7\u00e3o Diarama, explorando a rica paleta de <b>cores<\/b>. Com 12 composi\u00e7\u00f5es distintas, esta cole\u00e7\u00e3o aprimora a est\u00e9tica gr\u00e1fica dos revestimentos, fazendo com que as paredes falem por si.<\/p>\n<h3>3.2 Matonelle Margherita de Nathalie Du Pasquier<\/h3>\n<figure style=\"width: 1024px\" class=\"wp-caption aligncenter\"><img decoding=\"async\" src=\"https:\/\/www.aarquiteta.com.br\/blog\/wp-content\/uploads\/2024\/12\/mutina-arquitetura-de-interiores-02.jpg\" alt=\"Mutina e a revolu\u00e7\u00e3o na arquitetura de interiores\" width=\"1024\" height=\"1024\" title=\"\"><figcaption class=\"wp-caption-text\">Mutina e a revolu\u00e7\u00e3o na arquitetura de interiores<\/figcaption><\/figure>\n<p>Por outro lado, a cole\u00e7\u00e3o Matonelle Margherita leva a proposta ao extremo. Com 40 varia\u00e7\u00f5es de cores e desenhos, ela \u00e9 um verdadeiro <b>festival visual<\/b>, perfeita para quem deseja um ambiente cheio de personalidade.<\/p>\n<h2>4. Elementos Construtivos e Inova\u00e7\u00f5es<\/h2>\n<h3>4.1 Cobog\u00f3 Celosia<\/h3>\n<figure style=\"width: 1024px\" class=\"wp-caption aligncenter\"><img decoding=\"async\" src=\"https:\/\/www.aarquiteta.com.br\/blog\/wp-content\/uploads\/2024\/12\/mutina-arquitetura-de-interiores-5-840x1120.jpg\" alt=\"Fotos de D\u00e9chirer, por Patricia Urquiola para Mutina.\" title=\"\"><figcaption class=\"wp-caption-text\">Fotos de D\u00e9chirer, por Patricia Urquiola para Mutina.<\/figcaption><\/figure>\n<p>A inova\u00e7\u00e3o n\u00e3o para por a\u00ed. Com o <b>Cobog\u00f3 Celosia<\/b>, podemos ver a Mutina evoluindo para elementos construtivos em barro, proporcionando uma nova dimens\u00e3o ao design de interiores. Essa transi\u00e7\u00e3o sinaliza uma tend\u00eancia de <b>integra\u00e7\u00e3o<\/b> entre est\u00e9tica e funcionalidade.<\/p>\n<h3>4.2 Cole\u00e7\u00e3o Bloc dos Irm\u00e3os Bouroullec<\/h3>\n<figure style=\"width: 1024px\" class=\"wp-caption aligncenter\"><img decoding=\"async\" src=\"https:\/\/www.aarquiteta.com.br\/blog\/wp-content\/uploads\/2024\/12\/mutina-arquitetura-de-interiores-03.jpg\" alt=\"Mutina e a revolu\u00e7\u00e3o na arquitetura de interiores\" width=\"1024\" height=\"1024\" title=\"\"><figcaption class=\"wp-caption-text\">Mutina e a revolu\u00e7\u00e3o na arquitetura de interiores<\/figcaption><\/figure>\n<p>A ideia de modularidade veio com a cole\u00e7\u00e3o Bloc. Criada pelos irm\u00e3os Bouroullec, esses m\u00f3dulos funcionais s\u00e3o tanto est\u00e9ticos quanto pr\u00e1ticos, permitindo a cria\u00e7\u00e3o de <b>estruturas adapt\u00e1veis<\/b> e personaliz\u00e1veis.<\/p>\n<h2>5. O Espa\u00e7o Mutina e a Integra\u00e7\u00e3o da Arte<\/h2>\n<h3>5.1 O Projeto MUT Mutina for Art<\/h3>\n<figure style=\"width: 1024px\" class=\"wp-caption aligncenter\"><img decoding=\"async\" src=\"https:\/\/www.aarquiteta.com.br\/blog\/wp-content\/uploads\/2024\/12\/mutina-arquitetura-de-interiores-16-1120x840.jpg\" alt=\"Foto do Phenomenon, por Tokujin Yoshioka para Mutina.\" title=\"\"><figcaption class=\"wp-caption-text\">Foto do Phenomenon, por Tokujin Yoshioka para Mutina.<\/figcaption><\/figure>\n<p>Um marco na proposta da Mutina \u00e9 o projeto MUT Mutina for Art. Em um espa\u00e7o dedicado \u00e0 <b>arte e design<\/b>, as instala\u00e7\u00f5es n\u00e3o s\u00e3o meras exibi\u00e7\u00f5es, mas uma experi\u00eancia sensorial que desafia a vis\u00e3o convencional do que pode ser um <b>expositor de cer\u00e2mica<\/b>.<\/p>\n<h2>6. Casa Mutina e a Experi\u00eancia do Usu\u00e1rio<\/h2>\n<h3>6.1 Showroom em Mil\u00e3o<\/h3>\n<figure style=\"width: 1024px\" class=\"wp-caption aligncenter\"><img decoding=\"async\" src=\"https:\/\/www.aarquiteta.com.br\/blog\/wp-content\/uploads\/2024\/12\/mutina-arquitetura-de-interiores-4.jpg\" alt=\"Mutina e a revolu\u00e7\u00e3o na arquitetura de interiores\" width=\"1024\" height=\"1024\" title=\"\"><figcaption class=\"wp-caption-text\">Mutina e a revolu\u00e7\u00e3o na arquitetura de interiores<\/figcaption><\/figure>\n<p>Localizado em Mil\u00e3o, o showroom Casa Mutina \u00e9 um espa\u00e7o que me fez sentir parte da marca. Este local n\u00e3o \u00e9 apenas um espa\u00e7o de venda, mas uma <b>imers\u00e3o<\/b> nas cole\u00e7\u00f5es, onde cada canto respira design.<\/p>\n<h3>6.2 A Hospedaria em Modena<\/h3>\n<figure style=\"width: 1024px\" class=\"wp-caption aligncenter\"><img decoding=\"async\" src=\"https:\/\/www.aarquiteta.com.br\/blog\/wp-content\/uploads\/2024\/12\/mutina-arquitetura-de-interiores-9-824x1120.jpg\" alt=\"Fotos da cole\u00e7\u00e3o Diarama, assinada por Hella Jongerius para Mutina.\" title=\"\"><figcaption class=\"wp-caption-text\">Fotos da cole\u00e7\u00e3o Diarama, assinada por Hella Jongerius para Mutina.<\/figcaption><\/figure>\n<p>A experi\u00eancia se estende at\u00e9 a hospedaria em Modena, um espa\u00e7o que convida tanto os clientes quanto os designers a vivenciarem as inova\u00e7\u00f5es em um ambiente real, repleto de <b>design<\/b> e funcionalidade.<\/p>\n<h2>Conclus\u00e3o<\/h2>\n<p>Com suas inova\u00e7\u00f5es cont\u00ednuas e parcerias criativas, a <b>Mutina<\/b> estabelece um novo padr\u00e3o no design de interiores, unindo est\u00e9tica, funcionalidade e arte. Ao trazer essa revolu\u00e7\u00e3o ao Brasil, abre espa\u00e7o para que mais pessoas possam apreciar e <b>vivenciar a beleza<\/b> do design cer\u00e2mico.<\/p>\n<p><\/body><\/p>\n<h3>Para se aprofundar mais sobre o tema, veja a minha recomenda\u00e7\u00e3o sobre o tema deste artigo no v\u00eddeo a seguir abaixo:<\/h3>\n<p><iframe title=\"YouTube video player\" src=\"https:\/\/www.youtube.com\/embed\/NNRZ6rh9qKU\" width=\"560\" height=\"315\" frameborder=\"0\" allowfullscreen=\"allowfullscreen\"><\/iframe><\/p>\n<figure style=\"width: 1024px\" class=\"wp-caption aligncenter\"><img decoding=\"async\" src=\"https:\/\/www.aarquiteta.com.br\/blog\/wp-content\/uploads\/2024\/12\/mutina-arquitetura-de-interiores-7-792x1120.jpg\" alt=\"Foto das tintas para parede Mutina.\" title=\"\"><figcaption class=\"wp-caption-text\">Foto das tintas para parede Mutina.<\/figcaption><\/figure>\n","protected":false},"excerpt":{"rendered":"<p>Explore como a Mutina inova com design de revestimentos cer\u00e2micos transformadores que rompem barreiras na arquitetura.<\/p>\n","protected":false},"author":102,"featured_media":136646,"comment_status":"closed","ping_status":"closed","sticky":false,"template":"","format":"standard","meta":{"footnotes":""},"categories":[35375,971,19206],"tags":[],"class_list":["post-136654","post","type-post","status-publish","format-standard","has-post-thumbnail","category-acabamentos","category-design-de-interiores","category-revestimentos"],"_wp_attached_file":null,"_wp_attachment_metadata":null,"_wp_attachment_context":null,"_wp_attachment_is_custom_header":null,"geo_longitude":null,"geo_public":null,"geo_latitude":null,"_publicize_done_external":null,"_wpas_done_3897181":null,"publicize_twitter_user":null,"_wpas_done_3897175":null,"_wpas_skip_3897181":null,"_wpas_skip_3897175":null,"_wpas_skip_3924723":null,"_wpas_mess":null,"_wpas_done_3924723":null,"wps_subtitle":"","_links":{"self":[{"href":"https:\/\/www.aarquiteta.com.br\/blog\/wp-json\/wp\/v2\/posts\/136654","targetHints":{"allow":["GET"]}}],"collection":[{"href":"https:\/\/www.aarquiteta.com.br\/blog\/wp-json\/wp\/v2\/posts"}],"about":[{"href":"https:\/\/www.aarquiteta.com.br\/blog\/wp-json\/wp\/v2\/types\/post"}],"author":[{"embeddable":true,"href":"https:\/\/www.aarquiteta.com.br\/blog\/wp-json\/wp\/v2\/users\/102"}],"replies":[{"embeddable":true,"href":"https:\/\/www.aarquiteta.com.br\/blog\/wp-json\/wp\/v2\/comments?post=136654"}],"version-history":[{"count":0,"href":"https:\/\/www.aarquiteta.com.br\/blog\/wp-json\/wp\/v2\/posts\/136654\/revisions"}],"wp:featuredmedia":[{"embeddable":true,"href":"https:\/\/www.aarquiteta.com.br\/blog\/wp-json\/wp\/v2\/media\/136646"}],"wp:attachment":[{"href":"https:\/\/www.aarquiteta.com.br\/blog\/wp-json\/wp\/v2\/media?parent=136654"}],"wp:term":[{"taxonomy":"category","embeddable":true,"href":"https:\/\/www.aarquiteta.com.br\/blog\/wp-json\/wp\/v2\/categories?post=136654"},{"taxonomy":"post_tag","embeddable":true,"href":"https:\/\/www.aarquiteta.com.br\/blog\/wp-json\/wp\/v2\/tags?post=136654"}],"curies":[{"name":"wp","href":"https:\/\/api.w.org\/{rel}","templated":true}]}}