{"id":136487,"date":"2024-12-02T12:12:51","date_gmt":"2024-12-02T15:12:51","guid":{"rendered":"https:\/\/www.aarquiteta.com.br\/blog\/projeto-arquitetonico-edificios-publicos\/"},"modified":"2024-12-02T12:12:51","modified_gmt":"2024-12-02T15:12:51","slug":"projeto-arquitetonico-edificios-publicos","status":"publish","type":"post","link":"https:\/\/www.aarquiteta.com.br\/blog\/projeto-arquitetonico-edificios-publicos\/","title":{"rendered":"Desenvolvendo Projetos Arquitet\u00f4nicos para Edif\u00edcios P\u00fablicos"},"content":{"rendered":"<p>O planejamento e execu\u00e7\u00e3o de projetos arquitet\u00f4nicos para edif\u00edcios p\u00fablicos e espa\u00e7os coletivos s\u00e3o essenciais para garantir a funcionalidade, acessibilidade e est\u00e9tica, promovendo a integra\u00e7\u00e3o social e o bem-estar da comunidade. Neste artigo, vamos explorar as etapas e a import\u00e2ncia desse processo, al\u00e9m de exemplos de projetos bem-sucedidos.<\/p>\n<h2>Destaques principais<\/h2>\n<ul>\n<li><b>Import\u00e2ncia do Planejamento:<\/b> O planejamento arquitet\u00f4nico impacta diretamente a sociedade, promovendo a inclus\u00e3o e a sustentabilidade.<\/li>\n<li><b>Etapas do Planejamento:<\/b> Desde o levantamento de necessidades at\u00e9 os estudos de viabilidade, cada etapa \u00e9 crucial para o sucesso do projeto.<\/li>\n<li><b>Normas e Regulamenta\u00e7\u00f5es:<\/b> Acessibilidade e legisla\u00e7\u00e3o urban\u00edstica s\u00e3o fundamentais para garantir que os espa\u00e7os atendam a todos os cidad\u00e3os.<\/li>\n<\/ul>\n<h2>1. Import\u00e2ncia do Planejamento Arquitet\u00f4nico<\/h2>\n<p>Quando falamos sobre <b>planejamento arquitet\u00f4nico<\/b>, n\u00e3o estamos apenas nos referindo a tra\u00e7ar linhas em um papel. \u00c9 um processo que envolve a compreens\u00e3o profunda das necessidades da comunidade e a cria\u00e7\u00e3o de espa\u00e7os que realmente fa\u00e7am a diferen\u00e7a. O impacto social e cultural de um projeto pode ser imenso, e \u00e9 isso que nos motiva a trabalhar com dedica\u00e7\u00e3o.<\/p>\n<h3>1.1. Impacto Social e Cultural<\/h3>\n<figure style=\"width: 1024px\" class=\"wp-caption aligncenter\"><img decoding=\"async\" src=\"https:\/\/www.aarquiteta.com.br\/blog\/wp-content\/uploads\/2024\/12\/projeto-arquitetonico-edificios-publicos04.jpg\" alt=\"Desenvolvendo Projetos Arquitet\u00f4nicos para Edif\u00edcios P\u00fablicos\" width=\"1024\" height=\"1024\" title=\"\"><figcaption class=\"wp-caption-text\">Desenvolvendo Projetos Arquitet\u00f4nicos para Edif\u00edcios P\u00fablicos<\/figcaption><\/figure>\n<p>Os edif\u00edcios p\u00fablicos t\u00eam o poder de <b>transformar comunidades<\/b>. Eles n\u00e3o s\u00e3o apenas estruturas; s\u00e3o locais de encontro, aprendizado e desenvolvimento. Um projeto bem planejado pode fomentar a cultura local e promover a inclus\u00e3o social, criando um ambiente onde todos se sintam bem-vindos.<\/p>\n<h3>1.2. Sustentabilidade e Efici\u00eancia Energ\u00e9tica<\/h3>\n<figure style=\"width: 1024px\" class=\"wp-caption aligncenter\"><img decoding=\"async\" src=\"https:\/\/www.aarquiteta.com.br\/blog\/wp-content\/uploads\/2024\/12\/projeto-arquitetonico-edificios-publicos03.jpg\" alt=\"Desenvolvendo Projetos Arquitet\u00f4nicos para Edif\u00edcios P\u00fablicos\" width=\"1024\" height=\"1024\" title=\"\"><figcaption class=\"wp-caption-text\">Desenvolvendo Projetos Arquitet\u00f4nicos para Edif\u00edcios P\u00fablicos<\/figcaption><\/figure>\n<p>Hoje em dia, a sustentabilidade \u00e9 uma palavra-chave em qualquer projeto. A efici\u00eancia energ\u00e9tica n\u00e3o \u00e9 apenas uma tend\u00eancia, mas uma necessidade. Utilizar materiais sustent\u00e1veis e t\u00e9cnicas que minimizem o impacto ambiental \u00e9 fundamental para garantir que nossos edif\u00edcios sejam <b>amigos do planeta<\/b>.<\/p>\n<h2>2. Etapas do Planejamento de Projetos<\/h2>\n<p>O planejamento de um projeto arquitet\u00f4nico \u00e9 como montar um quebra-cabe\u00e7a. Cada pe\u00e7a precisa se encaixar perfeitamente para que o resultado final seja harmonioso e funcional. Vamos explorar as etapas desse processo.<\/p>\n<h3>2.1. Levantamento de Necessidades<\/h3>\n<figure style=\"width: 1024px\" class=\"wp-caption aligncenter\"><img decoding=\"async\" src=\"https:\/\/www.aarquiteta.com.br\/blog\/wp-content\/uploads\/2024\/12\/projeto-arquitetonico-edificios-publicos02.jpg\" alt=\"Desenvolvendo Projetos Arquitet\u00f4nicos para Edif\u00edcios P\u00fablicos\" width=\"1024\" height=\"1024\" title=\"\"><figcaption class=\"wp-caption-text\">Desenvolvendo Projetos Arquitet\u00f4nicos para Edif\u00edcios P\u00fablicos<\/figcaption><\/figure>\n<p>Antes de qualquer coisa, \u00e9 preciso entender o que a comunidade realmente precisa. O <b>levantamento de necessidades<\/b> \u00e9 a base de qualquer projeto. Conversar com os moradores, ouvir suas sugest\u00f5es e preocupa\u00e7\u00f5es \u00e9 essencial para criar um espa\u00e7o que atenda \u00e0s expectativas de todos.<\/p>\n<h3>2.2. Estudos de Viabilidade<\/h3>\n<figure style=\"width: 1024px\" class=\"wp-caption aligncenter\"><img decoding=\"async\" src=\"https:\/\/www.aarquiteta.com.br\/blog\/wp-content\/uploads\/2024\/12\/projeto-arquitetonico-edificios-publicos01.jpg\" alt=\"Desenvolvendo Projetos Arquitet\u00f4nicos para Edif\u00edcios P\u00fablicos\" width=\"1024\" height=\"1024\" title=\"\"><figcaption class=\"wp-caption-text\">Desenvolvendo Projetos Arquitet\u00f4nicos para Edif\u00edcios P\u00fablicos<\/figcaption><\/figure>\n<p>Ap\u00f3s entender as necessidades, \u00e9 hora de realizar os <b>estudos de viabilidade<\/b>. Isso envolve analisar o terreno, o or\u00e7amento e as regulamenta\u00e7\u00f5es locais. \u00c9 como fazer uma radiografia do projeto antes de coloc\u00e1-lo em pr\u00e1tica, garantindo que tudo esteja em conformidade.<\/p>\n<h2>3. Normas e Regulamenta\u00e7\u00f5es<\/h2>\n<p>N\u00e3o podemos esquecer que todo projeto deve seguir normas e regulamenta\u00e7\u00f5es. Isso \u00e9 fundamental para garantir a seguran\u00e7a e a acessibilidade dos espa\u00e7os p\u00fablicos.<\/p>\n<h3>3.1. Acessibilidade e Inclus\u00e3o<\/h3>\n<p>A acessibilidade \u00e9 um direito de todos. Projetar espa\u00e7os que sejam <b>acess\u00edveis<\/b> para pessoas com defici\u00eancia \u00e9 uma responsabilidade que n\u00e3o podemos ignorar. Isso inclui rampas, banheiros adaptados e sinaliza\u00e7\u00e3o adequada.<\/p>\n<h3>3.2. Legisla\u00e7\u00e3o Urban\u00edstica<\/h3>\n<figure id=\"attachment_131809\" aria-describedby=\"caption-attachment-131809\" style=\"width: 1280px\" class=\"wp-caption alignnone\"><a href=\"https:\/\/lp.aarquiteta.com.br\/arqprojetos\/\"><img decoding=\"async\" class=\"Aprenda a desenvolver um Projeto Arquitet\u00f4nico completo. Seja estudante ou profissional formado. Clique na imagem. wp-image-131809 size-full\" title=\"Aprenda a desenvolver um Projeto Arquitet\u00f4nico completo. Seja estudante ou profissional formado. Clique na imagem.\" src=\"https:\/\/www.aarquiteta.com.br\/blog\/wp-content\/uploads\/2024\/09\/banner-curso-blog.jpg\" alt=\"banner curso projeto arquitetonico\" width=\"1280\" height=\"720\" \/><\/a><figcaption id=\"caption-attachment-131809\" class=\"wp-caption-text\">Aprenda a desenvolver um Projeto Arquitet\u00f4nico completo. Seja estudante ou profissional formado. Clique na imagem.<\/figcaption><\/figure>\n<p>A legisla\u00e7\u00e3o urban\u00edstica \u00e9 o conjunto de regras que orienta o uso do solo e a constru\u00e7\u00e3o de edifica\u00e7\u00f5es. Conhecer e respeitar essas normas \u00e9 crucial para evitar problemas futuros e garantir que o projeto esteja em conformidade com a lei.<\/p>\n<h2>4. Execu\u00e7\u00e3o do Projeto Arquitet\u00f4nico<\/h2>\n<p>Com o planejamento em m\u00e3os, \u00e9 hora de colocar a m\u00e3o na massa. A execu\u00e7\u00e3o do projeto \u00e9 onde a m\u00e1gica acontece, mas requer aten\u00e7\u00e3o a cada detalhe.<\/p>\n<h3>4.1. Sele\u00e7\u00e3o de Materiais e T\u00e9cnicas<\/h3>\n<p>A escolha dos materiais \u00e9 uma das partes mais importantes da execu\u00e7\u00e3o. Optar por <b>materiais de qualidade<\/b> e que sejam sustent\u00e1veis pode fazer toda a diferen\u00e7a no resultado final e na durabilidade do projeto.<\/p>\n<h3>4.2. Gest\u00e3o de Obras e Cronograma<\/h3>\n<h3>Assista agora a minha recomenda\u00e7\u00e3o de video abaixo sobre o tema que estamos tratando neste artigo:<\/h3>\n<p><div class=\"youtube-embed\" data-video_id=\"bW1D0_r2XNc\"><iframe title=\"Uso de IA em Arquitetura e Design de Interiores. @paulomezzomo\" width=\"696\" height=\"392\" src=\"https:\/\/www.youtube.com\/embed\/bW1D0_r2XNc?feature=oembed&#038;enablejsapi=1\" frameborder=\"0\" allow=\"accelerometer; autoplay; clipboard-write; encrypted-media; gyroscope; picture-in-picture; web-share\" referrerpolicy=\"strict-origin-when-cross-origin\" allowfullscreen><\/iframe><\/div>\n<\/p>\n<p>Gerenciar a obra \u00e9 como ser maestro de uma orquestra. Cada etapa deve ser cuidadosamente planejada e executada dentro do cronograma. A comunica\u00e7\u00e3o entre todos os envolvidos \u00e9 fundamental para evitar atrasos e garantir que tudo saia conforme o planejado.<\/p>\n<h2>5. Manuten\u00e7\u00e3o e Gest\u00e3o de Espa\u00e7os Coletivos<\/h2>\n<p>Ap\u00f3s a conclus\u00e3o do projeto, a responsabilidade n\u00e3o termina. A manuten\u00e7\u00e3o e gest\u00e3o dos espa\u00e7os coletivos s\u00e3o essenciais para garantir que eles continuem a atender \u00e0s necessidades da comunidade.<\/p>\n<h3>5.1. Import\u00e2ncia da Manuten\u00e7\u00e3o Preventiva<\/h3>\n<p>A manuten\u00e7\u00e3o preventiva \u00e9 como um check-up regular. \u00c9 fundamental para evitar problemas maiores no futuro. Um espa\u00e7o bem cuidado \u00e9 um espa\u00e7o que continua a ser utilizado e apreciado pela comunidade.<\/p>\n<h3>5.2. Envolvimento da Comunidade<\/h3>\n<p>Por fim, o envolvimento da comunidade na gest\u00e3o dos espa\u00e7os \u00e9 crucial. Quando as pessoas se sentem parte do processo, elas cuidam melhor do local. Criar um senso de pertencimento \u00e9 fundamental para o sucesso de qualquer projeto.<\/p>\n<h2>6. Exemplos de Projetos Bem-Sucedidos<\/h2>\n<p>Para inspirar e mostrar que \u00e9 poss\u00edvel, vamos explorar alguns exemplos de projetos que se destacaram pela sua qualidade e impacto social.<\/p>\n<h3>6.1. Casos de Sucesso no Brasil<\/h3>\n<p>No Brasil, temos diversos exemplos de projetos que se tornaram refer\u00eancia. Desde pra\u00e7as revitalizadas at\u00e9 centros culturais, esses espa\u00e7os t\u00eam promovido a inclus\u00e3o e a intera\u00e7\u00e3o social.<\/p>\n<h3>6.2. Inova\u00e7\u00f5es em Arquitetura P\u00fablica<\/h3>\n","protected":false},"excerpt":{"rendered":"<p>Saiba mais sobre o planejamento e execu\u00e7\u00e3o de projetos arquitet\u00f4nicos para edif\u00edcios p\u00fablicos e espa\u00e7os coletivos.<\/p>\n","protected":false},"author":102,"featured_media":136484,"comment_status":"closed","ping_status":"closed","sticky":false,"template":"","format":"standard","meta":{"footnotes":""},"categories":[1507,6,35354,15],"tags":[],"class_list":["post-136487","post","type-post","status-publish","format-standard","has-post-thumbnail","category-arquitetura","category-carreira-de-arquitetura","category-desenvolvimento-de-projetos-de-arquitetura","category-projetos-de-arquitetura-como-fazer"],"_wp_attached_file":null,"_wp_attachment_metadata":null,"_wp_attachment_context":null,"_wp_attachment_is_custom_header":null,"geo_longitude":null,"geo_public":null,"geo_latitude":null,"_publicize_done_external":null,"_wpas_done_3897181":null,"publicize_twitter_user":null,"_wpas_done_3897175":null,"_wpas_skip_3897181":null,"_wpas_skip_3897175":null,"_wpas_skip_3924723":null,"_wpas_mess":null,"_wpas_done_3924723":null,"wps_subtitle":"","_links":{"self":[{"href":"https:\/\/www.aarquiteta.com.br\/blog\/wp-json\/wp\/v2\/posts\/136487","targetHints":{"allow":["GET"]}}],"collection":[{"href":"https:\/\/www.aarquiteta.com.br\/blog\/wp-json\/wp\/v2\/posts"}],"about":[{"href":"https:\/\/www.aarquiteta.com.br\/blog\/wp-json\/wp\/v2\/types\/post"}],"author":[{"embeddable":true,"href":"https:\/\/www.aarquiteta.com.br\/blog\/wp-json\/wp\/v2\/users\/102"}],"replies":[{"embeddable":true,"href":"https:\/\/www.aarquiteta.com.br\/blog\/wp-json\/wp\/v2\/comments?post=136487"}],"version-history":[{"count":0,"href":"https:\/\/www.aarquiteta.com.br\/blog\/wp-json\/wp\/v2\/posts\/136487\/revisions"}],"wp:featuredmedia":[{"embeddable":true,"href":"https:\/\/www.aarquiteta.com.br\/blog\/wp-json\/wp\/v2\/media\/136484"}],"wp:attachment":[{"href":"https:\/\/www.aarquiteta.com.br\/blog\/wp-json\/wp\/v2\/media?parent=136487"}],"wp:term":[{"taxonomy":"category","embeddable":true,"href":"https:\/\/www.aarquiteta.com.br\/blog\/wp-json\/wp\/v2\/categories?post=136487"},{"taxonomy":"post_tag","embeddable":true,"href":"https:\/\/www.aarquiteta.com.br\/blog\/wp-json\/wp\/v2\/tags?post=136487"}],"curies":[{"name":"wp","href":"https:\/\/api.w.org\/{rel}","templated":true}]}}