{"id":136374,"date":"2024-12-01T09:32:55","date_gmt":"2024-12-01T12:32:55","guid":{"rendered":"https:\/\/www.aarquiteta.com.br\/blog\/chale-de-madeira-2\/"},"modified":"2024-12-01T09:32:55","modified_gmt":"2024-12-01T12:32:55","slug":"chale-de-madeira-2","status":"publish","type":"post","link":"https:\/\/www.aarquiteta.com.br\/blog\/chale-de-madeira-2\/","title":{"rendered":"Chal\u00e9 de Madeira: 60 Ideias Encantadoras para o Seu Projeto"},"content":{"rendered":"<p><body><\/p>\n<p>Os chal\u00e9s de madeira s\u00e3o verdadeiros ref\u00fagios de conforto e estilo, trazendo um toque r\u00fastico e acolhedor para qualquer ambiente. Com o crescimento da busca por moradias mais pr\u00f3ximas da natureza, esses encantadores chal\u00e9s se tornaram uma escolha popular, principalmente entre os amantes do design e da tranquilidade.<\/p>\n<h2>Introdu\u00e7\u00e3o<\/h2>\n<p>Os chal\u00e9s de madeira, com suas linhas r\u00fasticas e quentinho no cora\u00e7\u00e3o, acabam conquistando o gosto de muitos. Neste artigo, eu quero desbravar as caracter\u00edsticas, as origens, as dicas de constru\u00e7\u00e3o e decora\u00e7\u00e3o desses lares t\u00e3o especiais.<\/p>\n<h2>Hist\u00f3ria e Origem do Chal\u00e9 de Madeira<\/h2>\n<h3>O surgimento nos Alpes Su\u00ed\u00e7os<\/h3>\n<figure style=\"width: 1024px\" class=\"wp-caption aligncenter\"><img decoding=\"async\" src=\"https:\/\/www.aarquiteta.com.br\/blog\/wp-content\/uploads\/2024\/12\/chale-de-madeira01.jpg\" alt=\"Chal\u00e9 de Madeira: 60 Ideias Encantadoras para o Seu Projeto\" width=\"1024\" height=\"1024\" title=\"\"><figcaption class=\"wp-caption-text\">Chal\u00e9 de Madeira: 60 Ideias Encantadoras para o Seu Projeto<\/figcaption><\/figure>\n<p>A hist\u00f3ria dos chal\u00e9s remonta l\u00e1 pros Alpes Su\u00ed\u00e7os, onde pastores, em busca de um lar tempor\u00e1rio, come\u00e7aram a erguer essas constru\u00e7\u00f5es encantadoras. \u00c9, quase como se esses chal\u00e9s fossem os <b>primeiros abra\u00e7os da natureza<\/b> na civiliza\u00e7\u00e3o, n\u00e3o \u00e9 mesmo?<\/p>\n<h3>A evolu\u00e7\u00e3o do chal\u00e9 de madeira<\/h3>\n<figure style=\"width: 1024px\" class=\"wp-caption aligncenter\"><img decoding=\"async\" src=\"https:\/\/www.aarquiteta.com.br\/blog\/wp-content\/uploads\/2024\/12\/chale-de-madeira-1-730x912.jpg\" alt=\"Chal\u00e9 de madeira com \u00e1rea externa e linda vista\" title=\"\"><figcaption class=\"wp-caption-text\">Chal\u00e9 de madeira com \u00e1rea externa e linda vista<\/figcaption><\/figure>\n<p>Com o passar dos anos, os chal\u00e9s de madeira foram se adaptando aos diversos contextos, como camale\u00f5es fashionistas, trocando de pele e estilo conforme a \u00e9poca. <b>Do r\u00fastico ao moderno<\/b>, cada modelo traz consigo um pouco da hist\u00f3ria e das influ\u00eancias culturais que o circundam.<\/p>\n<h2>Principais Caracter\u00edsticas dos Chal\u00e9s de Madeira<\/h2>\n<h3>Conforto e aconchego<\/h3>\n<figure style=\"width: 1024px\" class=\"wp-caption aligncenter\"><img decoding=\"async\" src=\"https:\/\/www.aarquiteta.com.br\/blog\/wp-content\/uploads\/2024\/12\/chale-de-madeira-0.jpg\" alt=\"Chal\u00e9 de madeira com telhado inclinado e fachada encantadora\" title=\"\"><figcaption class=\"wp-caption-text\">Chal\u00e9 de madeira com telhado inclinado e fachada encantadora<\/figcaption><\/figure>\n<p>N\u00e3o tem como negar que o ponto alto dos chal\u00e9s \u00e9 o <b>conforto<\/b>. A sensa\u00e7\u00e3o de estar envolto em madeira, com aquele cheiro caracter\u00edstico, \u00e9 como receber um abra\u00e7o quentinho no inverno.<\/p>\n<h3>Estilo r\u00fastico e moderno<\/h3>\n<figure style=\"width: 1024px\" class=\"wp-caption aligncenter\"><img decoding=\"async\" src=\"https:\/\/www.aarquiteta.com.br\/blog\/wp-content\/uploads\/2024\/12\/chale-de-madeira02.jpg\" alt=\"Chal\u00e9 de Madeira: 60 Ideias Encantadoras para o Seu Projeto\" width=\"1024\" height=\"1024\" title=\"\"><figcaption class=\"wp-caption-text\">Chal\u00e9 de Madeira: 60 Ideias Encantadoras para o Seu Projeto<\/figcaption><\/figure>\n<p>Hoje, os chal\u00e9s n\u00e3o precisam ser apenas r\u00fasticos: eles podem sim incorporar elementos modernos. Imagine uma bela estrutura de madeira casada com grandes janelas de vidro. <b>\u00c9 a combina\u00e7\u00e3o perfeita!<\/b> O r\u00fastico se faz presente, enquanto a modernidade garante ilumina\u00e7\u00e3o e uma bela vista.<\/p>\n<h2>Modelos de Chal\u00e9 de Madeira para se Inspirar<\/h2>\n<h3>Chal\u00e9s tradicionais<\/h3>\n<figure style=\"width: 1024px\" class=\"wp-caption aligncenter\"><img decoding=\"async\" src=\"https:\/\/www.aarquiteta.com.br\/blog\/wp-content\/uploads\/2024\/12\/forro-de-madeira-14-286x160.jpg\" alt=\"Forro de madeira em um ambiente aconchegante\" title=\"\"><figcaption class=\"wp-caption-text\">Forro de madeira em um ambiente aconchegante<\/figcaption><\/figure>\n<p>Os modelos tradicionais s\u00e3o como os velhos amigos, que sempre est\u00e3o l\u00e1 quando precisamos. Geralmente feitos totalmente de madeira, eles trazem um <b>design acolhedor<\/b> e nost\u00e1lgico que nunca sai de moda.<\/p>\n<h3>Chal\u00e9s modernos<\/h3>\n<figure style=\"width: 1024px\" class=\"wp-caption aligncenter\"><img decoding=\"async\" src=\"https:\/\/www.aarquiteta.com.br\/blog\/wp-content\/uploads\/2024\/12\/chale-de-madeira03.jpg\" alt=\"Chal\u00e9 de Madeira: 60 Ideias Encantadoras para o Seu Projeto\" width=\"1024\" height=\"1024\" title=\"\"><figcaption class=\"wp-caption-text\">Chal\u00e9 de Madeira: 60 Ideias Encantadoras para o Seu Projeto<\/figcaption><\/figure>\n<p>Se os tradicionais s\u00e3o reconfortantes, os modernos provocam suspiros. Com o uso de <b>vidro<\/b> e outros materiais, esses chal\u00e9s oferecem uma est\u00e9tica contempor\u00e2nea que atrai olhares. Eles s\u00e3o a prova de que a tradi\u00e7\u00e3o pode coexistir lindamente com a inova\u00e7\u00e3o!<\/p>\n<h2>Como Construir um Chal\u00e9 de Madeira<\/h2>\n<h3>Elementos essenciais da estrutura<\/h3>\n<figure style=\"width: 1024px\" class=\"wp-caption aligncenter\"><img decoding=\"async\" src=\"https:\/\/www.aarquiteta.com.br\/blog\/wp-content\/uploads\/2024\/12\/casa-de-madeira-1-286x160.jpg\" alt=\"Casa de madeira com design r\u00fastico\" title=\"\"><figcaption class=\"wp-caption-text\">Casa de madeira com design r\u00fastico<\/figcaption><\/figure>\n<p>Antes de sair batendo prego, \u00e9 fundamental planejar a estrutura. <b>Desde a funda\u00e7\u00e3o at\u00e9 a cobertura<\/b>, cada etapa deve ser pensada com cuidado. Uma base s\u00f3lida \u00e9 essencial para garantir a durabilidade e a seguran\u00e7a do seu lar.<\/p>\n<h3>V\u00eddeos e tutoriais \u00fateis<\/h3>\n<figure style=\"width: 1024px\" class=\"wp-caption aligncenter\"><img decoding=\"async\" src=\"https:\/\/www.aarquiteta.com.br\/blog\/wp-content\/uploads\/2024\/12\/chale-de-madeira4.jpg\" alt=\"Chal\u00e9 de Madeira: 60 Ideias Encantadoras para o Seu Projeto\" width=\"1024\" height=\"1024\" title=\"\"><figcaption class=\"wp-caption-text\">Chal\u00e9 de Madeira: 60 Ideias Encantadoras para o Seu Projeto<\/figcaption><\/figure>\n<p>Na era digital, o aprendizado fica mais f\u00e1cil! Existem diversos v\u00eddeos e tutoriais que mostram todo o processo de constru\u00e7\u00e3o. <b>Por isso, busque refer\u00eancias e dicas online<\/b> para n\u00e3o errar na hora de erguer suas paredes de madeira.<\/p>\n<h2>Dicas para Decorar seu Chal\u00e9 de Madeira<\/h2>\n<h3>Escolha de cores e materiais<\/h3>\n<figure style=\"width: 1024px\" class=\"wp-caption aligncenter\"><img decoding=\"async\" src=\"https:\/\/www.aarquiteta.com.br\/blog\/wp-content\/uploads\/2024\/12\/casa-de-campo-00-286x160.jpg\" alt=\"Casa de campo com arquitetura charmosa\" title=\"\"><figcaption class=\"wp-caption-text\">Casa de campo com arquitetura charmosa<\/figcaption><\/figure>\n<p>A paleta de cores \u00e9 o que d\u00e1 aquele charme na decora\u00e7\u00e3o. Tons quentes como terracota, combinados com a madeira, criam um ambiente super aconchegante. <b>N\u00e3o tenha medo de inovar!<\/b> Misturar diferentes texturas pode surtir grandes efeitos.<\/p>\n<h3>Aproveitando o espa\u00e7o externo<\/h3>\n<p><iframe title=\"YouTube video player\" src=\"https:\/\/www.youtube.com\/embed\/D_BP8ZYTX3w\" width=\"560\" height=\"315\" frameborder=\"0\" allowfullscreen=\"allowfullscreen\"><\/iframe><\/p>\n<p>A \u00e1rea externa do chal\u00e9 pode ser transformada numa extens\u00e3o da sua casa. <b>Que tal criar um espa\u00e7o com cadeiras confort\u00e1veis e uma churrasqueira?<\/b> \u00c9 o ambiente perfeito para receber amigos e celebrar momentos especiais.<\/p>\n<h2>Conclus\u00e3o<\/h2>\n<p>Os chal\u00e9s de madeira n\u00e3o s\u00e3o apenas uma tend\u00eancia, mas uma escolha que reflete o desejo de viver de forma mais conectada com a natureza e com o aconchego. Com as dicas e inspira\u00e7\u00f5es corretas, qualquer um pode criar um espa\u00e7o \u00fanico e cheio de personalidade que ser\u00e1 um verdadeiro lar.<\/p>\n<p><\/body><\/p>\n<figure style=\"width: 1024px\" class=\"wp-caption aligncenter\"><img decoding=\"async\" src=\"https:\/\/www.aarquiteta.com.br\/blog\/wp-content\/uploads\/2024\/12\/chale-de-madeira-2-730x912.jpg\" alt=\"Chal\u00e9 de madeira confort\u00e1vel em meio \u00e0 natureza\" title=\"\"><figcaption class=\"wp-caption-text\">Chal\u00e9 de madeira confort\u00e1vel em meio \u00e0 natureza<\/figcaption><\/figure>\n","protected":false},"excerpt":{"rendered":"<p>Descubra 60 ideias encantadoras de chal\u00e9s de madeira com dicas e tutoriais para inspirar a constru\u00e7\u00e3o do seu espa\u00e7o aconchegante.<\/p>\n","protected":false},"author":102,"featured_media":136367,"comment_status":"closed","ping_status":"closed","sticky":false,"template":"","format":"standard","meta":{"footnotes":""},"categories":[1507,249],"tags":[],"class_list":["post-136374","post","type-post","status-publish","format-standard","has-post-thumbnail","category-arquitetura","category-engenharia-e-construcao-civil"],"_wp_attached_file":null,"_wp_attachment_metadata":null,"_wp_attachment_context":null,"_wp_attachment_is_custom_header":null,"geo_longitude":null,"geo_public":null,"geo_latitude":null,"_publicize_done_external":null,"_wpas_done_3897181":null,"publicize_twitter_user":null,"_wpas_done_3897175":null,"_wpas_skip_3897181":null,"_wpas_skip_3897175":null,"_wpas_skip_3924723":null,"_wpas_mess":null,"_wpas_done_3924723":null,"wps_subtitle":"","_links":{"self":[{"href":"https:\/\/www.aarquiteta.com.br\/blog\/wp-json\/wp\/v2\/posts\/136374","targetHints":{"allow":["GET"]}}],"collection":[{"href":"https:\/\/www.aarquiteta.com.br\/blog\/wp-json\/wp\/v2\/posts"}],"about":[{"href":"https:\/\/www.aarquiteta.com.br\/blog\/wp-json\/wp\/v2\/types\/post"}],"author":[{"embeddable":true,"href":"https:\/\/www.aarquiteta.com.br\/blog\/wp-json\/wp\/v2\/users\/102"}],"replies":[{"embeddable":true,"href":"https:\/\/www.aarquiteta.com.br\/blog\/wp-json\/wp\/v2\/comments?post=136374"}],"version-history":[{"count":0,"href":"https:\/\/www.aarquiteta.com.br\/blog\/wp-json\/wp\/v2\/posts\/136374\/revisions"}],"wp:featuredmedia":[{"embeddable":true,"href":"https:\/\/www.aarquiteta.com.br\/blog\/wp-json\/wp\/v2\/media\/136367"}],"wp:attachment":[{"href":"https:\/\/www.aarquiteta.com.br\/blog\/wp-json\/wp\/v2\/media?parent=136374"}],"wp:term":[{"taxonomy":"category","embeddable":true,"href":"https:\/\/www.aarquiteta.com.br\/blog\/wp-json\/wp\/v2\/categories?post=136374"},{"taxonomy":"post_tag","embeddable":true,"href":"https:\/\/www.aarquiteta.com.br\/blog\/wp-json\/wp\/v2\/tags?post=136374"}],"curies":[{"name":"wp","href":"https:\/\/api.w.org\/{rel}","templated":true}]}}