{"id":136328,"date":"2024-11-30T10:28:51","date_gmt":"2024-11-30T13:28:51","guid":{"rendered":"https:\/\/www.aarquiteta.com.br\/blog\/plantas-baixas-funcionais\/"},"modified":"2024-11-30T10:28:51","modified_gmt":"2024-11-30T13:28:51","slug":"plantas-baixas-funcionais","status":"publish","type":"post","link":"https:\/\/www.aarquiteta.com.br\/blog\/plantas-baixas-funcionais\/","title":{"rendered":"Como Criar Plantas Baixas Funcionais para Projetos Iniciais"},"content":{"rendered":"<p><body><\/p>\n<p>Aprender a criar plantas baixas funcionais \u00e9 essencial para projetos de arquitetura, pois otimiza o espa\u00e7o, garante conforto e atende \u00e0s necessidades dos usu\u00e1rios.<\/p>\n<h2>Introdu\u00e7\u00e3o<\/h2>\n<p>Ah, o planejamento de uma planta baixa funcional! \u00c9 o primeiro passo e o mais essencial para qualquer projeto de arquitetura. Neste artigo, vou explorar como cada detalhe contribui para o sucesso do seu projeto. Ah, e prepare-se, porque cada espa\u00e7o tamb\u00e9m pode nos contar uma hist\u00f3ria!<\/p>\n<h2>O que s\u00e3o plantas baixas funcionais?<\/h2>\n<p>Voc\u00ea j\u00e1 parou para pensar que as plantas n\u00e3o s\u00e3o apenas rabiscos em uma folha? Uma <b>planta baixa funcional<\/b> vai muito al\u00e9m, priorizando a intera\u00e7\u00e3o dos espa\u00e7os em vez de apenas representar os c\u00f4modos. Ela \u00e9 como um <i>mapa do tesouro<\/i>, mostrando a melhor rota para viver de forma confort\u00e1vel e pr\u00e1tica.<\/p>\n<h2>Elementos essenciais para uma planta baixa funcional<\/h2>\n<h3>1. Circula\u00e7\u00e3o<\/h3>\n<figure style=\"width: 1024px\" class=\"wp-caption aligncenter\"><img decoding=\"async\" src=\"https:\/\/www.aarquiteta.com.br\/blog\/wp-content\/uploads\/2024\/11\/plantas-baixas-funcionais01.jpg\" alt=\"Como Criar Plantas Baixas Funcionais para Projetos Iniciais\" width=\"1024\" height=\"1024\" title=\"\"><figcaption class=\"wp-caption-text\">Como Criar Plantas Baixas Funcionais para Projetos Iniciais<\/figcaption><\/figure>\n<p>Sabe aquele momento em que voc\u00ea tenta passar por um corredor estreito e parece que est\u00e1 no meio de um jogo de Tetris? <b>A circula\u00e7\u00e3o<\/b> \u00e9 fundamental para garantir que os moradores se movam com fluidez. Planejar as rotas de acesso \u00e9 mais do que evitar obstru\u00e7\u00f5es; \u00e9 assegurar que cada espa\u00e7o tenha uma <b>vibe<\/b> \u00fanica, facilitando a vida. E quem n\u00e3o quer um fluxo harmonioso em casa, n\u00e3o \u00e9 mesmo?<\/p>\n<h3>2. Zonas funcionais<\/h3>\n<figure style=\"width: 1024px\" class=\"wp-caption aligncenter\"><img decoding=\"async\" src=\"https:\/\/www.aarquiteta.com.br\/blog\/wp-content\/uploads\/2024\/11\/GettyImages-1473226517.jpg\" alt=\"Imagem relacionada \u00e0 ergonomia na arquitetura de interiores.\" title=\"\"><figcaption class=\"wp-caption-text\">Imagem relacionada \u00e0 ergonomia na arquitetura de interiores.<\/figcaption><\/figure>\n<p>Considero a organiza\u00e7\u00e3o em zonas funcionais como um truque de m\u00e1gica! Cada espa\u00e7o precisa de um prop\u00f3sito claro\u2014sabe, como em um bom show. Dividir a casa em zonas sociais, \u00edntimas e de servi\u00e7o vai otimizar a experi\u00eancia de quem vive ali. A <b>zona social<\/b> precisa receber bem, a <b>zona \u00edntima<\/b> precisa acolher e a <b>zona de servi\u00e7o<\/b> deve ser pr\u00e1tica como um bom truque de culin\u00e1ria em um reality show.<\/p>\n<h3>3. Dimens\u00f5es m\u00ednimas<\/h3>\n<figure style=\"width: 1024px\" class=\"wp-caption aligncenter\"><img decoding=\"async\" src=\"https:\/\/www.aarquiteta.com.br\/blog\/wp-content\/uploads\/2024\/11\/Planta-baixa.jpg\" alt=\"Imagem de uma planta baixa representando a distribui\u00e7\u00e3o de ambientes.\" title=\"\"><figcaption class=\"wp-caption-text\">Imagem de uma planta baixa representando a distribui\u00e7\u00e3o de ambientes.<\/figcaption><\/figure>\n<p>Voc\u00ea j\u00e1 tentou fazer um jantar em uma cozinha onde mal cabem os utens\u00edlios? As <b>dimens\u00f5es m\u00ednimas<\/b> s\u00e3o vitais. Cada espa\u00e7o deve permitir que seus usu\u00e1rios circulem com conforto, e medidas como 90 cm de largura em corredores n\u00e3o s\u00e3o s\u00f3 uma dica de bom senso, s\u00e3o um mantra para a <b>harmonia<\/b> de movimento. Imagine o conforto e a praticidade conquistando espa\u00e7o com voc\u00ea.<\/p>\n<h2>Ferramentas para criar plantas baixas<\/h2>\n<p>Quando se trata de criar plantas baixas, as ferramentas digitais s\u00e3o verdadeiros aliados. Desde softwares simples a solu\u00e7\u00f5es sofisticadas, \u00e9 como ter uma caixa de ferramentas para um mestre artes\u00e3o. Vamos explorar algumas op\u00e7\u00f5es dispon\u00edveis.<\/p>\n<h3>Softwares populares<\/h3>\n<figure style=\"width: 1024px\" class=\"wp-caption aligncenter\"><img decoding=\"async\" src=\"https:\/\/www.aarquiteta.com.br\/blog\/wp-content\/uploads\/2024\/11\/plantas-baixas-funcionais02.jpg\" alt=\"Como Criar Plantas Baixas Funcionais para Projetos Iniciais\" width=\"1024\" height=\"1024\" title=\"\"><figcaption class=\"wp-caption-text\">Como Criar Plantas Baixas Funcionais para Projetos Iniciais<\/figcaption><\/figure>\n<p>Fala-se muito do AutoCAD, mas \u00e9 como se fosse o <b>mestre<\/b> das ferramentas\u2014pode ser um pouco dif\u00edcil, mas com paci\u00eancia, voc\u00ea vai longe. O SketchUp \u00e9 como aquele amigo que te faz rir, oferecendo uma interface intuitiva e visualiza\u00e7\u00f5es 3D. E n\u00e3o podemos esquecer do Floorplanner, ideal para aqueles que est\u00e3o come\u00e7ando! Direto ao ponto, ele \u00e9 como uma <i>receita de bolo<\/i> f\u00e1cil de seguir.<\/p>\n<h2>Como fazer uma planta baixa?<\/h2>\n<p>Ao criar uma planta baixa, \u00e9 como se voc\u00ea estivesse escrevendo a <b>partitura de uma sinfonia<\/b>. Primeiro, um levantamento das necessidades: entenda quem vai utilizar o espa\u00e7o e como. Depois, comece a setoriza\u00e7\u00e3o, criando harmonia entre as zonas. Por fim, revise tudo com um olhar cr\u00edtico para a funcionalidade. Lembre-se, at\u00e9 o \u00faltimo detalhe conta!<\/p>\n<h2>Conclus\u00e3o<\/h2>\n<p>Criar plantas baixas funcionais n\u00e3o \u00e9 apenas um passo, mas a base de um projeto arquitet\u00f4nico bem-sucedido. Lembre-se sempre, cada espa\u00e7o deve contar sua pr\u00f3pria hist\u00f3ria e se adaptar \u00e0s necessidades de quem o utiliza. Quando bem planejadas, as plantas s\u00e3o como uma <b>can\u00e7\u00e3o perfeita<\/b> que transforma um espa\u00e7o em um lar.<\/p>\n<p><\/body><br \/>\n<figure style=\"width: 1024px\" class=\"wp-caption aligncenter\"><img decoding=\"async\" src=\"https:\/\/www.aarquiteta.com.br\/blog\/wp-content\/uploads\/2024\/11\/Elementos-essenciais.jpg\" alt=\"Gr\u00e1fico mostrando os elementos essenciais de uma planta baixa funcional.\" title=\"\"><figcaption class=\"wp-caption-text\">Gr\u00e1fico mostrando os elementos essenciais de uma planta baixa funcional.<\/figcaption><\/figure>\n<figure style=\"width: 1024px\" class=\"wp-caption aligncenter\"><img decoding=\"async\" src=\"https:\/\/www.aarquiteta.com.br\/blog\/wp-content\/uploads\/2024\/11\/plantas-baixas-funcionais03.jpg\" alt=\"Como Criar Plantas Baixas Funcionais para Projetos Iniciais\" width=\"1024\" height=\"1024\" title=\"\"><figcaption class=\"wp-caption-text\">Como Criar Plantas Baixas Funcionais para Projetos Iniciais<\/figcaption><\/figure>\n<figure style=\"width: 1024px\" class=\"wp-caption aligncenter\"><img decoding=\"async\" src=\"https:\/\/www.aarquiteta.com.br\/blog\/wp-content\/uploads\/2024\/11\/Ferramentas.jpg\" alt=\"Ilustra\u00e7\u00e3o das principais ferramentas para cria\u00e7\u00e3o de plantas baixas.\" title=\"\"><figcaption class=\"wp-caption-text\">Ilustra\u00e7\u00e3o das principais ferramentas para cria\u00e7\u00e3o de plantas baixas.<\/figcaption><\/figure>\n<figure style=\"width: 1024px\" class=\"wp-caption aligncenter\"><img decoding=\"async\" src=\"https:\/\/www.aarquiteta.com.br\/blog\/wp-content\/uploads\/2024\/11\/plantas-baixas-funcionais4.jpg\" alt=\"Como Criar Plantas Baixas Funcionais para Projetos Iniciais\" width=\"1024\" height=\"1024\" title=\"\"><figcaption class=\"wp-caption-text\">Como Criar Plantas Baixas Funcionais para Projetos Iniciais<\/figcaption><\/figure>\n<figure style=\"width: 1024px\" class=\"wp-caption aligncenter\"><img decoding=\"async\" src=\"https:\/\/www.aarquiteta.com.br\/blog\/wp-content\/uploads\/2024\/11\/BIM-na-arquitetura.jpg\" alt=\"Visualiza\u00e7\u00f5es do uso de BIM na arquitetura, destacando suas aplica\u00e7\u00f5es.\" title=\"\"><figcaption class=\"wp-caption-text\">Visualiza\u00e7\u00f5es do uso de BIM na arquitetura, destacando suas aplica\u00e7\u00f5es.<\/figcaption><\/figure>\n<p><iframe title=\"YouTube video player\" src=\"https:\/\/www.youtube.com\/embed\/jg6Idku4pDQ\" width=\"560\" height=\"315\" frameborder=\"0\" allowfullscreen=\"allowfullscreen\"><\/iframe><\/p>\n<figure style=\"width: 1024px\" class=\"wp-caption aligncenter\"><img decoding=\"async\" src=\"https:\/\/www.aarquiteta.com.br\/blog\/wp-content\/uploads\/2024\/11\/Portfolio-de-arquitetura.jpg\" alt=\"Exemplo de portf\u00f3lio de arquitetura.\" title=\"\"><figcaption class=\"wp-caption-text\">Exemplo de portf\u00f3lio de arquitetura.<\/figcaption><\/figure>\n","protected":false},"excerpt":{"rendered":"<p>Descubra como elaborar plantas baixas funcionais, otimizando espa\u00e7os e garantindo conforto em projetos de arquitetura com dicas essenciais.<\/p>\n","protected":false},"author":102,"featured_media":136321,"comment_status":"closed","ping_status":"closed","sticky":false,"template":"","format":"standard","meta":{"footnotes":""},"categories":[1507,6,249],"tags":[],"class_list":["post-136328","post","type-post","status-publish","format-standard","has-post-thumbnail","category-arquitetura","category-carreira-de-arquitetura","category-engenharia-e-construcao-civil"],"_wp_attached_file":null,"_wp_attachment_metadata":null,"_wp_attachment_context":null,"_wp_attachment_is_custom_header":null,"geo_longitude":null,"geo_public":null,"geo_latitude":null,"_publicize_done_external":null,"_wpas_done_3897181":null,"publicize_twitter_user":null,"_wpas_done_3897175":null,"_wpas_skip_3897181":null,"_wpas_skip_3897175":null,"_wpas_skip_3924723":null,"_wpas_mess":null,"_wpas_done_3924723":null,"wps_subtitle":"","_links":{"self":[{"href":"https:\/\/www.aarquiteta.com.br\/blog\/wp-json\/wp\/v2\/posts\/136328","targetHints":{"allow":["GET"]}}],"collection":[{"href":"https:\/\/www.aarquiteta.com.br\/blog\/wp-json\/wp\/v2\/posts"}],"about":[{"href":"https:\/\/www.aarquiteta.com.br\/blog\/wp-json\/wp\/v2\/types\/post"}],"author":[{"embeddable":true,"href":"https:\/\/www.aarquiteta.com.br\/blog\/wp-json\/wp\/v2\/users\/102"}],"replies":[{"embeddable":true,"href":"https:\/\/www.aarquiteta.com.br\/blog\/wp-json\/wp\/v2\/comments?post=136328"}],"version-history":[{"count":0,"href":"https:\/\/www.aarquiteta.com.br\/blog\/wp-json\/wp\/v2\/posts\/136328\/revisions"}],"wp:featuredmedia":[{"embeddable":true,"href":"https:\/\/www.aarquiteta.com.br\/blog\/wp-json\/wp\/v2\/media\/136321"}],"wp:attachment":[{"href":"https:\/\/www.aarquiteta.com.br\/blog\/wp-json\/wp\/v2\/media?parent=136328"}],"wp:term":[{"taxonomy":"category","embeddable":true,"href":"https:\/\/www.aarquiteta.com.br\/blog\/wp-json\/wp\/v2\/categories?post=136328"},{"taxonomy":"post_tag","embeddable":true,"href":"https:\/\/www.aarquiteta.com.br\/blog\/wp-json\/wp\/v2\/tags?post=136328"}],"curies":[{"name":"wp","href":"https:\/\/api.w.org\/{rel}","templated":true}]}}