{"id":136229,"date":"2024-11-29T13:10:18","date_gmt":"2024-11-29T16:10:18","guid":{"rendered":"https:\/\/www.aarquiteta.com.br\/blog\/3-cidades-com-referencia-educacao-infantil\/"},"modified":"2024-11-29T13:10:18","modified_gmt":"2024-11-29T16:10:18","slug":"3-cidades-com-referencia-educacao-infantil","status":"publish","type":"post","link":"https:\/\/www.aarquiteta.com.br\/blog\/3-cidades-com-referencia-educacao-infantil\/","title":{"rendered":"3 Cidades Brasileiras que S\u00e3o Refer\u00eancia em Educa\u00e7\u00e3o Infantil"},"content":{"rendered":"<p><body><\/p>\n<p>Descubra tr\u00eas cidades brasileiras que se destacam pela excel\u00eancia em educa\u00e7\u00e3o infantil, oferecendo modelos inovadores e resultados positivos no desenvolvimento das crian\u00e7as.<\/p>\n<h2>Destaques principais<\/h2>\n<ul>\n<li><b>S\u00e3o Paulo<\/b> \u00e9 um exemplo de inova\u00e7\u00e3o e diversidade na educa\u00e7\u00e3o infantil, com programas que promovem a educa\u00e7\u00e3o integral.<\/li>\n<li><b>Curitiba<\/b> se destaca por sua abordagem sustent\u00e1vel, integrando a educa\u00e7\u00e3o ambiental em seus projetos.<\/li>\n<li><b>Florian\u00f3polis<\/b> \u00e9 refer\u00eancia em inclus\u00e3o social, garantindo acessibilidade e forma\u00e7\u00e3o continuada para educadores.<\/li>\n<\/ul>\n<h2>1. S\u00e3o Paulo: Inova\u00e7\u00e3o e Diversidade na Educa\u00e7\u00e3o Infantil<\/h2>\n<p>S\u00e3o Paulo, a maior cidade do Brasil, \u00e9 um verdadeiro <b>laborat\u00f3rio de inova\u00e7\u00f5es<\/b> na educa\u00e7\u00e3o infantil. Aqui, a diversidade cultural se reflete nas pr\u00e1ticas educacionais, criando um ambiente rico para o aprendizado das crian\u00e7as.<\/p>\n<h3>1.1 Programas de Educa\u00e7\u00e3o Integral<\/h3>\n<figure style=\"width: 1024px\" class=\"wp-caption aligncenter\"><img decoding=\"async\" src=\"https:\/\/www.aarquiteta.com.br\/blog\/wp-content\/uploads\/2024\/11\/3-cidades-com-referencia-educacao-infantil04.jpg\" alt=\"3 Cidades Brasileiras que S\u00e3o Refer\u00eancia em Educa\u00e7\u00e3o Infantil\" width=\"1024\" height=\"1024\" title=\"\"><figcaption class=\"wp-caption-text\">3 Cidades Brasileiras que S\u00e3o Refer\u00eancia em Educa\u00e7\u00e3o Infantil<\/figcaption><\/figure>\n<p>Os <b>programas de educa\u00e7\u00e3o integral<\/b> em S\u00e3o Paulo t\u00eam se mostrado eficazes no desenvolvimento das crian\u00e7as. Eles oferecem atividades que v\u00e3o al\u00e9m do curr\u00edculo tradicional, incluindo artes, esportes e tecnologia, promovendo um aprendizado mais completo.<\/p>\n<h3>1.2 Parcerias com Organiza\u00e7\u00f5es N\u00e3o Governamentais<\/h3>\n<figure style=\"width: 1024px\" class=\"wp-caption aligncenter\"><img decoding=\"async\" src=\"https:\/\/www.aarquiteta.com.br\/blog\/wp-content\/uploads\/2024\/11\/3-cidades-com-referencia-educacao-infantil03.jpg\" alt=\"3 Cidades Brasileiras que S\u00e3o Refer\u00eancia em Educa\u00e7\u00e3o Infantil\" width=\"1024\" height=\"1024\" title=\"\"><figcaption class=\"wp-caption-text\">3 Cidades Brasileiras que S\u00e3o Refer\u00eancia em Educa\u00e7\u00e3o Infantil<\/figcaption><\/figure>\n<p>As <b>parcerias com ONGs<\/b> t\u00eam sido fundamentais para a implementa\u00e7\u00e3o de projetos inovadores. Essas organiza\u00e7\u00f5es trazem expertise e recursos que enriquecem a experi\u00eancia educacional, garantindo que as crian\u00e7as tenham acesso a uma educa\u00e7\u00e3o de qualidade.<\/p>\n<h2>2. Curitiba: Refer\u00eancia em Educa\u00e7\u00e3o Infantil Sustent\u00e1vel<\/h2>\n<p>Curitiba \u00e9 conhecida por sua <b>abordagem sustent\u00e1vel<\/b> em diversas \u00e1reas, e a educa\u00e7\u00e3o infantil n\u00e3o \u00e9 exce\u00e7\u00e3o. A cidade tem se destacado por integrar pr\u00e1ticas ambientais em suas escolas, preparando as crian\u00e7as para um futuro mais consciente.<\/p>\n<h3>2.1 Projetos de Educa\u00e7\u00e3o Ambiental<\/h3>\n<figure style=\"width: 1024px\" class=\"wp-caption aligncenter\"><img decoding=\"async\" src=\"https:\/\/www.aarquiteta.com.br\/blog\/wp-content\/uploads\/2024\/11\/3-cidades-com-referencia-educacao-infantil02.jpg\" alt=\"3 Cidades Brasileiras que S\u00e3o Refer\u00eancia em Educa\u00e7\u00e3o Infantil\" width=\"1024\" height=\"1024\" title=\"\"><figcaption class=\"wp-caption-text\">3 Cidades Brasileiras que S\u00e3o Refer\u00eancia em Educa\u00e7\u00e3o Infantil<\/figcaption><\/figure>\n<p>Os <b>projetos de educa\u00e7\u00e3o ambiental<\/b> em Curitiba ensinam as crian\u00e7as sobre a import\u00e2ncia da preserva\u00e7\u00e3o do meio ambiente. Atrav\u00e9s de atividades pr\u00e1ticas, como hortas escolares e passeios ecol\u00f3gicos, os pequenos aprendem a cuidar do planeta desde cedo.<\/p>\n<h3>2.2 Espa\u00e7os de Aprendizagem ao Ar Livre<\/h3>\n<figure style=\"width: 1024px\" class=\"wp-caption aligncenter\"><img decoding=\"async\" src=\"https:\/\/www.aarquiteta.com.br\/blog\/wp-content\/uploads\/2024\/11\/3-cidades-com-referencia-educacao-infantil01.jpg\" alt=\"3 Cidades Brasileiras que S\u00e3o Refer\u00eancia em Educa\u00e7\u00e3o Infantil\" width=\"1024\" height=\"1024\" title=\"\"><figcaption class=\"wp-caption-text\">3 Cidades Brasileiras que S\u00e3o Refer\u00eancia em Educa\u00e7\u00e3o Infantil<\/figcaption><\/figure>\n<p>A cidade tamb\u00e9m investe em <b>espa\u00e7os de aprendizagem ao ar livre<\/b>, onde as crian\u00e7as podem explorar a natureza e aprender de forma l\u00fadica. Esses ambientes estimulam a curiosidade e a criatividade, fundamentais para o desenvolvimento infantil.<\/p>\n<h2>3. Florian\u00f3polis: Educa\u00e7\u00e3o Infantil e Inclus\u00e3o Social<\/h2>\n<p>Florian\u00f3polis \u00e9 um exemplo de como a <b>inclus\u00e3o social<\/b> pode ser integrada \u00e0 educa\u00e7\u00e3o infantil. A cidade tem se esfor\u00e7ado para garantir que todas as crian\u00e7as, independentemente de suas condi\u00e7\u00f5es, tenham acesso a uma educa\u00e7\u00e3o de qualidade.<\/p>\n<h3>3.1 Acessibilidade nas Escolas<\/h3>\n<p style=\"text-align: center;\">[amazon table=&#8221;95688&#8243;]\n[amazon table=&#8221;95718&#8243;]\n[amazon table=&#8221;95741&#8243;]\n<p>A <b>acessibilidade nas escolas<\/b> \u00e9 uma prioridade em Florian\u00f3polis. As institui\u00e7\u00f5es est\u00e3o se adaptando para receber crian\u00e7as com diferentes necessidades, garantindo que todos tenham as mesmas oportunidades de aprendizado.<\/p>\n<h3>3.2 Forma\u00e7\u00e3o Continuada para Educadores<\/h3>\n<h3>Assista agora a minha recomenda\u00e7\u00e3o de video abaixo sobre o tema que estamos tratando neste artigo: <\/h3>\n<p><div class=\"youtube-embed\" data-video_id=\"85_MAvOCELQ\"><iframe title=\"REGI\u00d5ES BRASILEIRAS - EDUCA\u00c7\u00c3O INFANTIL\" width=\"696\" height=\"392\" src=\"https:\/\/www.youtube.com\/embed\/85_MAvOCELQ?feature=oembed&#038;enablejsapi=1\" frameborder=\"0\" allow=\"accelerometer; autoplay; clipboard-write; encrypted-media; gyroscope; picture-in-picture; web-share\" referrerpolicy=\"strict-origin-when-cross-origin\" allowfullscreen><\/iframe><\/div>\n<\/p>\n<p>A <b>forma\u00e7\u00e3o continuada para educadores<\/b> \u00e9 essencial para manter a qualidade do ensino. Em Florian\u00f3polis, os professores recebem capacita\u00e7\u00e3o constante, o que reflete diretamente na qualidade da educa\u00e7\u00e3o oferecida \u00e0s crian\u00e7as.<\/p>\n<h2>Conclus\u00e3o: O Futuro da Educa\u00e7\u00e3o Infantil no Brasil<\/h2>\n<p>O futuro da <b>educa\u00e7\u00e3o infantil no Brasil<\/b> parece promissor, com cidades como S\u00e3o Paulo, Curitiba e Florian\u00f3polis liderando o caminho. Atrav\u00e9s de inova\u00e7\u00f5es, pr\u00e1ticas sustent\u00e1veis e inclus\u00e3o social, essas cidades est\u00e3o moldando um ambiente educacional que beneficia as crian\u00e7as e prepara-as para os desafios do futuro. \u00c9 fundamental que outras cidades sigam esses exemplos, garantindo que todas as crian\u00e7as tenham acesso a uma educa\u00e7\u00e3o de qualidade e que promova seu pleno desenvolvimento.<\/p>\n<p><\/body><\/p>\n","protected":false},"excerpt":{"rendered":"<p>Descubra 3 cidades brasileiras que s\u00e3o refer\u00eancia em educa\u00e7\u00e3o infantil e oferecem \u00f3tima infraestrutura para crian\u00e7as.<\/p>\n","protected":false},"author":102,"featured_media":136226,"comment_status":"closed","ping_status":"closed","sticky":false,"template":"","format":"standard","meta":{"footnotes":""},"categories":[1484,971,18792,18794],"tags":[],"class_list":["post-136229","post","type-post","status-publish","format-standard","has-post-thumbnail","category-decoracao","category-design-de-interiores","category-decoracao-de-apartamento","category-projetos-de-decoracao-de-casas"],"_wp_attached_file":null,"_wp_attachment_metadata":null,"_wp_attachment_context":null,"_wp_attachment_is_custom_header":null,"geo_longitude":null,"geo_public":null,"geo_latitude":null,"_publicize_done_external":null,"_wpas_done_3897181":null,"publicize_twitter_user":null,"_wpas_done_3897175":null,"_wpas_skip_3897181":null,"_wpas_skip_3897175":null,"_wpas_skip_3924723":null,"_wpas_mess":null,"_wpas_done_3924723":null,"wps_subtitle":"","_links":{"self":[{"href":"https:\/\/www.aarquiteta.com.br\/blog\/wp-json\/wp\/v2\/posts\/136229","targetHints":{"allow":["GET"]}}],"collection":[{"href":"https:\/\/www.aarquiteta.com.br\/blog\/wp-json\/wp\/v2\/posts"}],"about":[{"href":"https:\/\/www.aarquiteta.com.br\/blog\/wp-json\/wp\/v2\/types\/post"}],"author":[{"embeddable":true,"href":"https:\/\/www.aarquiteta.com.br\/blog\/wp-json\/wp\/v2\/users\/102"}],"replies":[{"embeddable":true,"href":"https:\/\/www.aarquiteta.com.br\/blog\/wp-json\/wp\/v2\/comments?post=136229"}],"version-history":[{"count":0,"href":"https:\/\/www.aarquiteta.com.br\/blog\/wp-json\/wp\/v2\/posts\/136229\/revisions"}],"wp:featuredmedia":[{"embeddable":true,"href":"https:\/\/www.aarquiteta.com.br\/blog\/wp-json\/wp\/v2\/media\/136226"}],"wp:attachment":[{"href":"https:\/\/www.aarquiteta.com.br\/blog\/wp-json\/wp\/v2\/media?parent=136229"}],"wp:term":[{"taxonomy":"category","embeddable":true,"href":"https:\/\/www.aarquiteta.com.br\/blog\/wp-json\/wp\/v2\/categories?post=136229"},{"taxonomy":"post_tag","embeddable":true,"href":"https:\/\/www.aarquiteta.com.br\/blog\/wp-json\/wp\/v2\/tags?post=136229"}],"curies":[{"name":"wp","href":"https:\/\/api.w.org\/{rel}","templated":true}]}}