{"id":136027,"date":"2024-11-27T21:24:07","date_gmt":"2024-11-28T00:24:07","guid":{"rendered":"https:\/\/www.aarquiteta.com.br\/blog\/5-moveis-multifuncionais\/"},"modified":"2024-11-27T21:24:07","modified_gmt":"2024-11-28T00:24:07","slug":"5-moveis-multifuncionais","status":"publish","type":"post","link":"https:\/\/www.aarquiteta.com.br\/blog\/5-moveis-multifuncionais\/","title":{"rendered":"5 Tipos de M\u00f3veis Multifuncionais para Casas Pequenas"},"content":{"rendered":"<p><body><\/p>\n<p>Descubra como otimizar espa\u00e7os em casas pequenas com m\u00f3veis multifuncionais que oferecem praticidade e estilo, tornando seu lar mais funcional e aconchegante.<\/p>\n<h2>Destaques principais<\/h2>\n<ul>\n<li><b>Sof\u00e1s-Camas:<\/b> Conforto e funcionalidade em um s\u00f3 m\u00f3vel, ideal para receber visitas sem perder espa\u00e7o.<\/li>\n<li><b>Mesas Dobr\u00e1veis:<\/b> Versatilidade que se adapta a qualquer ambiente, permitindo um uso inteligente do espa\u00e7o.<\/li>\n<li><b>Camas com Gavetas:<\/b> Solu\u00e7\u00e3o perfeita para armazenamento, aproveitando cada cent\u00edmetro do quarto.<\/li>\n<\/ul>\n<h2>1. Sof\u00e1s-Camas: Conforto e Praticidade<\/h2>\n<h3>Vantagens do Sof\u00e1-Cama<\/h3>\n<figure style=\"width: 1024px\" class=\"wp-caption aligncenter\"><img decoding=\"async\" src=\"https:\/\/www.aarquiteta.com.br\/blog\/wp-content\/uploads\/2024\/11\/5-moveis-multifuncionais04.jpg\" alt=\"5 Tipos de M\u00f3veis Multifuncionais para Casas Pequenas\" width=\"1024\" height=\"1024\" title=\"\"><figcaption class=\"wp-caption-text\">5 Tipos de M\u00f3veis Multifuncionais para Casas Pequenas<\/figcaption><\/figure>\n<p>Os <b>sof\u00e1s-camas<\/b> s\u00e3o uma excelente op\u00e7\u00e3o para quem vive em espa\u00e7os pequenos. Eles oferecem a possibilidade de ter um lugar confort\u00e1vel para sentar durante o dia e uma cama aconchegante \u00e0 noite. Al\u00e9m disso, s\u00e3o pr\u00e1ticos e vers\u00e1teis, permitindo que voc\u00ea receba amigos e familiares sem precisar de um quarto extra.<\/p>\n<h3>Modelos Populares<\/h3>\n<figure style=\"width: 1024px\" class=\"wp-caption aligncenter\"><img decoding=\"async\" src=\"https:\/\/www.aarquiteta.com.br\/blog\/wp-content\/uploads\/2024\/11\/5-moveis-multifuncionais03.jpg\" alt=\"5 Tipos de M\u00f3veis Multifuncionais para Casas Pequenas\" width=\"1024\" height=\"1024\" title=\"\"><figcaption class=\"wp-caption-text\">5 Tipos de M\u00f3veis Multifuncionais para Casas Pequenas<\/figcaption><\/figure>\n<p>Existem diversos modelos de sof\u00e1s-camas no mercado, desde os mais simples at\u00e9 os mais sofisticados. Alguns dos mais populares incluem:<\/p>\n<ul>\n<li>Sof\u00e1s-camas de canto<\/li>\n<li>Sof\u00e1s-camas retr\u00e1teis<\/li>\n<li>Sof\u00e1s-camas com chaise<\/li>\n<\/ul>\n<h2>2. Mesas Dobr\u00e1veis: Versatilidade em Qualquer Ambiente<\/h2>\n<h3>Tipos de Mesas Dobr\u00e1veis<\/h3>\n<figure style=\"width: 1024px\" class=\"wp-caption aligncenter\"><img decoding=\"async\" src=\"https:\/\/www.aarquiteta.com.br\/blog\/wp-content\/uploads\/2024\/11\/5-moveis-multifuncionais02.jpg\" alt=\"5 Tipos de M\u00f3veis Multifuncionais para Casas Pequenas\" width=\"1024\" height=\"1024\" title=\"\"><figcaption class=\"wp-caption-text\">5 Tipos de M\u00f3veis Multifuncionais para Casas Pequenas<\/figcaption><\/figure>\n<p>As <b>mesas dobr\u00e1veis<\/b> s\u00e3o verdadeiros coringas em casas pequenas. Elas podem ser usadas como mesa de jantar, mesa de trabalho ou at\u00e9 mesmo como mesa de apoio. Existem diversos tipos, como mesas que se dobram ao meio ou mesas que se expandem.<\/p>\n<h3>Como Escolher a Mesa Ideal<\/h3>\n<figure style=\"width: 1024px\" class=\"wp-caption aligncenter\"><img decoding=\"async\" src=\"https:\/\/www.aarquiteta.com.br\/blog\/wp-content\/uploads\/2024\/11\/5-moveis-multifuncionais01.jpg\" alt=\"5 Tipos de M\u00f3veis Multifuncionais para Casas Pequenas\" width=\"1024\" height=\"1024\" title=\"\"><figcaption class=\"wp-caption-text\">5 Tipos de M\u00f3veis Multifuncionais para Casas Pequenas<\/figcaption><\/figure>\n<p>Ao escolher uma mesa dobr\u00e1vel, considere o espa\u00e7o dispon\u00edvel e o uso que voc\u00ea pretende dar. Uma mesa que se adapta ao seu estilo de vida pode fazer toda a diferen\u00e7a na funcionalidade do ambiente.<\/p>\n<h2>3. Camas com Gavetas: Aproveitando o Espa\u00e7o embaixo<\/h2>\n<h3>Benef\u00edcios das Camas com Armazenamento<\/h3>\n<p style=\"text-align: center;\">[amazon table=&#8221;82974&#8243;]\n<p>As <b>camas com gavetas<\/b> s\u00e3o uma solu\u00e7\u00e3o inteligente para quem precisa de mais espa\u00e7o de armazenamento. Elas permitem que voc\u00ea guarde roupas de cama, roupas de inverno ou at\u00e9 mesmo cal\u00e7ados, tudo de forma organizada e discreta.<\/p>\n<h3>Estilos e Materiais<\/h3>\n<h3>Assista agora a minha recomenda\u00e7\u00e3o de video abaixo sobre o tema que estamos tratando neste artigo: <\/h3>\n<p><div class=\"youtube-embed\" data-video_id=\"h6bRzIG8zZQ\"><iframe title=\"5 Ideias de m\u00f3veis multifuncionais para espa\u00e7os reduzidos! | DESIGN DE INTERIORES #shorts\" width=\"696\" height=\"392\" src=\"https:\/\/www.youtube.com\/embed\/h6bRzIG8zZQ?feature=oembed&#038;enablejsapi=1\" frameborder=\"0\" allow=\"accelerometer; autoplay; clipboard-write; encrypted-media; gyroscope; picture-in-picture; web-share\" referrerpolicy=\"strict-origin-when-cross-origin\" allowfullscreen><\/iframe><\/div>\n<\/p>\n<p>Essas camas est\u00e3o dispon\u00edveis em diversos estilos e materiais, desde madeira at\u00e9 MDF, permitindo que voc\u00ea escolha a que melhor se adapta \u00e0 sua decora\u00e7\u00e3o.<\/p>\n<h2>4. Estantes Modulares: Personaliza\u00e7\u00e3o e Funcionalidade<\/h2>\n<h3>Como Montar sua Estante Modular<\/h3>\n<p>As <b>estantes modulares<\/b> s\u00e3o perfeitas para quem deseja personalizar o espa\u00e7o. Elas podem ser montadas de acordo com suas necessidades, permitindo que voc\u00ea crie um ambiente \u00fanico e funcional.<\/p>\n<h3>Ideias de Decora\u00e7\u00e3o<\/h3>\n<p>Use as estantes para exibir livros, plantas e objetos decorativos. Isso n\u00e3o s\u00f3 otimiza o espa\u00e7o, mas tamb\u00e9m traz personalidade ao ambiente.<\/p>\n<h2>5. Pufes com Armazenamento: Estilo e Organiza\u00e7\u00e3o<\/h2>\n<h3>Usos Criativos para Pufes<\/h3>\n<p>Os <b>pufes com armazenamento<\/b> s\u00e3o uma \u00f3tima maneira de adicionar assentos extras sem ocupar muito espa\u00e7o. Eles podem ser usados como mesas de apoio ou at\u00e9 mesmo como apoio para os p\u00e9s.<\/p>\n<h3>Escolhendo o Pufe Certo<\/h3>\n<p>Ao escolher um pufe, considere o material e a cor que melhor se encaixam na sua decora\u00e7\u00e3o. Um pufe bem escolhido pode ser um verdadeiro destaque no ambiente.<\/p>\n<h2>Conclus\u00e3o: A Import\u00e2ncia dos M\u00f3veis Multifuncionais<\/h2>\n<p>Em resumo, os <b>m\u00f3veis multifuncionais<\/b> s\u00e3o essenciais para otimizar espa\u00e7os pequenos. Eles n\u00e3o apenas oferecem praticidade, mas tamb\u00e9m ajudam a manter a organiza\u00e7\u00e3o e a est\u00e9tica do ambiente. Ao escolher os m\u00f3veis certos, voc\u00ea pode transformar sua casa em um lar aconchegante e funcional, aproveitando cada cent\u00edmetro dispon\u00edvel. Portanto, ao planejar sua decora\u00e7\u00e3o, lembre-se da import\u00e2ncia de investir em pe\u00e7as que atendam \u00e0s suas necessidades e que tragam conforto ao seu dia a dia.<\/p>\n<p><\/body><\/p>\n","protected":false},"excerpt":{"rendered":"<p>Descubra 5 m\u00f3veis multifuncionais ideais para otimizar espa\u00e7os pequenos.<\/p>\n","protected":false},"author":102,"featured_media":136024,"comment_status":"closed","ping_status":"closed","sticky":false,"template":"","format":"standard","meta":{"footnotes":""},"categories":[1484,971,18792,18794],"tags":[],"class_list":["post-136027","post","type-post","status-publish","format-standard","has-post-thumbnail","category-decoracao","category-design-de-interiores","category-decoracao-de-apartamento","category-projetos-de-decoracao-de-casas"],"_wp_attached_file":null,"_wp_attachment_metadata":null,"_wp_attachment_context":null,"_wp_attachment_is_custom_header":null,"geo_longitude":null,"geo_public":null,"geo_latitude":null,"_publicize_done_external":null,"_wpas_done_3897181":null,"publicize_twitter_user":null,"_wpas_done_3897175":null,"_wpas_skip_3897181":null,"_wpas_skip_3897175":null,"_wpas_skip_3924723":null,"_wpas_mess":null,"_wpas_done_3924723":null,"wps_subtitle":"","_links":{"self":[{"href":"https:\/\/www.aarquiteta.com.br\/blog\/wp-json\/wp\/v2\/posts\/136027","targetHints":{"allow":["GET"]}}],"collection":[{"href":"https:\/\/www.aarquiteta.com.br\/blog\/wp-json\/wp\/v2\/posts"}],"about":[{"href":"https:\/\/www.aarquiteta.com.br\/blog\/wp-json\/wp\/v2\/types\/post"}],"author":[{"embeddable":true,"href":"https:\/\/www.aarquiteta.com.br\/blog\/wp-json\/wp\/v2\/users\/102"}],"replies":[{"embeddable":true,"href":"https:\/\/www.aarquiteta.com.br\/blog\/wp-json\/wp\/v2\/comments?post=136027"}],"version-history":[{"count":0,"href":"https:\/\/www.aarquiteta.com.br\/blog\/wp-json\/wp\/v2\/posts\/136027\/revisions"}],"wp:featuredmedia":[{"embeddable":true,"href":"https:\/\/www.aarquiteta.com.br\/blog\/wp-json\/wp\/v2\/media\/136024"}],"wp:attachment":[{"href":"https:\/\/www.aarquiteta.com.br\/blog\/wp-json\/wp\/v2\/media?parent=136027"}],"wp:term":[{"taxonomy":"category","embeddable":true,"href":"https:\/\/www.aarquiteta.com.br\/blog\/wp-json\/wp\/v2\/categories?post=136027"},{"taxonomy":"post_tag","embeddable":true,"href":"https:\/\/www.aarquiteta.com.br\/blog\/wp-json\/wp\/v2\/tags?post=136027"}],"curies":[{"name":"wp","href":"https:\/\/api.w.org\/{rel}","templated":true}]}}