{"id":135937,"date":"2024-11-26T20:32:04","date_gmt":"2024-11-26T23:32:04","guid":{"rendered":"https:\/\/www.aarquiteta.com.br\/blog\/4-hortas-verticais-pequeno-espaco\/"},"modified":"2024-11-26T20:32:04","modified_gmt":"2024-11-26T23:32:04","slug":"4-hortas-verticais-pequeno-espaco","status":"publish","type":"post","link":"https:\/\/www.aarquiteta.com.br\/blog\/4-hortas-verticais-pequeno-espaco\/","title":{"rendered":"4 Ideias de Hortas Verticais para Quem Tem Pouco Espa\u00e7o"},"content":{"rendered":"<p><body><\/p>\n<p>Descubra como cultivar sua pr\u00f3pria horta vertical mesmo em espa\u00e7os pequenos! Aprenda 4 ideias pr\u00e1ticas e criativas para aproveitar cada cantinho da sua casa e ter ervas e vegetais frescos \u00e0 m\u00e3o.<\/p>\n<h2>Destaques principais<\/h2>\n<ul>\n<li><b>Horta Vertical em Paletes:<\/b> Aprenda a transformar paletes em uma horta vertical funcional e estilosa.<\/li>\n<li><b>Jardins Verticais com Vasos Suspensos:<\/b> Descubra como utilizar vasos suspensos para otimizar o espa\u00e7o e embelezar sua casa.<\/li>\n<li><b>Horta Vertical com Garrafas PET:<\/b> Conhe\u00e7a a t\u00e9cnica de reciclagem criativa para cultivar suas plantas de forma sustent\u00e1vel.<\/li>\n<\/ul>\n<h2>1. Horta Vertical em Paletes<\/h2>\n<h3>1.1 Materiais Necess\u00e1rios<\/h3>\n<figure style=\"width: 1024px\" class=\"wp-caption aligncenter\"><img decoding=\"async\" src=\"https:\/\/www.aarquiteta.com.br\/blog\/wp-content\/uploads\/2024\/11\/4-hortas-verticais-pequeno-espaco04.jpg\" alt=\"4 Ideias de Hortas Verticais para Quem Tem Pouco Espa\u00e7o\" width=\"1024\" height=\"1024\" title=\"\"><figcaption class=\"wp-caption-text\">4 Ideias de Hortas Verticais para Quem Tem Pouco Espa\u00e7o<\/figcaption><\/figure>\n<p>Para criar uma <b>horta vertical em paletes<\/b>, voc\u00ea vai precisar de:<\/p>\n<ul>\n<li>Um palete de madeira<\/li>\n<li>Terra para plantio<\/li>\n<li>Plantas ou sementes de sua escolha<\/li>\n<li>Fita adesiva ou tela para proteger a madeira<\/li>\n<\/ul>\n<h3>1.2 Passo a Passo para Montagem<\/h3>\n<figure style=\"width: 1024px\" class=\"wp-caption aligncenter\"><img decoding=\"async\" src=\"https:\/\/www.aarquiteta.com.br\/blog\/wp-content\/uploads\/2024\/11\/4-hortas-verticais-pequeno-espaco03.jpg\" alt=\"4 Ideias de Hortas Verticais para Quem Tem Pouco Espa\u00e7o\" width=\"1024\" height=\"1024\" title=\"\"><figcaption class=\"wp-caption-text\">4 Ideias de Hortas Verticais para Quem Tem Pouco Espa\u00e7o<\/figcaption><\/figure>\n<p>Primeiro, <b>limpe o palete<\/b> e aplique a fita adesiva ou tela para evitar que a terra caia. Em seguida, preencha os espa\u00e7os com terra e plante suas ervas ou vegetais. Por fim, fixe o palete na parede ou em um local que receba luz solar.<\/p>\n<h2>2. Jardins Verticais com Vasos Suspensos<\/h2>\n<h3>2.1 Escolha dos Vasos<\/h3>\n<figure style=\"width: 1024px\" class=\"wp-caption aligncenter\"><img decoding=\"async\" src=\"https:\/\/www.aarquiteta.com.br\/blog\/wp-content\/uploads\/2024\/11\/4-hortas-verticais-pequeno-espaco02.jpg\" alt=\"4 Ideias de Hortas Verticais para Quem Tem Pouco Espa\u00e7o\" width=\"1024\" height=\"1024\" title=\"\"><figcaption class=\"wp-caption-text\">4 Ideias de Hortas Verticais para Quem Tem Pouco Espa\u00e7o<\/figcaption><\/figure>\n<p>Os <b>vasos suspensos<\/b> s\u00e3o uma \u00f3tima op\u00e7\u00e3o para quem quer economizar espa\u00e7o. Escolha vasos de diferentes tamanhos e materiais, como cer\u00e2mica ou pl\u00e1stico, que combinem com a decora\u00e7\u00e3o do seu ambiente.<\/p>\n<h3>2.2 Como Fixar os Vasos na Parede<\/h3>\n<figure style=\"width: 1024px\" class=\"wp-caption aligncenter\"><img decoding=\"async\" src=\"https:\/\/www.aarquiteta.com.br\/blog\/wp-content\/uploads\/2024\/11\/4-hortas-verticais-pequeno-espaco01.jpg\" alt=\"4 Ideias de Hortas Verticais para Quem Tem Pouco Espa\u00e7o\" width=\"1024\" height=\"1024\" title=\"\"><figcaption class=\"wp-caption-text\">4 Ideias de Hortas Verticais para Quem Tem Pouco Espa\u00e7o<\/figcaption><\/figure>\n<p>Utilize suportes de parede ou prateleiras para fixar os vasos. Certifique-se de que est\u00e3o bem seguros e que a parede suporta o peso. <b>Organize os vasos<\/b> de forma que as plantas maiores fiquem embaixo e as menores em cima, garantindo que todas recebam luz.<\/p>\n<h2>3. Horta Vertical com Garrafas PET<\/h2>\n<h3>3.1 Reciclagem Criativa<\/h3>\n<p style=\"text-align: center;\">[amazon table=&#8221;88350&#8243;]\n<p>As <b>garrafas PET<\/b> s\u00e3o uma excelente maneira de reciclar e cultivar suas plantas. Corte a parte superior da garrafa e fa\u00e7a furos no fundo para drenagem. Encha com terra e plante suas sementes.<\/p>\n<h3>3.2 Plantio e Cuidados<\/h3>\n<h3>Assista agora a minha recomenda\u00e7\u00e3o de video abaixo sobre o tema que estamos tratando neste artigo: <\/h3>\n<p><div class=\"youtube-embed\" data-video_id=\"hCn5-ZCoxjk\"><iframe title=\"35 Hortas Maravilhosas para Voc\u00ea se Inspirar e Fazer a Sua! Garden models\" width=\"696\" height=\"392\" src=\"https:\/\/www.youtube.com\/embed\/hCn5-ZCoxjk?feature=oembed&#038;enablejsapi=1\" frameborder=\"0\" allow=\"accelerometer; autoplay; clipboard-write; encrypted-media; gyroscope; picture-in-picture; web-share\" referrerpolicy=\"strict-origin-when-cross-origin\" allowfullscreen><\/iframe><\/div>\n<\/p>\n<p>Coloque as garrafas em uma parede ou em um suporte. Lembre-se de regar regularmente e garantir que as plantas recebam luz solar. <b>Essa t\u00e9cnica<\/b> \u00e9 n\u00e3o s\u00f3 sustent\u00e1vel, mas tamb\u00e9m muito charmosa!<\/p>\n<h2>4. Estruturas de Ferro ou Madeira<\/h2>\n<h3>4.1 Tipos de Estruturas<\/h3>\n<p>Voc\u00ea pode optar por estruturas de <b>ferro ou madeira<\/b> para criar uma horta vertical mais robusta. Essas estruturas podem ser compradas ou feitas sob medida, dependendo do seu estilo e espa\u00e7o dispon\u00edvel.<\/p>\n<h3>4.2 Plantas Ideais para Este Tipo de Horta<\/h3>\n<p>As plantas que se adaptam melhor a essas estruturas incluem <b>ervas arom\u00e1ticas<\/b> como manjeric\u00e3o, alecrim e salsinha, al\u00e9m de vegetais como alface e morangos. Escolha plantas que se desenvolvam bem em ambientes verticais.<\/p>\n<h2>Conclus\u00e3o<\/h2>\n<p>Cultivar uma <b>horta vertical<\/b> \u00e9 uma maneira pr\u00e1tica e criativa de aproveitar espa\u00e7os pequenos, al\u00e9m de trazer frescor e sabor para sua casa. Com as dicas apresentadas, voc\u00ea pode come\u00e7ar a sua pr\u00f3pria horta e desfrutar de ervas e vegetais frescos a qualquer momento. N\u00e3o perca a oportunidade de transformar seu lar em um espa\u00e7o verde e acolhedor!<\/p>\n<p><\/body><\/p>\n","protected":false},"excerpt":{"rendered":"<p>Saiba como criar hortas verticais com 4 ideias para pequenos espa\u00e7os.<\/p>\n","protected":false},"author":102,"featured_media":135934,"comment_status":"closed","ping_status":"closed","sticky":false,"template":"","format":"standard","meta":{"footnotes":""},"categories":[1484,971,18792,18794],"tags":[],"class_list":["post-135937","post","type-post","status-publish","format-standard","has-post-thumbnail","category-decoracao","category-design-de-interiores","category-decoracao-de-apartamento","category-projetos-de-decoracao-de-casas"],"_wp_attached_file":null,"_wp_attachment_metadata":null,"_wp_attachment_context":null,"_wp_attachment_is_custom_header":null,"geo_longitude":null,"geo_public":null,"geo_latitude":null,"_publicize_done_external":null,"_wpas_done_3897181":null,"publicize_twitter_user":null,"_wpas_done_3897175":null,"_wpas_skip_3897181":null,"_wpas_skip_3897175":null,"_wpas_skip_3924723":null,"_wpas_mess":null,"_wpas_done_3924723":null,"wps_subtitle":"","_links":{"self":[{"href":"https:\/\/www.aarquiteta.com.br\/blog\/wp-json\/wp\/v2\/posts\/135937","targetHints":{"allow":["GET"]}}],"collection":[{"href":"https:\/\/www.aarquiteta.com.br\/blog\/wp-json\/wp\/v2\/posts"}],"about":[{"href":"https:\/\/www.aarquiteta.com.br\/blog\/wp-json\/wp\/v2\/types\/post"}],"author":[{"embeddable":true,"href":"https:\/\/www.aarquiteta.com.br\/blog\/wp-json\/wp\/v2\/users\/102"}],"replies":[{"embeddable":true,"href":"https:\/\/www.aarquiteta.com.br\/blog\/wp-json\/wp\/v2\/comments?post=135937"}],"version-history":[{"count":0,"href":"https:\/\/www.aarquiteta.com.br\/blog\/wp-json\/wp\/v2\/posts\/135937\/revisions"}],"wp:featuredmedia":[{"embeddable":true,"href":"https:\/\/www.aarquiteta.com.br\/blog\/wp-json\/wp\/v2\/media\/135934"}],"wp:attachment":[{"href":"https:\/\/www.aarquiteta.com.br\/blog\/wp-json\/wp\/v2\/media?parent=135937"}],"wp:term":[{"taxonomy":"category","embeddable":true,"href":"https:\/\/www.aarquiteta.com.br\/blog\/wp-json\/wp\/v2\/categories?post=135937"},{"taxonomy":"post_tag","embeddable":true,"href":"https:\/\/www.aarquiteta.com.br\/blog\/wp-json\/wp\/v2\/tags?post=135937"}],"curies":[{"name":"wp","href":"https:\/\/api.w.org\/{rel}","templated":true}]}}