{"id":135913,"date":"2024-11-26T16:10:38","date_gmt":"2024-11-26T19:10:38","guid":{"rendered":"https:\/\/www.aarquiteta.com.br\/blog\/torre-quente\/"},"modified":"2024-11-26T16:10:38","modified_gmt":"2024-11-26T19:10:38","slug":"torre-quente","status":"publish","type":"post","link":"https:\/\/www.aarquiteta.com.br\/blog\/torre-quente\/","title":{"rendered":"Torre Quente: Como Incorporar Esse Item na Sua Cozinha 10"},"content":{"rendered":"<p><body><\/p>\n<p>A torre quente \u00e9 uma excelente adi\u00e7\u00e3o \u00e0 cozinha, proporcionando funcionalidades que garantem n\u00e3o s\u00f3 efici\u00eancia no espa\u00e7o, mas tamb\u00e9m um toque sofisticado. Vamos explorar tudo sobre este recurso inovador e como ele melhora a experi\u00eancia culin\u00e1ria!<\/p>\n<h2>Principais T\u00f3picos Abordados<\/h2>\n<ul>\n<li><b>O que \u00e9 Torre Quente?<\/b> &#8211; Entenda a defini\u00e7\u00e3o e a import\u00e2ncia deste elemento na cozinha moderna.<\/li>\n<li><b>Vantagens<\/b> &#8211; Descubra como a torre quente transforma a experi\u00eancia de cozinhar, oferecendo praticidade e estilo.<\/li>\n<li><b>Tipos Dispon\u00edveis<\/b> &#8211; Conhe\u00e7a os diferentes modelos e suas funcionalidades.<\/li>\n<li><b>Instala\u00e7\u00e3o<\/b> &#8211; Um guia detalhado sobre como instalar sua torre quente corretamente.<\/li>\n<li><b>Erros Comuns<\/b> &#8211; Evite os principais deslizes que podem ocorrer na instala\u00e7\u00e3o e uso.<\/li>\n<li><b>Decora\u00e7\u00e3o e Personaliza\u00e7\u00e3o<\/b> &#8211; Dicas para alinhar a torre quente ao estilo da sua cozinha.<\/li>\n<li><b>Conclus\u00e3o<\/b> &#8211; A import\u00e2ncia de investir em uma torre quente funcional e estilosa.<\/li>\n<\/ul>\n<h2>O que \u00e9 Torre Quente?<\/h2>\n<p>A <b>torre quente<\/b> \u00e9 uma estrutura projetada para acomodar fornos, micro-ondas e outros eletrodom\u00e9sticos, de forma a organizar e otimizar o espa\u00e7o da cozinha. Este conceito \u00e9 inovador, pois permite que os aparelhos fiquem em uma altura acess\u00edvel, evitando a necessidade de agachar ou esticar-se em busca de um utens\u00edlio. Isso n\u00e3o s\u00f3 proporciona uma experi\u00eancia mais confort\u00e1vel ao cozinhar, mas tamb\u00e9m moderniza o visual do ambiente.<\/p>\n<h2>Vantagens da Torre Quente<\/h2>\n<h3>Praticidade no Cozinhar<\/h3>\n<figure style=\"width: 1024px\" class=\"wp-caption aligncenter\"><img decoding=\"async\" src=\"https:\/\/www.aarquiteta.com.br\/blog\/wp-content\/uploads\/2024\/11\/cozinha-americana-pequena-00-286x160.jpg\" alt=\"Perfeito: pense na altura ideal para os eletrodom\u00e9sticos.\" title=\"\"><figcaption class=\"wp-caption-text\">Perfeito: pense na altura ideal para os eletrodom\u00e9sticos.<\/figcaption><\/figure>\n<p>Quando eu falo em <b>praticidade<\/b>, me refiro a como a torre quente melhora o fluxo de trabalho na cozinha. Com todos os eletrodom\u00e9sticos \u00e0 m\u00e3o, desde a hora de preparar um prato at\u00e9 a hora de assar, tudo fica mais f\u00e1cil. Imagine n\u00e3o ter que correr pela cozinha para pegar o micro-ondas ou o forno. \u00c9 uma <i>m\u00e3o na roda<\/i>!<\/p>\n<h3>Estilo e Integra\u00e7\u00e3o<\/h3>\n<figure style=\"width: 1024px\" class=\"wp-caption aligncenter\"><img decoding=\"async\" src=\"https:\/\/www.aarquiteta.com.br\/blog\/wp-content\/uploads\/2024\/11\/torre-quente01.jpg\" alt=\"Torre Quente: Como Incorporar Esse Item na Sua Cozinha\" width=\"1024\" height=\"1024\" title=\"\"><figcaption class=\"wp-caption-text\">Torre Quente: Como Incorporar Esse Item na Sua Cozinha<\/figcaption><\/figure>\n<p>Outro ponto positivo \u00e9 que a torre quente se adapta facilmente ao estilo decorativo da sua cozinha. Quer voc\u00ea tenha uma est\u00e9tica minimalista, r\u00fastica ou moderna, <b>ela se integra<\/b> perfeitamente. S\u00e3o diversas op\u00e7\u00f5es de acabamentos e cores que complementam a decora\u00e7\u00e3o, criando um ambiente harmonioso e acolhedor.<\/p>\n<h2>Tipos de Torre Quente<\/h2>\n<p>Existem v\u00e1rios <b>tipos de torres quentes<\/b> no mercado, cada uma com suas caracter\u00edsticas \u00fanicas. Algumas s\u00e3o projetadas para embutir o forno e o micro-ondas, j\u00e1 outras oferecem prateleiras adicionais para armazenamento. A escolha vai depender do espa\u00e7o na sua cozinha e das suas necessidades espec\u00edficas.<\/p>\n<h2>Como Instalar uma Torre Quente<\/h2>\n<h3>Passo a Passo de Instala\u00e7\u00e3o<\/h3>\n<figure style=\"width: 1024px\" class=\"wp-caption aligncenter\"><img decoding=\"async\" src=\"https:\/\/www.aarquiteta.com.br\/blog\/wp-content\/uploads\/2024\/11\/torre-quente-0.jpg\" alt=\"As torres quentes s\u00e3o \u00f3timas para aproveitar o espa\u00e7o da cozinha.\" title=\"\"><figcaption class=\"wp-caption-text\">As torres quentes s\u00e3o \u00f3timas para aproveitar o espa\u00e7o da cozinha.<\/figcaption><\/figure>\n<p>Instalar uma torre quente pode parecer uma tarefa complicada, mas com um bom <b>passo a passo<\/b>, o processo se torna tranquilo. Primeiro, voc\u00ea deve escolher o local ideal, garantindo que haja acesso a tomadas pr\u00f3ximas. Depois, monte a estrutura seguindo as instru\u00e7\u00f5es do fabricante, sempre utilizando ferramentas apropriadas. Lembre-se de medir os espa\u00e7os para evitar surpresas!<\/p>\n<h3>Erros Comuns a Evitar<\/h3>\n<figure style=\"width: 1024px\" class=\"wp-caption aligncenter\"><img decoding=\"async\" src=\"https:\/\/www.aarquiteta.com.br\/blog\/wp-content\/uploads\/2024\/11\/torre-quente02.jpg\" alt=\"Torre Quente: Como Incorporar Esse Item na Sua Cozinha\" width=\"1024\" height=\"1024\" title=\"\"><figcaption class=\"wp-caption-text\">Torre Quente: Como Incorporar Esse Item na Sua Cozinha<\/figcaption><\/figure>\n<p>Um dos grandes erros que podem ocorrer \u00e9 n\u00e3o considerar a ventila\u00e7\u00e3o adequada para os aparelhos. Isso pode resultar em superaquecimento e danos aos eletrodom\u00e9sticos. Outro deslize comum \u00e9 subestimar a altura em que a torre ser\u00e1 instalada. Pode parecer divertido quando se est\u00e1 montando, mas pense bem na <b>ergonomia<\/b> e facilidade de uso a longo prazo!<\/p>\n<h2>Decora\u00e7\u00e3o e Personaliza\u00e7\u00e3o<\/h2>\n<p>Personalizar sua torre quente \u00e9 uma \u00f3tima maneira de torn\u00e1-la um ponto focal da sua cozinha. Utilize <b>cores e acabamentos<\/b> que dialoguem com os outros elementos do ambiente, como o balc\u00e3o, o piso e os arm\u00e1rios. Adicionar detalhes como prateleiras de cristaleira ou ilumina\u00e7\u00e3o embutida pode fazer toda a diferen\u00e7a no visual e na funcionalidade.<\/p>\n<h2>Conclus\u00e3o<\/h2>\n<p>Investir em uma torre quente \u00e9, sem d\u00favida, uma decis\u00e3o que agrega valor \u00e0 sua cozinha e \u00e0 sua rotina. Al\u00e9m da praticidade, ela traz um toque <b>elegante<\/b> e moderno ao espa\u00e7o. Com tantas op\u00e7\u00f5es e estilos dispon\u00edveis, voc\u00ea certamente encontrar\u00e1 a torre quente perfeita para seu lar!<\/p>\n<p><\/body><br \/>\n<figure style=\"width: 1024px\" class=\"wp-caption aligncenter\"><img decoding=\"async\" src=\"https:\/\/www.aarquiteta.com.br\/blog\/wp-content\/uploads\/2024\/11\/torre-quente-001-961x1200.jpg\" alt=\"Esse estilo \u00e9 ideal para quem tem cozinhas pequenas.\" title=\"\"><figcaption class=\"wp-caption-text\">Esse estilo \u00e9 ideal para quem tem cozinhas pequenas.<\/figcaption><\/figure>\n<figure style=\"width: 1024px\" class=\"wp-caption aligncenter\"><img decoding=\"async\" src=\"https:\/\/www.aarquiteta.com.br\/blog\/wp-content\/uploads\/2024\/11\/torre-quente03.jpg\" alt=\"Torre Quente: Como Incorporar Esse Item na Sua Cozinha\" width=\"1024\" height=\"1024\" title=\"\"><figcaption class=\"wp-caption-text\">Torre Quente: Como Incorporar Esse Item na Sua Cozinha<\/figcaption><\/figure>\n<figure style=\"width: 1024px\" class=\"wp-caption aligncenter\"><img decoding=\"async\" src=\"https:\/\/www.aarquiteta.com.br\/blog\/wp-content\/uploads\/2024\/11\/torre-quente-02.jpg\" alt=\"Perfeito para ambientes que precisam de muitos eletrodom\u00e9sticos.\" title=\"\"><figcaption class=\"wp-caption-text\">Perfeito para ambientes que precisam de muitos eletrodom\u00e9sticos.<\/figcaption><\/figure>\n<figure style=\"width: 1024px\" class=\"wp-caption aligncenter\"><img decoding=\"async\" src=\"https:\/\/www.aarquiteta.com.br\/blog\/wp-content\/uploads\/2024\/11\/torre-quente4.jpg\" alt=\"Torre Quente: Como Incorporar Esse Item na Sua Cozinha\" width=\"1024\" height=\"1024\" title=\"\"><figcaption class=\"wp-caption-text\">Torre Quente: Como Incorporar Esse Item na Sua Cozinha<\/figcaption><\/figure>\n<figure style=\"width: 1024px\" class=\"wp-caption aligncenter\"><img decoding=\"async\" src=\"https:\/\/www.aarquiteta.com.br\/blog\/wp-content\/uploads\/2024\/11\/iluminacao-de-cozinha-capa-286x160.jpg\" alt=\"As torres quentes ajudam a manter a organiza\u00e7\u00e3o na cozinha.\" title=\"\"><figcaption class=\"wp-caption-text\">As torres quentes ajudam a manter a organiza\u00e7\u00e3o na cozinha.<\/figcaption><\/figure>\n<h3>Para se aprofundar mais sobre o tema, veja a minha recomenda\u00e7\u00e3o sobre o tema deste artigo no v\u00eddeo a seguir abaixo:<\/h3>\n<p><iframe title=\"YouTube video player\" src=\"https:\/\/www.youtube.com\/embed\/J7a5-8r7V7M\" width=\"560\" height=\"315\" frameborder=\"0\" allowfullscreen=\"allowfullscreen\"><\/iframe><\/p>\n<figure style=\"width: 1024px\" class=\"wp-caption aligncenter\"><img decoding=\"async\" src=\"https:\/\/www.aarquiteta.com.br\/blog\/wp-content\/uploads\/2024\/11\/prateleiras-para-cozinha-00-286x160.jpg\" alt=\"Estilosas, elas preservam o visual leve do ambiente.\" title=\"\"><figcaption class=\"wp-caption-text\">Estilosas, elas preservam o visual leve do ambiente.<\/figcaption><\/figure>\n","protected":false},"excerpt":{"rendered":"<p>Descubra como a torre quente pode transformar sua cozinha, da praticidade ao estilo. Inspire-se com dicas valiosas!<\/p>\n","protected":false},"author":102,"featured_media":135905,"comment_status":"closed","ping_status":"closed","sticky":false,"template":"","format":"standard","meta":{"footnotes":""},"categories":[1484],"tags":[],"class_list":["post-135913","post","type-post","status-publish","format-standard","has-post-thumbnail","category-decoracao"],"_wp_attached_file":null,"_wp_attachment_metadata":null,"_wp_attachment_context":null,"_wp_attachment_is_custom_header":null,"geo_longitude":null,"geo_public":null,"geo_latitude":null,"_publicize_done_external":null,"_wpas_done_3897181":null,"publicize_twitter_user":null,"_wpas_done_3897175":null,"_wpas_skip_3897181":null,"_wpas_skip_3897175":null,"_wpas_skip_3924723":null,"_wpas_mess":null,"_wpas_done_3924723":null,"wps_subtitle":"","_links":{"self":[{"href":"https:\/\/www.aarquiteta.com.br\/blog\/wp-json\/wp\/v2\/posts\/135913","targetHints":{"allow":["GET"]}}],"collection":[{"href":"https:\/\/www.aarquiteta.com.br\/blog\/wp-json\/wp\/v2\/posts"}],"about":[{"href":"https:\/\/www.aarquiteta.com.br\/blog\/wp-json\/wp\/v2\/types\/post"}],"author":[{"embeddable":true,"href":"https:\/\/www.aarquiteta.com.br\/blog\/wp-json\/wp\/v2\/users\/102"}],"replies":[{"embeddable":true,"href":"https:\/\/www.aarquiteta.com.br\/blog\/wp-json\/wp\/v2\/comments?post=135913"}],"version-history":[{"count":0,"href":"https:\/\/www.aarquiteta.com.br\/blog\/wp-json\/wp\/v2\/posts\/135913\/revisions"}],"wp:featuredmedia":[{"embeddable":true,"href":"https:\/\/www.aarquiteta.com.br\/blog\/wp-json\/wp\/v2\/media\/135905"}],"wp:attachment":[{"href":"https:\/\/www.aarquiteta.com.br\/blog\/wp-json\/wp\/v2\/media?parent=135913"}],"wp:term":[{"taxonomy":"category","embeddable":true,"href":"https:\/\/www.aarquiteta.com.br\/blog\/wp-json\/wp\/v2\/categories?post=135913"},{"taxonomy":"post_tag","embeddable":true,"href":"https:\/\/www.aarquiteta.com.br\/blog\/wp-json\/wp\/v2\/tags?post=135913"}],"curies":[{"name":"wp","href":"https:\/\/api.w.org\/{rel}","templated":true}]}}