{"id":135827,"date":"2024-11-25T18:21:19","date_gmt":"2024-11-25T21:21:19","guid":{"rendered":"https:\/\/www.aarquiteta.com.br\/blog\/3-plantas-ornamentais-para-sala\/"},"modified":"2024-11-25T18:21:19","modified_gmt":"2024-11-25T21:21:19","slug":"3-plantas-ornamentais-para-sala","status":"publish","type":"post","link":"https:\/\/www.aarquiteta.com.br\/blog\/3-plantas-ornamentais-para-sala\/","title":{"rendered":"3 Plantas Ornamentais Perfeitas para Real\u00e7ar a Decora\u00e7\u00e3o da Sala"},"content":{"rendered":"<p>Descubra como as plantas ornamentais podem transformar a decora\u00e7\u00e3o da sua sala, trazendo vida, cor e frescor ao ambiente. Neste artigo, apresentamos tr\u00eas op\u00e7\u00f5es perfeitas para real\u00e7ar sua decora\u00e7\u00e3o.<\/p>\n<h2>Destaques principais<\/h2>\n<ul>\n<li><b>Ficus Lyrata:<\/b> Uma planta imponente que traz eleg\u00e2ncia e frescor ao ambiente.<\/li>\n<li><b>Zamioculca:<\/b> Conhecida pela sua resist\u00eancia, \u00e9 ideal para quem busca praticidade e beleza.<\/li>\n<li><b>Espada de S\u00e3o Jorge:<\/b> Uma planta que simboliza prote\u00e7\u00e3o e estilo, perfeita para qualquer decora\u00e7\u00e3o.<\/li>\n<\/ul>\n<h2>1. Ficus Lyrata: A Figueira-Lira<\/h2>\n<h3>Caracter\u00edsticas e Cuidados<\/h3>\n<figure style=\"width: 1024px\" class=\"wp-caption aligncenter\"><img decoding=\"async\" src=\"https:\/\/www.aarquiteta.com.br\/blog\/wp-content\/uploads\/2024\/11\/3-plantas-ornamentais-para-sala04.jpg\" alt=\"3 Plantas Ornamentais Perfeitas para Real\u00e7ar a Decora\u00e7\u00e3o da Sala\" width=\"1024\" height=\"1024\" title=\"\"><figcaption class=\"wp-caption-text\">3 Plantas Ornamentais Perfeitas para Real\u00e7ar a Decora\u00e7\u00e3o da Sala<\/figcaption><\/figure>\n<p>O <b>Ficus Lyrata<\/b>, tamb\u00e9m conhecido como Figueira-Lira, \u00e9 uma planta de folhas grandes e brilhantes que se destaca em qualquer ambiente. Para cuidar dela, \u00e9 importante mant\u00ea-la em um local com luz indireta e reg\u00e1-la moderadamente, evitando encharcar o solo. Essa planta pode crescer bastante, ent\u00e3o, \u00e9 essencial pod\u00e1-la regularmente para manter sua forma e sa\u00fade.<\/p>\n<h3>Benef\u00edcios na Decora\u00e7\u00e3o<\/h3>\n<figure style=\"width: 1024px\" class=\"wp-caption aligncenter\"><img decoding=\"async\" src=\"https:\/\/www.aarquiteta.com.br\/blog\/wp-content\/uploads\/2024\/11\/3-plantas-ornamentais-para-sala03.jpg\" alt=\"3 Plantas Ornamentais Perfeitas para Real\u00e7ar a Decora\u00e7\u00e3o da Sala\" width=\"1024\" height=\"1024\" title=\"\"><figcaption class=\"wp-caption-text\">3 Plantas Ornamentais Perfeitas para Real\u00e7ar a Decora\u00e7\u00e3o da Sala<\/figcaption><\/figure>\n<p>Al\u00e9m de ser uma planta de f\u00e1cil manuten\u00e7\u00e3o, o <b>Ficus Lyrata<\/b> traz um toque de sofistica\u00e7\u00e3o \u00e0 sala. Suas folhas grandes criam um ponto focal impressionante, tornando-se um verdadeiro destaque na decora\u00e7\u00e3o. Imagine uma sala com um <b>Ficus<\/b> em um canto, trazendo vida e um ar de frescor ao ambiente!<\/p>\n<h2>2. Zamioculca: A Planta ZZ<\/h2>\n<h3>Caracter\u00edsticas e Cuidados<\/h3>\n<figure style=\"width: 1024px\" class=\"wp-caption aligncenter\"><img decoding=\"async\" src=\"https:\/\/www.aarquiteta.com.br\/blog\/wp-content\/uploads\/2024\/11\/3-plantas-ornamentais-para-sala02.jpg\" alt=\"3 Plantas Ornamentais Perfeitas para Real\u00e7ar a Decora\u00e7\u00e3o da Sala\" width=\"1024\" height=\"1024\" title=\"\"><figcaption class=\"wp-caption-text\">3 Plantas Ornamentais Perfeitas para Real\u00e7ar a Decora\u00e7\u00e3o da Sala<\/figcaption><\/figure>\n<p>A <b>Zamioculca<\/b>, ou Planta ZZ, \u00e9 uma das plantas mais resistentes que voc\u00ea pode ter em casa. Ela se adapta a diferentes condi\u00e7\u00f5es de luz e requer pouca \u00e1gua, o que a torna perfeita para quem n\u00e3o tem muito tempo para cuidar das plantas. O ideal \u00e9 reg\u00e1-la apenas quando o solo estiver completamente seco.<\/p>\n<h3>Benef\u00edcios na Decora\u00e7\u00e3o<\/h3>\n<figure style=\"width: 1024px\" class=\"wp-caption aligncenter\"><img decoding=\"async\" src=\"https:\/\/www.aarquiteta.com.br\/blog\/wp-content\/uploads\/2024\/11\/3-plantas-ornamentais-para-sala01.jpg\" alt=\"3 Plantas Ornamentais Perfeitas para Real\u00e7ar a Decora\u00e7\u00e3o da Sala\" width=\"1024\" height=\"1024\" title=\"\"><figcaption class=\"wp-caption-text\">3 Plantas Ornamentais Perfeitas para Real\u00e7ar a Decora\u00e7\u00e3o da Sala<\/figcaption><\/figure>\n<p>Com suas folhas brilhantes e formato elegante, a <b>Zamioculca<\/b> \u00e9 uma excelente escolha para adicionar um toque moderno \u00e0 sua sala. Ela combina bem com diversos estilos de decora\u00e7\u00e3o, desde o minimalista at\u00e9 o mais r\u00fastico. Al\u00e9m disso, sua resist\u00eancia a pragas e doen\u00e7as a torna uma op\u00e7\u00e3o pr\u00e1tica e duradoura.<\/p>\n<h2>3. Espada de S\u00e3o Jorge: Resili\u00eancia e Estilo<\/h2>\n<h3>Caracter\u00edsticas e Cuidados<\/h3>\n<p style=\"text-align: center;\">[amazon table=&#8221;88350&#8243;]\n<p>A <b>Espada de S\u00e3o Jorge<\/b> \u00e9 uma planta que se destaca pela sua resist\u00eancia e beleza. Ela \u00e9 perfeita para quem busca uma planta que n\u00e3o exige muitos cuidados. A Espada de S\u00e3o Jorge se adapta bem a ambientes internos e externos, e deve ser regada apenas quando o solo estiver seco. Al\u00e9m disso, ela \u00e9 uma planta que purifica o ar, trazendo benef\u00edcios para a sa\u00fade.<\/p>\n<h3>Benef\u00edcios na Decora\u00e7\u00e3o<\/h3>\n<h3>Assista agora a minha recomenda\u00e7\u00e3o de video abaixo sobre o tema que estamos tratando neste artigo: <\/h3>\n<p><div class=\"youtube-embed\" data-video_id=\"O-MCGpPjmoY\"><iframe title=\"15 PLANTAS GRANDES para SALA: sugest\u00f5es de DECORA\u00c7\u00c3O de CASA\" width=\"696\" height=\"392\" src=\"https:\/\/www.youtube.com\/embed\/O-MCGpPjmoY?feature=oembed&#038;enablejsapi=1\" frameborder=\"0\" allow=\"accelerometer; autoplay; clipboard-write; encrypted-media; gyroscope; picture-in-picture; web-share\" referrerpolicy=\"strict-origin-when-cross-origin\" allowfullscreen><\/iframe><\/div>\n<\/p>\n<p>Com suas folhas longas e pontiagudas, a <b>Espada de S\u00e3o Jorge<\/b> adiciona um toque de estilo e personalidade \u00e0 decora\u00e7\u00e3o. Ela pode ser colocada em vasos altos ou em arranjos com outras plantas, criando composi\u00e7\u00f5es \u00fanicas. Imagine uma sala com uma Espada de S\u00e3o Jorge em um vaso estiloso, trazendo um ar de modernidade e prote\u00e7\u00e3o!<\/p>\n<h2>Conclus\u00e3o<\/h2>\n<p>As plantas ornamentais s\u00e3o uma excelente maneira de transformar a decora\u00e7\u00e3o da sua sala, trazendo vida e frescor ao ambiente. O <b>Ficus Lyrata<\/b>, a <b>Zamioculca<\/b> e a <b>Espada de S\u00e3o Jorge<\/b> s\u00e3o op\u00e7\u00f5es perfeitas que se destacam n\u00e3o apenas pela beleza, mas tamb\u00e9m pela facilidade de cuidados. Ao escolher a planta certa, voc\u00ea pode criar um espa\u00e7o acolhedor e cheio de estilo, refletindo sua personalidade e gosto. Ent\u00e3o, que tal trazer um pouco da natureza para dentro de casa e deixar sua sala ainda mais bonita?<\/p>\n","protected":false},"excerpt":{"rendered":"<p>Conhe\u00e7a 3 plantas ornamentais que destacam a decora\u00e7\u00e3o da sala com suas folhagens \u00fanicas.<\/p>\n","protected":false},"author":102,"featured_media":135824,"comment_status":"closed","ping_status":"closed","sticky":false,"template":"","format":"standard","meta":{"footnotes":""},"categories":[1484,971,18792,18794],"tags":[],"class_list":["post-135827","post","type-post","status-publish","format-standard","has-post-thumbnail","category-decoracao","category-design-de-interiores","category-decoracao-de-apartamento","category-projetos-de-decoracao-de-casas"],"_wp_attached_file":null,"_wp_attachment_metadata":null,"_wp_attachment_context":null,"_wp_attachment_is_custom_header":null,"geo_longitude":null,"geo_public":null,"geo_latitude":null,"_publicize_done_external":null,"_wpas_done_3897181":null,"publicize_twitter_user":null,"_wpas_done_3897175":null,"_wpas_skip_3897181":null,"_wpas_skip_3897175":null,"_wpas_skip_3924723":null,"_wpas_mess":null,"_wpas_done_3924723":null,"wps_subtitle":"","_links":{"self":[{"href":"https:\/\/www.aarquiteta.com.br\/blog\/wp-json\/wp\/v2\/posts\/135827","targetHints":{"allow":["GET"]}}],"collection":[{"href":"https:\/\/www.aarquiteta.com.br\/blog\/wp-json\/wp\/v2\/posts"}],"about":[{"href":"https:\/\/www.aarquiteta.com.br\/blog\/wp-json\/wp\/v2\/types\/post"}],"author":[{"embeddable":true,"href":"https:\/\/www.aarquiteta.com.br\/blog\/wp-json\/wp\/v2\/users\/102"}],"replies":[{"embeddable":true,"href":"https:\/\/www.aarquiteta.com.br\/blog\/wp-json\/wp\/v2\/comments?post=135827"}],"version-history":[{"count":0,"href":"https:\/\/www.aarquiteta.com.br\/blog\/wp-json\/wp\/v2\/posts\/135827\/revisions"}],"wp:featuredmedia":[{"embeddable":true,"href":"https:\/\/www.aarquiteta.com.br\/blog\/wp-json\/wp\/v2\/media\/135824"}],"wp:attachment":[{"href":"https:\/\/www.aarquiteta.com.br\/blog\/wp-json\/wp\/v2\/media?parent=135827"}],"wp:term":[{"taxonomy":"category","embeddable":true,"href":"https:\/\/www.aarquiteta.com.br\/blog\/wp-json\/wp\/v2\/categories?post=135827"},{"taxonomy":"post_tag","embeddable":true,"href":"https:\/\/www.aarquiteta.com.br\/blog\/wp-json\/wp\/v2\/tags?post=135827"}],"curies":[{"name":"wp","href":"https:\/\/api.w.org\/{rel}","templated":true}]}}