{"id":135809,"date":"2024-11-25T14:49:34","date_gmt":"2024-11-25T17:49:34","guid":{"rendered":"https:\/\/www.aarquiteta.com.br\/blog\/pedra-para-calcada-2\/"},"modified":"2024-11-25T14:49:34","modified_gmt":"2024-11-25T17:49:34","slug":"pedra-para-calcada-2","status":"publish","type":"post","link":"https:\/\/www.aarquiteta.com.br\/blog\/pedra-para-calcada-2\/","title":{"rendered":"Pedras para Cal\u00e7ada: 5 Op\u00e7\u00f5es Acess\u00edveis"},"content":{"rendered":"<p>Descubra as 5 op\u00e7\u00f5es populares e acess\u00edveis de pedras para cal\u00e7ada que podem valorizar seu im\u00f3vel e embelezar seu ambiente, com dicas essenciais de escolha.<\/p>\n<h2>1. Introdu\u00e7\u00e3o<\/h2>\n<p>Assim, enquanto eu caminhava pelas cal\u00e7adas da cidade, algo me veio \u00e0 mente: a <b>import\u00e2ncia de uma boa cal\u00e7ada<\/b>. \u00c9 o primeiro cart\u00e3o de visita da sua casa, sabia? Neste artigo, vou compartilhar com voc\u00eas algumas op\u00e7\u00f5es de pedras que, al\u00e9m de embelezar o ambiente, s\u00e3o acess\u00edveis e ben\u00e9ficas para o bolso.<\/p>\n<h2>2. Basalto<\/h2>\n<h3>Caracter\u00edsticas e Pre\u00e7o<\/h3>\n<figure style=\"width: 1024px\" class=\"wp-caption aligncenter\"><img decoding=\"async\" src=\"https:\/\/www.aarquiteta.com.br\/blog\/wp-content\/uploads\/2024\/11\/pedra-para-calcada01.jpg\" alt=\"Pedras para Cal\u00e7ada: 5 Op\u00e7\u00f5es Acess\u00edveis\" width=\"1024\" height=\"1024\" title=\"\"><figcaption class=\"wp-caption-text\">Pedras para Cal\u00e7ada: 5 Op\u00e7\u00f5es Acess\u00edveis<\/figcaption><\/figure>\n<p>Vamos come\u00e7ar falando do basalto, essa pedra que \u00e9 pura versatilidade e estilo. O basalto est\u00e1 dispon\u00edvel em tons como cinza, ferrugem e at\u00e9 mesmo preto, trazendo uma <b>eleg\u00e2ncia natural<\/b> que poucos materiais conseguem. O pre\u00e7o m\u00e9dio gira em torno de R$85 por metro quadrado, ent\u00e3o \u00e9 uma op\u00e7\u00e3o que n\u00e3o quebra o banco. Como b\u00f4nus, essa pedra \u00e9 resistente e dur\u00e1vel, uma verdadeira <b>companheira das intemp\u00e9ries<\/b>.<\/p>\n<h2>3. Pedra Mineira<\/h2>\n<h3>Vantagens e Uso<\/h3>\n<figure style=\"width: 1024px\" class=\"wp-caption aligncenter\"><img decoding=\"async\" src=\"https:\/\/www.aarquiteta.com.br\/blog\/wp-content\/uploads\/2024\/11\/piso-para-area-externa-0-286x160.jpg\" alt=\"Piso para \u00e1rea externa.\" title=\"\"><figcaption class=\"wp-caption-text\">Piso para \u00e1rea externa.<\/figcaption><\/figure>\n<p>A pedra mineira \u00e9 uma joia que encanta com sua colora\u00e7\u00e3o bege. Um dos seus grandes trunfos \u00e9 a sua natureza <b>antiderrapante<\/b>, perfeita para \u00e1reas ao redor de piscinas. Voc\u00ea pode encontr\u00e1-la a partir de R$20 o metro quadrado. \u00c9 uma pedra que, al\u00e9m de beleza, proporciona seguran\u00e7a. Fica aqui a dica: ao escolher, pense nas funcionalidades que o material deve ter. Afinal, n\u00e3o queremos escorregar, n\u00e9?<\/p>\n<h2>4. Pedra Portuguesa<\/h2>\n<h3>Estilo e Manuten\u00e7\u00e3o<\/h3>\n<figure style=\"width: 1024px\" class=\"wp-caption aligncenter\"><img decoding=\"async\" src=\"https:\/\/www.aarquiteta.com.br\/blog\/wp-content\/uploads\/2024\/11\/pedra-para-calcada-capa.jpg\" alt=\"Capa do artigo sobre pedras para cal\u00e7ada.\" title=\"\"><figcaption class=\"wp-caption-text\">Capa do artigo sobre pedras para cal\u00e7ada.<\/figcaption><\/figure>\n<p>Agora, vamos bater um papo sobre a pedra portuguesa, um cl\u00e1ssico! Com seu design de mosaico, ela garante que sua cal\u00e7ada seja <b>\u00fanica e cheia de personalidade<\/b>. Embora o custo comece em R$40 por metro quadrado, a instala\u00e7\u00e3o pode ser mais trabalhosa. Um aspecto a considerar! Mas, se voc\u00ea quer que sua casa tenha aquele charme \u00e0 moda antiga, essa \u00e9 a pedra ideal.<\/p>\n<h2>5. Miracema<\/h2>\n<h3>Economia e Facilidade de Limpeza<\/h3>\n<figure style=\"width: 1024px\" class=\"wp-caption aligncenter\"><img decoding=\"async\" src=\"https:\/\/www.aarquiteta.com.br\/blog\/wp-content\/uploads\/2024\/11\/pedra-para-calcada02.jpg\" alt=\"Pedras para Cal\u00e7ada: 5 Op\u00e7\u00f5es Acess\u00edveis\" width=\"1024\" height=\"1024\" title=\"\"><figcaption class=\"wp-caption-text\">Pedras para Cal\u00e7ada: 5 Op\u00e7\u00f5es Acess\u00edveis<\/figcaption><\/figure>\n<p>Sabe aquele tipo de pedra que n\u00e3o pesa no bolso? \u00c9 a miracema! Com pre\u00e7os a partir de R$20, \u00e9 a queridinha de quem busca economia sem abrir m\u00e3o da qualidade. E para facilitar ainda mais a vida, a limpeza \u00e9 super f\u00e1cil, s\u00f3 necessita de uma lavadora de alta press\u00e3o. Mas aten\u00e7\u00e3o! O assentamento tem que ser feito com cuidado para evitar problemas futura. Afinal, n\u00e3o queremos que a nossa cal\u00e7ada &#8220;desapare\u00e7a&#8221; pela metade, certo?<\/p>\n<h2>6. Concreto<\/h2>\n<h3>Resist\u00eancia e Popularidade<\/h3>\n<figure style=\"width: 1024px\" class=\"wp-caption aligncenter\"><img decoding=\"async\" src=\"https:\/\/www.aarquiteta.com.br\/blog\/wp-content\/uploads\/2024\/11\/pedras-para-calcada-01.png\" alt=\"Imagem de pedras para cal\u00e7ada.\" title=\"\"><figcaption class=\"wp-caption-text\">Imagem de pedras para cal\u00e7ada.<\/figcaption><\/figure>\n<p>As pedras de concreto, especialmente os pisos intertravados, s\u00e3o uma <b>tend\u00eancia global<\/b>. Elas s\u00e3o baratas e muito dur\u00e1veis, come\u00e7ando em torno de R$30 por metro quadrado. Um detalhe importante: n\u00e3o se esque\u00e7a de incluir a m\u00e3o de obra no custo total. Quem nunca se ferrou pensando que um pre\u00e7o mais baixo era tudo de bom, n\u00e9?<\/p>\n<h2>7. Dicas para Escolher a Pedra da Sua Cal\u00e7ada<\/h2>\n<p>Agora que j\u00e1 conhecemos as op\u00e7\u00f5es, \u00e9 hora de falar sobre como escolher a pedra ideal. <b>Estilo, resist\u00eancia e manuten\u00e7\u00e3o<\/b> s\u00e3o fatores que n\u00e3o podem ser deixados de lado. Pense sobre o ambiente onde a cal\u00e7ada ser\u00e1 instalada e como as pedras se integraram ao seu espa\u00e7o. Como diria minha av\u00f3, &#8220;n\u00e3o escolha o que brilha, escolha o que ilumina seu caminho&#8221;.<\/p>\n<h2>8. A Import\u00e2ncia do Ambiente na Escolha da Pedra<\/h2>\n<p>Antes de decidir, pergunte-se: onde a cal\u00e7ada estar\u00e1 localizada? Um ambiente de piscina exige uma pedra com caracter\u00edsticas diferentes de uma cal\u00e7ada que leva \u00e0 garagem. <b>Considere o clima da sua regi\u00e3o<\/b> tamb\u00e9m! Se a chuva \u00e9 frequente, uma pedra antiderrapante \u00e9 imprescind\u00edvel.<\/p>\n<h2>9. O Papel das Pedras na Valoriza\u00e7\u00e3o do Im\u00f3vel<\/h2>\n<p>Pense nas pedras como o &#8220;tapa-sexo&#8221; da sua casa. Assim como em qualquer lugar, a primeira impress\u00e3o \u00e9 a que fica! Uma cal\u00e7ada bem feita pode <b>valorizar seu im\u00f3vel<\/b> e aumentar sua atratividade para eventuais compradores. Portanto, investir em uma boa escolha de pedra \u00e9 como colocar um la\u00e7o em um presente: faz toda a diferen\u00e7a!<\/p>\n<h2>10. Conclus\u00e3o<\/h2>\n<p>Em resumo, a escolha da pedra para cal\u00e7ada pode transformar n\u00e3o s\u00f3 a est\u00e9tica da sua casa, mas tamb\u00e9m seu valor. Ao pesquisar e considerar todas as op\u00e7\u00f5es, voc\u00ea encontrar\u00e1 a que melhor se encaixa no seu estilo e no seu bolso. Ent\u00e3o, p\u00e9 na t\u00e1bua e vamos em busca da cal\u00e7ada dos nossos sonhos!<\/p>\n<figure style=\"width: 1024px\" class=\"wp-caption aligncenter\"><img decoding=\"async\" src=\"https:\/\/www.aarquiteta.com.br\/blog\/wp-content\/uploads\/2024\/11\/pedra-para-calcada03.jpg\" alt=\"Pedras para Cal\u00e7ada: 5 Op\u00e7\u00f5es Acess\u00edveis\" width=\"1024\" height=\"1024\" title=\"\"><figcaption class=\"wp-caption-text\">Pedras para Cal\u00e7ada: 5 Op\u00e7\u00f5es Acess\u00edveis<\/figcaption><\/figure>\n<figure style=\"width: 1024px\" class=\"wp-caption aligncenter\"><img decoding=\"async\" src=\"https:\/\/www.aarquiteta.com.br\/blog\/wp-content\/uploads\/2024\/11\/1_fachadas-de-casas-modernas-0-286x160.jpg\" alt=\"Fachadas de casas modernas.\" title=\"\"><figcaption class=\"wp-caption-text\">Fachadas de casas modernas.<\/figcaption><\/figure>\n<figure style=\"width: 1024px\" class=\"wp-caption aligncenter\"><img decoding=\"async\" src=\"https:\/\/www.aarquiteta.com.br\/blog\/wp-content\/uploads\/2024\/11\/pedra-para-calcada4.jpg\" alt=\"Pedras para Cal\u00e7ada: 5 Op\u00e7\u00f5es Acess\u00edveis\" width=\"1024\" height=\"1024\" title=\"\"><figcaption class=\"wp-caption-text\">Pedras para Cal\u00e7ada: 5 Op\u00e7\u00f5es Acess\u00edveis<\/figcaption><\/figure>\n<figure style=\"width: 1024px\" class=\"wp-caption aligncenter\"><img decoding=\"async\" src=\"https:\/\/www.aarquiteta.com.br\/blog\/wp-content\/uploads\/2024\/11\/edicula-00-286x160.jpg\" alt=\"Modelo de ed\u00edcula.\" title=\"\"><figcaption class=\"wp-caption-text\">Modelo de ed\u00edcula.<\/figcaption><\/figure>\n<p><iframe title=\"YouTube video player\" src=\"https:\/\/www.youtube.com\/embed\/\" width=\"560\" height=\"315\" frameborder=\"0\" allowfullscreen=\"allowfullscreen\"><\/iframe><\/p>\n<figure style=\"width: 1024px\" class=\"wp-caption aligncenter\"><img decoding=\"async\" src=\"https:\/\/www.aarquiteta.com.br\/blog\/wp-content\/uploads\/2024\/11\/pedra-para-calcada-00-730x449.jpg\" alt=\"Imagem de uma pedra para cal\u00e7ada.\" title=\"\"><figcaption class=\"wp-caption-text\">Imagem de uma pedra para cal\u00e7ada.<\/figcaption><\/figure>\n","protected":false},"excerpt":{"rendered":"<p>Descubra 5 op\u00e7\u00f5es acess\u00edveis de pedras para cal\u00e7ada e dicas para sua escolha ideal neste guia completo.<\/p>\n","protected":false},"author":102,"featured_media":135802,"comment_status":"closed","ping_status":"closed","sticky":false,"template":"","format":"standard","meta":{"footnotes":""},"categories":[1507,249],"tags":[],"class_list":["post-135809","post","type-post","status-publish","format-standard","has-post-thumbnail","category-arquitetura","category-engenharia-e-construcao-civil"],"_wp_attached_file":null,"_wp_attachment_metadata":null,"_wp_attachment_context":null,"_wp_attachment_is_custom_header":null,"geo_longitude":null,"geo_public":null,"geo_latitude":null,"_publicize_done_external":null,"_wpas_done_3897181":null,"publicize_twitter_user":null,"_wpas_done_3897175":null,"_wpas_skip_3897181":null,"_wpas_skip_3897175":null,"_wpas_skip_3924723":null,"_wpas_mess":null,"_wpas_done_3924723":null,"wps_subtitle":"","_links":{"self":[{"href":"https:\/\/www.aarquiteta.com.br\/blog\/wp-json\/wp\/v2\/posts\/135809","targetHints":{"allow":["GET"]}}],"collection":[{"href":"https:\/\/www.aarquiteta.com.br\/blog\/wp-json\/wp\/v2\/posts"}],"about":[{"href":"https:\/\/www.aarquiteta.com.br\/blog\/wp-json\/wp\/v2\/types\/post"}],"author":[{"embeddable":true,"href":"https:\/\/www.aarquiteta.com.br\/blog\/wp-json\/wp\/v2\/users\/102"}],"replies":[{"embeddable":true,"href":"https:\/\/www.aarquiteta.com.br\/blog\/wp-json\/wp\/v2\/comments?post=135809"}],"version-history":[{"count":0,"href":"https:\/\/www.aarquiteta.com.br\/blog\/wp-json\/wp\/v2\/posts\/135809\/revisions"}],"wp:featuredmedia":[{"embeddable":true,"href":"https:\/\/www.aarquiteta.com.br\/blog\/wp-json\/wp\/v2\/media\/135802"}],"wp:attachment":[{"href":"https:\/\/www.aarquiteta.com.br\/blog\/wp-json\/wp\/v2\/media?parent=135809"}],"wp:term":[{"taxonomy":"category","embeddable":true,"href":"https:\/\/www.aarquiteta.com.br\/blog\/wp-json\/wp\/v2\/categories?post=135809"},{"taxonomy":"post_tag","embeddable":true,"href":"https:\/\/www.aarquiteta.com.br\/blog\/wp-json\/wp\/v2\/tags?post=135809"}],"curies":[{"name":"wp","href":"https:\/\/api.w.org\/{rel}","templated":true}]}}