{"id":135759,"date":"2024-11-25T09:27:29","date_gmt":"2024-11-25T12:27:29","guid":{"rendered":"https:\/\/www.aarquiteta.com.br\/blog\/aparador-de-vidro-2\/"},"modified":"2024-11-25T09:27:29","modified_gmt":"2024-11-25T12:27:29","slug":"aparador-de-vidro-2","status":"publish","type":"post","link":"https:\/\/www.aarquiteta.com.br\/blog\/aparador-de-vidro-2\/","title":{"rendered":"Aparador de Vidro: 10 Ideias para Adicionar Este M\u00f3vel na Sua Casa"},"content":{"rendered":"<p><body><\/p>\n<p>Decorar com aparadores de vidro pode transformar sua sala de estar, conferindo leveza e eleg\u00e2ncia ao ambiente. Neste artigo, compartilharei dicas, ideias e inspira\u00e7\u00f5es para que voc\u00ea consiga criar um espa\u00e7o funcional e estiloso utilizando essa pe\u00e7a charmosa.<\/p>\n<h2>1. O que \u00e9 um Aparador e sua Import\u00e2ncia na Decora\u00e7\u00e3o<\/h2>\n<h3>1.1 Defini\u00e7\u00e3o de Aparador<\/h3>\n<figure style=\"width: 1024px\" class=\"wp-caption aligncenter\"><img decoding=\"async\" src=\"https:\/\/www.aarquiteta.com.br\/blog\/wp-content\/uploads\/2024\/11\/aparador-de-vidro-5-730x913.jpg\" alt=\"Foto do aparador de vidro 5 - 5\" title=\"\"><figcaption class=\"wp-caption-text\">Foto do aparador de vidro 5 &#8211; 5<\/figcaption><\/figure>\n<p>Um <b>aparador<\/b> \u00e9 um m\u00f3vel, geralmente com tampo, que serve para apoiar objetos como quadros, plantas e at\u00e9 mesmo refei\u00e7\u00f5es. Ele \u00e9 vers\u00e1til e pode se adaptar a diferentes estilos de decora\u00e7\u00e3o, sejam eles modernos, cl\u00e1ssicos ou r\u00fasticos.<\/p>\n<h3>1.2 Vantagens de Usar Aparadores na Decora\u00e7\u00e3o<\/h3>\n<figure style=\"width: 1024px\" class=\"wp-caption aligncenter\"><img decoding=\"async\" src=\"https:\/\/www.aarquiteta.com.br\/blog\/wp-content\/uploads\/2024\/11\/aparador-de-vidro01.jpg\" alt=\"Aparador de Vidro: 50 Ideias para Adicionar Este M\u00f3vel na Sua Casa\" width=\"1024\" height=\"1024\" title=\"\"><figcaption class=\"wp-caption-text\">Aparador de Vidro: 50 Ideias para Adicionar Este M\u00f3vel na Sua Casa<\/figcaption><\/figure>\n<p>Utilizar aparadores oferece in\u00fameras vantagens. <b>Primeiro<\/b>, eles aumentam a funcionalidade do ambiente, proporcionando um espa\u00e7o adicional para decora\u00e7\u00e3o. <b>Segundo<\/b>, s\u00e3o \u00f3timos para criar um ponto focal na casa, atraindo a aten\u00e7\u00e3o para detalhes decorativos.<\/p>\n<h2>2. Tipos de Aparadores mais Populares<\/h2>\n<h3>2.1 Aparadores de Madeira<\/h3>\n<figure style=\"width: 1024px\" class=\"wp-caption aligncenter\"><img decoding=\"async\" src=\"https:\/\/www.aarquiteta.com.br\/blog\/wp-content\/uploads\/2024\/11\/aparador-de-vidro-capa-1.jpg\" alt=\"Capa do artigo com um aparador de vidro\" title=\"\"><figcaption class=\"wp-caption-text\">Capa do artigo com um aparador de vidro<\/figcaption><\/figure>\n<p>Os <b>aparadores de madeira<\/b> s\u00e3o cl\u00e1ssicos e trazem uma sensa\u00e7\u00e3o de aconchego ao espa\u00e7o. Voc\u00ea pode escolher entre diferentes acabamentos e estilos, desde os mais r\u00fasticos at\u00e9 os mais refinados.<\/p>\n<h3>2.2 Aparadores de Vidro<\/h3>\n<figure style=\"width: 1024px\" class=\"wp-caption aligncenter\"><img decoding=\"async\" src=\"https:\/\/www.aarquiteta.com.br\/blog\/wp-content\/uploads\/2024\/11\/aparador-de-vidro02.jpg\" alt=\"Aparador de Vidro: 50 Ideias para Adicionar Este M\u00f3vel na Sua Casa\" width=\"1024\" height=\"1024\" title=\"\"><figcaption class=\"wp-caption-text\">Aparador de Vidro: 50 Ideias para Adicionar Este M\u00f3vel na Sua Casa<\/figcaption><\/figure>\n<p>Os <b>aparadores de vidro<\/b> s\u00e3o modernos e criam uma sensa\u00e7\u00e3o de amplitude. Al\u00e9m disso, s\u00e3o muito f\u00e1ceis de combinar com outros m\u00f3veis, permitindo que voc\u00ea brinque com a decora\u00e7\u00e3o sem perder a eleg\u00e2ncia.<\/p>\n<h2>3. Ideias para Decora\u00e7\u00e3o de Sala com Aparadores<\/h2>\n<h3>3.1 Apostando em Plantas e Objetos Decorativos<\/h3>\n<figure style=\"width: 1024px\" class=\"wp-caption aligncenter\"><img decoding=\"async\" src=\"https:\/\/www.aarquiteta.com.br\/blog\/wp-content\/uploads\/2024\/11\/aparador-de-vidro-1-730x486.jpg\" alt=\"Foto do aparador de vidro 1 - 1\" title=\"\"><figcaption class=\"wp-caption-text\">Foto do aparador de vidro 1 &#8211; 1<\/figcaption><\/figure>\n<p>Combinar <b>aparadores<\/b> com plantas traz frescor ao ambiente. Escolher plantas de diferentes alturas e formatos ajuda a criar um visual din\u00e2mico e atrativo.<\/p>\n<h3>3.2 A Import\u00e2ncia da Ilumina\u00e7\u00e3o<\/h3>\n<figure style=\"width: 1024px\" class=\"wp-caption aligncenter\"><img decoding=\"async\" src=\"https:\/\/www.aarquiteta.com.br\/blog\/wp-content\/uploads\/2024\/11\/aparador-de-vidro03.jpg\" alt=\"Aparador de Vidro: 50 Ideias para Adicionar Este M\u00f3vel na Sua Casa\" width=\"1024\" height=\"1024\" title=\"\"><figcaption class=\"wp-caption-text\">Aparador de Vidro: 50 Ideias para Adicionar Este M\u00f3vel na Sua Casa<\/figcaption><\/figure>\n<p>A ilumina\u00e7\u00e3o \u00e9 fundamental! Um <b>aparador bem iluminado<\/b> pode real\u00e7ar a beleza dos objetos que voc\u00ea escolheu para expor. Invista em lumin\u00e1rias que criem efeitos interessantes e que complementem o estilo da sua decora\u00e7\u00e3o.<\/p>\n<h2>4. Como Escolher o Aparador Ideal para Seu Espa\u00e7o<\/h2>\n<h3>4.1 Tamanho e Propor\u00e7\u00f5es<\/h3>\n<figure style=\"width: 1024px\" class=\"wp-caption aligncenter\"><img decoding=\"async\" src=\"https:\/\/www.aarquiteta.com.br\/blog\/wp-content\/uploads\/2024\/11\/aparador-de-vidro-2.jpg\" alt=\"Foto do aparador de vidro 2 - 2\" title=\"\"><figcaption class=\"wp-caption-text\">Foto do aparador de vidro 2 &#8211; 2<\/figcaption><\/figure>\n<p>\u00c9 vital que o <b>tamanho do aparador<\/b> esteja em harmonia com o seu ambiente. Um espa\u00e7o pequeno pede um aparador mais enxuto, enquanto ambientes amplos permitem pe\u00e7as maiores, que podem ser mais chamativas.<\/p>\n<h3>4.2 Estilo e Cores que Combinam com Sua Decora\u00e7\u00e3o<\/h3>\n<figure style=\"width: 1024px\" class=\"wp-caption aligncenter\"><img decoding=\"async\" src=\"https:\/\/www.aarquiteta.com.br\/blog\/wp-content\/uploads\/2024\/11\/aparador-de-vidro4.jpg\" alt=\"Aparador de Vidro: 50 Ideias para Adicionar Este M\u00f3vel na Sua Casa\" width=\"1024\" height=\"1024\" title=\"\"><figcaption class=\"wp-caption-text\">Aparador de Vidro: 50 Ideias para Adicionar Este M\u00f3vel na Sua Casa<\/figcaption><\/figure>\n<p>A escolha do <b>estilo e das cores<\/b> do aparador deve dialogar com os demais elementos da sala. Cores neutras s\u00e3o vers\u00e1teis, enquanto cores vibrantes podem ser um ponto de destaque interessante.<\/p>\n<h2>5. Cuidados e Manuten\u00e7\u00e3o do Seu Aparador<\/h2>\n<h3>5.1 Limpeza e Conserva\u00e7\u00e3o<\/h3>\n<figure style=\"width: 1024px\" class=\"wp-caption aligncenter\"><img decoding=\"async\" src=\"https:\/\/www.aarquiteta.com.br\/blog\/wp-content\/uploads\/2024\/11\/aparador-de-vidro-3-730x913.jpg\" alt=\"Foto do aparador de vidro 3 - 3\" title=\"\"><figcaption class=\"wp-caption-text\">Foto do aparador de vidro 3 &#8211; 3<\/figcaption><\/figure>\n<p>Manter o aparador limpo \u00e9 primordial. Utilize panos macios e produtos espec\u00edficos para <b>n\u00e3o danificar<\/b> a superf\u00edcie, especialmente no caso dos aparadores de vidro. Um cuidado simples garante a durabilidade do m\u00f3vel.<\/p>\n<h3>5.2 Dicas para Prolongar a Durabilidade<\/h3>\n<h3>Para se aprofundar mais sobre o tema, veja a minha recomenda\u00e7\u00e3o sobre o tema deste artigo no v\u00eddeo a seguir abaixo:<\/h3>\n<p><iframe title=\"YouTube video player\" src=\"https:\/\/www.youtube.com\/embed\/6r00J3TNwOY\" width=\"560\" height=\"315\" frameborder=\"0\" allowfullscreen=\"allowfullscreen\"><\/iframe><\/p>\n<p>Para que seu <b>aparador<\/b> dure mais tempo, evite exp\u00f4-lo ao sol direto e umede\u00e7a o ambiente de forma equilibrada, evitando o ressecamento da madeira e das juntas do vidro.<\/p>\n<h2>6. V\u00eddeos e Inspira\u00e7\u00f5es para Decora\u00e7\u00e3o de Aparadores<\/h2>\n<h3>6.1 Principais Canais do YouTube sobre Decora\u00e7\u00e3o<\/h3>\n<figure style=\"width: 1024px\" class=\"wp-caption aligncenter\"><img decoding=\"async\" src=\"https:\/\/www.aarquiteta.com.br\/blog\/wp-content\/uploads\/2024\/11\/aparador-de-vidro-4.jpg\" alt=\"Foto do aparador de vidro 4 - 4\" title=\"\"><figcaption class=\"wp-caption-text\">Foto do aparador de vidro 4 &#8211; 4<\/figcaption><\/figure>\n<p>Existem muitos <b>canais no YouTube<\/b> que trazem inspira\u00e7\u00f5es para a decora\u00e7\u00e3o com aparadores. N\u00e3o hesite em explorar plataformas como \u201cS\u00f3 id\u00e9ias legais!\u201d ou \u201cValter Marceneiro\u201d para dicas valiosas.<\/p>\n<h3>6.2 Melhores Conte\u00fados e Dicas Visuais<\/h3>\n<p>Assista a v\u00eddeos com <b>dicas visuais<\/b> que ensinam a combinar texturas, cores e mobili\u00e1rio, ajudando voc\u00ea a visualizar como um aparador pode ser incorporado de forma harm\u00f4nica em rela\u00e7\u00e3o ao seu ambiente.<\/p>\n<h2>Conclus\u00e3o: Aparadores como Elementos Chave na Decora\u00e7\u00e3o<\/h2>\n<p>Os <b>aparadores<\/b>, especialmente os de vidro, s\u00e3o mais que simples m\u00f3veis; eles s\u00e3o verdadeiros aliados na hora de criar um espa\u00e7o estiloso e funcional. Com as dicas e inspira\u00e7\u00f5es aqui apresentadas, voc\u00ea est\u00e1 pronto para transformar sua decora\u00e7\u00e3o e deixar sua sala de estar ainda mais charmosa!<\/p>\n<p><\/body><\/p>\n","protected":false},"excerpt":{"rendered":"<p>Descubra 50 ideias incr\u00edveis para decorar sua casa com aparadores de vidro e transforme seus ambientes com eleg\u00e2ncia!<\/p>\n","protected":false},"author":102,"featured_media":135752,"comment_status":"closed","ping_status":"closed","sticky":false,"template":"","format":"standard","meta":{"footnotes":""},"categories":[1484],"tags":[],"class_list":["post-135759","post","type-post","status-publish","format-standard","has-post-thumbnail","category-decoracao"],"_wp_attached_file":null,"_wp_attachment_metadata":null,"_wp_attachment_context":null,"_wp_attachment_is_custom_header":null,"geo_longitude":null,"geo_public":null,"geo_latitude":null,"_publicize_done_external":null,"_wpas_done_3897181":null,"publicize_twitter_user":null,"_wpas_done_3897175":null,"_wpas_skip_3897181":null,"_wpas_skip_3897175":null,"_wpas_skip_3924723":null,"_wpas_mess":null,"_wpas_done_3924723":null,"wps_subtitle":"","_links":{"self":[{"href":"https:\/\/www.aarquiteta.com.br\/blog\/wp-json\/wp\/v2\/posts\/135759","targetHints":{"allow":["GET"]}}],"collection":[{"href":"https:\/\/www.aarquiteta.com.br\/blog\/wp-json\/wp\/v2\/posts"}],"about":[{"href":"https:\/\/www.aarquiteta.com.br\/blog\/wp-json\/wp\/v2\/types\/post"}],"author":[{"embeddable":true,"href":"https:\/\/www.aarquiteta.com.br\/blog\/wp-json\/wp\/v2\/users\/102"}],"replies":[{"embeddable":true,"href":"https:\/\/www.aarquiteta.com.br\/blog\/wp-json\/wp\/v2\/comments?post=135759"}],"version-history":[{"count":0,"href":"https:\/\/www.aarquiteta.com.br\/blog\/wp-json\/wp\/v2\/posts\/135759\/revisions"}],"wp:featuredmedia":[{"embeddable":true,"href":"https:\/\/www.aarquiteta.com.br\/blog\/wp-json\/wp\/v2\/media\/135752"}],"wp:attachment":[{"href":"https:\/\/www.aarquiteta.com.br\/blog\/wp-json\/wp\/v2\/media?parent=135759"}],"wp:term":[{"taxonomy":"category","embeddable":true,"href":"https:\/\/www.aarquiteta.com.br\/blog\/wp-json\/wp\/v2\/categories?post=135759"},{"taxonomy":"post_tag","embeddable":true,"href":"https:\/\/www.aarquiteta.com.br\/blog\/wp-json\/wp\/v2\/tags?post=135759"}],"curies":[{"name":"wp","href":"https:\/\/api.w.org\/{rel}","templated":true}]}}