{"id":135729,"date":"2024-11-24T17:30:54","date_gmt":"2024-11-24T20:30:54","guid":{"rendered":"https:\/\/www.aarquiteta.com.br\/blog\/5-cores-de-tinta-que-nunca-usar-sala-estar\/"},"modified":"2024-11-24T17:30:54","modified_gmt":"2024-11-24T20:30:54","slug":"5-cores-de-tinta-que-nunca-usar-sala-estar","status":"publish","type":"post","link":"https:\/\/www.aarquiteta.com.br\/blog\/5-cores-de-tinta-que-nunca-usar-sala-estar\/","title":{"rendered":"5 cores perigosas que voc\u00ea deve evitar na sala de estar."},"content":{"rendered":"<p>Escolher a cor certa para a sala de estar \u00e9 fundamental para criar um ambiente acolhedor e relaxante. Designers de interiores alertam sobre cinco cores que devem ser evitadas, pois podem transformar o espa\u00e7o em algo mon\u00f3tono ou opressivo.<\/p>\n<h2>As cores a evitar na sala de estar<\/h2>\n<h3>1. O cinza: a cor sem vida<\/h3>\n<p>O <b>cinza<\/b> j\u00e1 foi a sensa\u00e7\u00e3o do momento, mas, segundo Nadia Watts, diretora da Nadia Watts Interior Design, essa cor \u00e9 considerada &#8220;chata&#8221;. Ela explica que o cinza n\u00e3o traz car\u00e1ter nem vibra\u00e7\u00e3o, tornando o ambiente mon\u00f3tono e sem gra\u00e7a. Para evitar essa armadilha, \u00e9 melhor optar por <b>tons neutros<\/b> ou mais vibrantes que tragam energia e calor ao espa\u00e7o.<\/p>\n<h3>2. O branco frio: um erro comum<\/h3>\n<figure style=\"width: 1024px\" class=\"wp-caption aligncenter\"><img decoding=\"async\" src=\"https:\/\/www.aarquiteta.com.br\/blog\/wp-content\/uploads\/2024\/11\/capa-nd-mais-12.jpg\" alt=\"5 cores perigosas que voc\u00ea deve evitar na sala de estar.\" width=\"1024\" height=\"1024\" title=\"\"><figcaption class=\"wp-caption-text\">Source: <a href=\"https:\/\/ndmais.com.br\/arquitetura-e-decoracao\/cores-para-evitar-usar-na-sala-de-estar\/\" target=\"_blank\" rel=\"noopener\">NDMAIS<\/a><\/figcaption><\/figure>\n<p>Embora o branco possa transmitir uma sensa\u00e7\u00e3o de limpeza e sofistica\u00e7\u00e3o, o <b>branco frio<\/b> pode fazer a sala parecer est\u00e9ril e vazia. Watts recomenda escolher um branco com <b>tons quentes<\/b>, que criam um ambiente acolhedor. Um neutro com um toque de creme ou bege pode fazer toda a diferen\u00e7a, evitando que o espa\u00e7o se torne austero.<\/p>\n<h3>3. Amarelo excessivo: cuidado com a intensidade<\/h3>\n<p>Um toque de <b>amarelo<\/b> pode alegrar o ambiente, mas um c\u00f4modo inteiro pintado de amarelo lim\u00e3o pode ser opressivo e antiquado. Watts sugere optar por <b>amarelos ricos<\/b> com tons verdes, como ocre ou mostarda, que oferecem mais profundidade e calor. Essa escolha pode transformar a sala em um espa\u00e7o vibrante, mas sem exageros.<\/p>\n<h3>4. Laranja vibrante: um desafio para o relaxamento<\/h3>\n<h3>Assista agora a minha recomenda\u00e7\u00e3o de video abaixo sobre o tema que estamos tratando neste artigo: <\/h3>\n<p><iframe title=\"YouTube video player\" src=\"\" width=\"560\" height=\"315\" frameborder=\"0\" allowfullscreen=\"allowfullscreen\"><\/iframe><\/p>\n<p>Os tons de <b>laranja<\/b> podem ser elegantes, mas um laranja muito intenso pode dominar o ambiente. Watts aconselha a evitar laranjas que lembram ab\u00f3boras ou cones de tr\u00e2nsito. Em vez disso, ela sugere optar por laranjas mais profundos, como ferrugem ou coral, que trazem um toque de sofistica\u00e7\u00e3o sem serem avassaladores.<\/p>\n<h3>5. Tons neon: a energia que distrai<\/h3>\n<p>Os <b>tons neon<\/b>, como rosa brilhante ou verde-lim\u00e3o, podem parecer divertidos, mas s\u00e3o melhor deixados de lado na sala de estar. Amy Peltier, fundadora da Peltier Interiors, alerta que essas cores podem ser muito intensas e distrair do prop\u00f3sito relaxante do espa\u00e7o. Em vez disso, \u00e9 prefer\u00edvel escolher tons que criem um ambiente <b>tranquilo<\/b> e natural.<\/p>\n<h3>6. A import\u00e2ncia da harmonia nas cores<\/h3>\n<p>Erica Chacon, diretora da Erica Marie Interiors, enfatiza a import\u00e2ncia de criar uma <b>hist\u00f3ria de cores coesa<\/b> entre os c\u00f4modos. Cores que entram em conflito podem desarmonizar o ambiente, enquanto tons de terra podem aumentar a sensa\u00e7\u00e3o de relaxamento. A escolha da cor deve refletir como se deseja se sentir no espa\u00e7o, criando um ambiente que acolhe e relaxa.<\/p>\n<h2>Conclus\u00e3o<\/h2>\n<p>Escolher a cor certa para a sala de estar \u00e9 uma tarefa que exige aten\u00e7\u00e3o e cuidado. Evitar cores como cinza, branco frio, amarelo excessivo, laranja vibrante e tons neon pode fazer toda a diferen\u00e7a na cria\u00e7\u00e3o de um ambiente acolhedor e relaxante. Ao optar por tons neutros e quentes, \u00e9 poss\u00edvel transformar a sala em um espa\u00e7o que n\u00e3o apenas encanta os olhos, mas tamb\u00e9m proporciona conforto e tranquilidade. Portanto, ao planejar a decora\u00e7\u00e3o, \u00e9 essencial considerar como as cores influenciam a atmosfera do ambiente, garantindo que a sala de estar seja um verdadeiro ref\u00fagio.<\/p>\n","protected":false},"excerpt":{"rendered":"<p>Escolher a cor certa para a sala de estar \u00e9 fundamental para criar um ambiente acolhedor e relaxante. Designers de interiores alertam sobre cinco cores que devem ser evitadas, pois podem transformar o espa\u00e7o em algo mon\u00f3tono ou opressivo. As cores a evitar na sala de estar 1. O cinza: a cor sem vida O [&hellip;]<\/p>\n","protected":false},"author":102,"featured_media":135728,"comment_status":"closed","ping_status":"closed","sticky":false,"template":"","format":"standard","meta":{"footnotes":""},"categories":[249,19127],"tags":[],"class_list":["post-135729","post","type-post","status-publish","format-standard","has-post-thumbnail","category-engenharia-e-construcao-civil","category-reforma-e-manutencao"],"_wp_attached_file":null,"_wp_attachment_metadata":null,"_wp_attachment_context":null,"_wp_attachment_is_custom_header":null,"geo_longitude":null,"geo_public":null,"geo_latitude":null,"_publicize_done_external":null,"_wpas_done_3897181":null,"publicize_twitter_user":null,"_wpas_done_3897175":null,"_wpas_skip_3897181":null,"_wpas_skip_3897175":null,"_wpas_skip_3924723":null,"_wpas_mess":null,"_wpas_done_3924723":null,"wps_subtitle":"","_links":{"self":[{"href":"https:\/\/www.aarquiteta.com.br\/blog\/wp-json\/wp\/v2\/posts\/135729","targetHints":{"allow":["GET"]}}],"collection":[{"href":"https:\/\/www.aarquiteta.com.br\/blog\/wp-json\/wp\/v2\/posts"}],"about":[{"href":"https:\/\/www.aarquiteta.com.br\/blog\/wp-json\/wp\/v2\/types\/post"}],"author":[{"embeddable":true,"href":"https:\/\/www.aarquiteta.com.br\/blog\/wp-json\/wp\/v2\/users\/102"}],"replies":[{"embeddable":true,"href":"https:\/\/www.aarquiteta.com.br\/blog\/wp-json\/wp\/v2\/comments?post=135729"}],"version-history":[{"count":0,"href":"https:\/\/www.aarquiteta.com.br\/blog\/wp-json\/wp\/v2\/posts\/135729\/revisions"}],"wp:featuredmedia":[{"embeddable":true,"href":"https:\/\/www.aarquiteta.com.br\/blog\/wp-json\/wp\/v2\/media\/135728"}],"wp:attachment":[{"href":"https:\/\/www.aarquiteta.com.br\/blog\/wp-json\/wp\/v2\/media?parent=135729"}],"wp:term":[{"taxonomy":"category","embeddable":true,"href":"https:\/\/www.aarquiteta.com.br\/blog\/wp-json\/wp\/v2\/categories?post=135729"},{"taxonomy":"post_tag","embeddable":true,"href":"https:\/\/www.aarquiteta.com.br\/blog\/wp-json\/wp\/v2\/tags?post=135729"}],"curies":[{"name":"wp","href":"https:\/\/api.w.org\/{rel}","templated":true}]}}