{"id":135705,"date":"2024-11-24T10:15:07","date_gmt":"2024-11-24T13:15:07","guid":{"rendered":"https:\/\/www.aarquiteta.com.br\/blog\/caliandra\/"},"modified":"2024-11-24T10:15:07","modified_gmt":"2024-11-24T13:15:07","slug":"caliandra","status":"publish","type":"post","link":"https:\/\/www.aarquiteta.com.br\/blog\/caliandra\/","title":{"rendered":"Caliandra: A Planta das Flores Exuberantes"},"content":{"rendered":"<p>A caliandra, conhecida como esponjinha, \u00e9 uma planta arbustiva nativa do Brasil, famosa por suas flores vibrantes e f\u00e1cil cultivo, ideal para jardins e cercas vivas.<\/p>\n<h2>Destaques principais<\/h2>\n<ul>\n<li><b>Caracter\u00edsticas da Caliandra:<\/b> A planta possui flores exuberantes e diversas variedades, sendo uma excelente op\u00e7\u00e3o para embelezar jardins.<\/li>\n<li><b>Como Cultivar:<\/b> A caliandra \u00e9 de f\u00e1cil cultivo, exigindo cuidados simples como luz solar, rega moderada e solo bem drenado.<\/li>\n<li><b>Pragas e Doen\u00e7as:<\/b> Apesar de resistente, a planta pode ser afetada por pragas, mas existem m\u00e9todos naturais de controle.<\/li>\n<\/ul>\n<h2>Caracter\u00edsticas da Caliandra<\/h2>\n<p>A <b>caliandra<\/b> \u00e9 uma planta que se destaca por suas <b>flores vibrantes<\/b> e seu porte arbustivo, podendo atingir at\u00e9 4 metros de altura. Suas folhas s\u00e3o compostas e de cor verde escura, enquanto suas flores, pequenas e delicadas, formam infloresc\u00eancias que lembram pompons.<\/p>\n<h3>Variedades Populares<\/h3>\n<figure style=\"width: 1024px\" class=\"wp-caption aligncenter\"><img decoding=\"async\" src=\"https:\/\/www.aarquiteta.com.br\/blog\/wp-content\/uploads\/2024\/11\/caliandra04.jpg\" alt=\"Caliandra: A Planta das Flores Exuberantes\" width=\"1024\" height=\"1024\" title=\"\"><figcaption class=\"wp-caption-text\">Caliandra: A Planta das Flores Exuberantes<\/figcaption><\/figure>\n<p>Existem mais de 130 variedades de caliandra, entre as quais se destacam:<\/p>\n<ul>\n<li><b>Caliandra twediei:<\/b> Flores vermelhas ou rosadas.<\/li>\n<li><b>Caliandra haematocephala:<\/b> Flores vermelhas brilhantes.<\/li>\n<li><b>Caliandra eriophylla:<\/b> Flores amarelas.<\/li>\n<li><b>Caliandra californica:<\/b> Flores alaranjadas.<\/li>\n<\/ul>\n<h2>Como Cultivar a Caliandra?<\/h2>\n<p>Se voc\u00ea est\u00e1 pensando em cultivar a caliandra, saiba que ela \u00e9 uma planta de <b>f\u00e1cil cultivo<\/b> e se adapta bem ao clima brasileiro. Aqui est\u00e3o algumas dicas essenciais:<\/p>\n<h3>1- Exposi\u00e7\u00e3o \u00e0 Luz<\/h3>\n<figure style=\"width: 1024px\" class=\"wp-caption aligncenter\"><img decoding=\"async\" src=\"https:\/\/www.aarquiteta.com.br\/blog\/wp-content\/uploads\/2024\/11\/caliandra03.jpg\" alt=\"Caliandra: A Planta das Flores Exuberantes\" width=\"1024\" height=\"1024\" title=\"\"><figcaption class=\"wp-caption-text\">Caliandra: A Planta das Flores Exuberantes<\/figcaption><\/figure>\n<p>A caliandra precisa de <b>sol pleno<\/b> para se desenvolver bem. O ideal \u00e9 que receba luz direta por pelo menos 4 horas ao dia. Se ficar em meia-sombra, suas flores n\u00e3o se desenvolver\u00e3o adequadamente.<\/p>\n<h3>2- Rega<\/h3>\n<figure style=\"width: 1024px\" class=\"wp-caption aligncenter\"><img decoding=\"async\" src=\"https:\/\/www.aarquiteta.com.br\/blog\/wp-content\/uploads\/2024\/11\/caliandra02.jpg\" alt=\"Caliandra: A Planta das Flores Exuberantes\" width=\"1024\" height=\"1024\" title=\"\"><figcaption class=\"wp-caption-text\">Caliandra: A Planta das Flores Exuberantes<\/figcaption><\/figure>\n<p>A rega deve ser <b>moderada<\/b>, com maior frequ\u00eancia apenas no in\u00edcio do cultivo. \u00c9 importante n\u00e3o encharcar o solo, pois isso pode prejudicar a planta.<\/p>\n<h3>3- Solo Ideal<\/h3>\n<figure style=\"width: 1024px\" class=\"wp-caption aligncenter\"><img decoding=\"async\" src=\"https:\/\/www.aarquiteta.com.br\/blog\/wp-content\/uploads\/2024\/11\/caliandra01.jpg\" alt=\"Caliandra: A Planta das Flores Exuberantes\" width=\"1024\" height=\"1024\" title=\"\"><figcaption class=\"wp-caption-text\">Caliandra: A Planta das Flores Exuberantes<\/figcaption><\/figure>\n<p>O solo deve ser <b>f\u00e9rtil e bem drenado<\/b>. Uma boa pr\u00e1tica \u00e9 misturar composto org\u00e2nico, como esterco de boi curtido ou h\u00famus de minhoca, para garantir a nutri\u00e7\u00e3o adequada.<\/p>\n<h3>4- Poda e Propaga\u00e7\u00e3o<\/h3>\n<p>A poda \u00e9 importante para manter a planta compacta e saud\u00e1vel. Deve ser realizada no final do inverno ou in\u00edcio da primavera. A propaga\u00e7\u00e3o pode ser feita por sementes ou estacas, sendo a primeira mais lenta, mas segura, enquanto a segunda \u00e9 mais r\u00e1pida, mas pode n\u00e3o garantir caracter\u00edsticas id\u00eanticas \u00e0 planta-m\u00e3e.<\/p>\n<h2>Pragas e Doen\u00e7as<\/h2>\n<p>A caliandra, apesar de resistente, pode ser atacada por <b>pulg\u00f5es e cochonilhas<\/b>. Para o controle, recomenda-se o uso de inseticidas naturais, como o \u00f3leo de neem ou sab\u00e3o de pot\u00e1ssio, que s\u00e3o eficazes e menos prejudiciais ao meio ambiente.<\/p>\n<h3>Controle de Pragas<\/h3>\n<h3>Assista agora a minha recomenda\u00e7\u00e3o de video abaixo sobre o tema que estamos tratando neste artigo: <\/h3>\n<p>https:\/\/www.youtube.com\/watch?v=<\/p>\n<p>\u00c9 fundamental monitorar a planta regularmente para detectar qualquer sinal de pragas. A preven\u00e7\u00e3o \u00e9 sempre o melhor rem\u00e9dio, e manter a planta saud\u00e1vel \u00e9 a chave para evitar problemas.<\/p>\n<h2>Benef\u00edcios da Caliandra no Jardim<\/h2>\n<p>Al\u00e9m de sua beleza, a caliandra traz diversos benef\u00edcios para o jardim. Ela atrai <b>polinizadores<\/b>, como abelhas e borboletas, contribuindo para a biodiversidade local. Al\u00e9m disso, sua resist\u00eancia a geadas a torna uma excelente op\u00e7\u00e3o para cercas-vivas, proporcionando privacidade e beleza ao mesmo tempo.<\/p>\n<h2>Conclus\u00e3o<\/h2>\n<p>A caliandra \u00e9 uma planta que combina <b>beleza e facilidade de cultivo<\/b>, sendo ideal para quem deseja embelezar o jardim sem grandes complica\u00e7\u00f5es. Com as dicas certas, voc\u00ea pode desfrutar de suas flores exuberantes e contribuir para um ambiente mais vibrante e cheio de vida. Experimente cultivar a caliandra e veja como ela pode transformar seu espa\u00e7o!<\/p>\n","protected":false},"excerpt":{"rendered":"<p>A caliandra, conhecida como esponjinha, \u00e9 uma planta arbustiva nativa do Brasil, famosa por suas flores vibrantes e f\u00e1cil cultivo, ideal para jardins e cercas vivas. Destaques principais Caracter\u00edsticas da Caliandra: A planta possui flores exuberantes e diversas variedades, sendo uma excelente op\u00e7\u00e3o para embelezar jardins. Como Cultivar: A caliandra \u00e9 de f\u00e1cil cultivo, exigindo [&hellip;]<\/p>\n","protected":false},"author":102,"featured_media":135702,"comment_status":"closed","ping_status":"closed","sticky":false,"template":"","format":"standard","meta":{"footnotes":""},"categories":[9612,18792,18794],"tags":[],"class_list":["post-135705","post","type-post","status-publish","format-standard","has-post-thumbnail","category-jardinagem","category-decoracao-de-apartamento","category-projetos-de-decoracao-de-casas"],"_wp_attached_file":null,"_wp_attachment_metadata":null,"_wp_attachment_context":null,"_wp_attachment_is_custom_header":null,"geo_longitude":null,"geo_public":null,"geo_latitude":null,"_publicize_done_external":null,"_wpas_done_3897181":null,"publicize_twitter_user":null,"_wpas_done_3897175":null,"_wpas_skip_3897181":null,"_wpas_skip_3897175":null,"_wpas_skip_3924723":null,"_wpas_mess":null,"_wpas_done_3924723":null,"wps_subtitle":"","_links":{"self":[{"href":"https:\/\/www.aarquiteta.com.br\/blog\/wp-json\/wp\/v2\/posts\/135705","targetHints":{"allow":["GET"]}}],"collection":[{"href":"https:\/\/www.aarquiteta.com.br\/blog\/wp-json\/wp\/v2\/posts"}],"about":[{"href":"https:\/\/www.aarquiteta.com.br\/blog\/wp-json\/wp\/v2\/types\/post"}],"author":[{"embeddable":true,"href":"https:\/\/www.aarquiteta.com.br\/blog\/wp-json\/wp\/v2\/users\/102"}],"replies":[{"embeddable":true,"href":"https:\/\/www.aarquiteta.com.br\/blog\/wp-json\/wp\/v2\/comments?post=135705"}],"version-history":[{"count":0,"href":"https:\/\/www.aarquiteta.com.br\/blog\/wp-json\/wp\/v2\/posts\/135705\/revisions"}],"wp:featuredmedia":[{"embeddable":true,"href":"https:\/\/www.aarquiteta.com.br\/blog\/wp-json\/wp\/v2\/media\/135702"}],"wp:attachment":[{"href":"https:\/\/www.aarquiteta.com.br\/blog\/wp-json\/wp\/v2\/media?parent=135705"}],"wp:term":[{"taxonomy":"category","embeddable":true,"href":"https:\/\/www.aarquiteta.com.br\/blog\/wp-json\/wp\/v2\/categories?post=135705"},{"taxonomy":"post_tag","embeddable":true,"href":"https:\/\/www.aarquiteta.com.br\/blog\/wp-json\/wp\/v2\/tags?post=135705"}],"curies":[{"name":"wp","href":"https:\/\/api.w.org\/{rel}","templated":true}]}}