{"id":135680,"date":"2024-11-23T14:59:09","date_gmt":"2024-11-23T17:59:09","guid":{"rendered":"https:\/\/www.aarquiteta.com.br\/blog\/4-tipos-de-cortinas-funcionais\/"},"modified":"2024-11-23T14:59:09","modified_gmt":"2024-11-23T17:59:09","slug":"4-tipos-de-cortinas-funcionais","status":"publish","type":"post","link":"https:\/\/www.aarquiteta.com.br\/blog\/4-tipos-de-cortinas-funcionais\/","title":{"rendered":"4 Cortinas que Combinam Beleza e Funcionalidade para Sua Casa"},"content":{"rendered":"<p>Descubra como escolher cortinas que n\u00e3o apenas embelezam sua casa, mas tamb\u00e9m oferecem funcionalidade, como controle de luz e privacidade, para transformar seus ambientes.<\/p>\n<h2>Destaques principais<\/h2>\n<ul>\n<li><b>Cortinas Blackout:<\/b> Ideais para quem busca um sono tranquilo, essas cortinas bloqueiam a luz e proporcionam privacidade.<\/li>\n<li><b>Cortinas de Voil:<\/b> Com sua leveza e eleg\u00e2ncia, s\u00e3o perfeitas para ambientes que precisam de um toque de sofistica\u00e7\u00e3o.<\/li>\n<li><b>Cortinas Inteligentes:<\/b> A tecnologia a servi\u00e7o do conforto, permitindo controle remoto e automa\u00e7\u00e3o.<\/li>\n<\/ul>\n<h2>Cortinas Blackout: O Melhor para o Sono<\/h2>\n<h3>Vantagens das Cortinas Blackout<\/h3>\n<figure style=\"width: 1024px\" class=\"wp-caption aligncenter\"><img decoding=\"async\" src=\"https:\/\/www.aarquiteta.com.br\/blog\/wp-content\/uploads\/2024\/11\/4-tipos-de-cortinas-funcionais04.jpg\" alt=\"4 Cortinas que Combinam Beleza e Funcionalidade para Sua Casa\" width=\"1024\" height=\"1024\" title=\"\"><figcaption class=\"wp-caption-text\">4 Cortinas que Combinam Beleza e Funcionalidade para Sua Casa<\/figcaption><\/figure>\n<p>As <b>cortinas blackout<\/b> s\u00e3o uma excelente escolha para quem deseja um ambiente escuro e tranquilo. Elas s\u00e3o projetadas para bloquear a luz externa, criando um espa\u00e7o ideal para o sono. Al\u00e9m disso, ajudam a regular a temperatura do ambiente, tornando-o mais confort\u00e1vel.<\/p>\n<h3>Onde Usar Cortinas Blackout<\/h3>\n<figure style=\"width: 1024px\" class=\"wp-caption aligncenter\"><img decoding=\"async\" src=\"https:\/\/www.aarquiteta.com.br\/blog\/wp-content\/uploads\/2024\/11\/4-tipos-de-cortinas-funcionais03.jpg\" alt=\"4 Cortinas que Combinam Beleza e Funcionalidade para Sua Casa\" width=\"1024\" height=\"1024\" title=\"\"><figcaption class=\"wp-caption-text\">4 Cortinas que Combinam Beleza e Funcionalidade para Sua Casa<\/figcaption><\/figure>\n<p>Essas cortinas s\u00e3o perfeitas para <b>quartos<\/b>, mas tamb\u00e9m podem ser utilizadas em salas de cinema em casa ou em qualquer ambiente onde o controle da luz seja essencial. A versatilidade das cortinas blackout as torna uma escolha popular entre os decoradores.<\/p>\n<h2>Cortinas de Voil: Leveza e Eleg\u00e2ncia<\/h2>\n<h3>Caracter\u00edsticas das Cortinas de Voil<\/h3>\n<figure style=\"width: 1024px\" class=\"wp-caption aligncenter\"><img decoding=\"async\" src=\"https:\/\/www.aarquiteta.com.br\/blog\/wp-content\/uploads\/2024\/11\/4-tipos-de-cortinas-funcionais02.jpg\" alt=\"4 Cortinas que Combinam Beleza e Funcionalidade para Sua Casa\" width=\"1024\" height=\"1024\" title=\"\"><figcaption class=\"wp-caption-text\">4 Cortinas que Combinam Beleza e Funcionalidade para Sua Casa<\/figcaption><\/figure>\n<p>As <b>cortinas de voil<\/b> s\u00e3o conhecidas por sua leveza e transpar\u00eancia. Elas permitem a entrada de luz natural, criando um ambiente arejado e luminoso. Al\u00e9m disso, s\u00e3o uma \u00f3tima op\u00e7\u00e3o para quem deseja manter a privacidade sem abrir m\u00e3o da luminosidade.<\/p>\n<h3>Combina\u00e7\u00f5es com Outros Elementos<\/h3>\n<figure style=\"width: 1024px\" class=\"wp-caption aligncenter\"><img decoding=\"async\" src=\"https:\/\/www.aarquiteta.com.br\/blog\/wp-content\/uploads\/2024\/11\/4-tipos-de-cortinas-funcionais01.jpg\" alt=\"4 Cortinas que Combinam Beleza e Funcionalidade para Sua Casa\" width=\"1024\" height=\"1024\" title=\"\"><figcaption class=\"wp-caption-text\">4 Cortinas que Combinam Beleza e Funcionalidade para Sua Casa<\/figcaption><\/figure>\n<p>Essas cortinas podem ser combinadas com <b>cortinas mais pesadas<\/b> para um efeito de camadas, proporcionando um visual sofisticado e elegante. A combina\u00e7\u00e3o de texturas e cores pode transformar completamente um ambiente.<\/p>\n<h2>Cortinas Romanas: Estilo e Praticidade<\/h2>\n<h3>Como Funcionam as Cortinas Romanas<\/h3>\n<p style=\"text-align: center;\">[amazon table=&#8221;90718&#8243;]\n<p>As <b>cortinas romanas<\/b> s\u00e3o uma op\u00e7\u00e3o pr\u00e1tica e estilosa. Elas se dobram em se\u00e7\u00f5es quando abertas, permitindo um controle preciso da luz. Essa funcionalidade \u00e9 ideal para quem busca um visual clean e moderno.<\/p>\n<h3>Ambientes Ideais para Cortinas Romanas<\/h3>\n<h3>Assista agora a minha recomenda\u00e7\u00e3o de video abaixo sobre o tema que estamos tratando neste artigo: <\/h3>\n<p><div class=\"youtube-embed\" data-video_id=\"vZ9l0sQz5i0\"><iframe title=\"Como escolher a cor ideal de cortina para a sua casa? PARTE 2 #cortina  #cortinabarata #decora\u00e7\u00e3o\" width=\"696\" height=\"392\" src=\"https:\/\/www.youtube.com\/embed\/vZ9l0sQz5i0?feature=oembed&#038;enablejsapi=1\" frameborder=\"0\" allow=\"accelerometer; autoplay; clipboard-write; encrypted-media; gyroscope; picture-in-picture; web-share\" referrerpolicy=\"strict-origin-when-cross-origin\" allowfullscreen><\/iframe><\/div>\n<\/p>\n<p>Essas cortinas s\u00e3o perfeitas para <b>salas de estar<\/b> e <b>escrit\u00f3rios<\/b>, onde a est\u00e9tica e a funcionalidade s\u00e3o igualmente importantes. Elas se adaptam bem a diferentes estilos de decora\u00e7\u00e3o, desde o cl\u00e1ssico at\u00e9 o contempor\u00e2neo.<\/p>\n<h2>Cortinas de Tecido Natural: Sustentabilidade e Beleza<\/h2>\n<h3>Benef\u00edcios das Cortinas de Tecido Natural<\/h3>\n<p>As <b>cortinas de tecido natural<\/b> s\u00e3o uma escolha sustent\u00e1vel e elegante. Feitas de materiais como linho e algod\u00e3o, elas trazem um toque de natureza para dentro de casa, al\u00e9m de serem biodegrad\u00e1veis e menos prejudiciais ao meio ambiente.<\/p>\n<h3>Cuidados e Manuten\u00e7\u00e3o<\/h3>\n<p>Para manter a beleza das cortinas de tecido natural, \u00e9 importante realizar a <b>manuten\u00e7\u00e3o adequada<\/b>. Isso inclui lavagens regulares e cuidados especiais para evitar desbotamento e desgaste.<\/p>\n<h2>Cortinas com Estampas: Personalidade e Charme<\/h2>\n<h3>Escolhendo a Estampa Certa<\/h3>\n<p>As <b>cortinas estampadas<\/b> s\u00e3o uma maneira divertida de adicionar personalidade a qualquer ambiente. Ao escolher a estampa, considere o estilo da decora\u00e7\u00e3o e as cores predominantes do espa\u00e7o.<\/p>\n<h3>Como Integrar Estampas na Decora\u00e7\u00e3o<\/h3>\n<p>Integrar cortinas estampadas na decora\u00e7\u00e3o pode ser um desafio, mas com as combina\u00e7\u00f5es certas, \u00e9 poss\u00edvel criar um ambiente harmonioso. Use <b>elementos neutros<\/b> ao redor para equilibrar a intensidade das estampas.<\/p>\n<h2>Cortinas Inteligentes: Tecnologia a Servi\u00e7o do Conforto<\/h2>\n<h3>Funcionalidades das Cortinas Inteligentes<\/h3>\n<p>As <b>cortinas inteligentes<\/b> s\u00e3o a nova tend\u00eancia em automa\u00e7\u00e3o residencial. Elas podem ser controladas por aplicativos, permitindo que voc\u00ea ajuste a luz e a privacidade com um simples toque no celular.<\/p>\n<h3>Instala\u00e7\u00e3o e Uso<\/h3>\n","protected":false},"excerpt":{"rendered":"<p>Descubra modelos de cortinas que decoram e otimizam a ilumina\u00e7\u00e3o dos ambientes.<\/p>\n","protected":false},"author":102,"featured_media":135677,"comment_status":"closed","ping_status":"closed","sticky":false,"template":"","format":"standard","meta":{"footnotes":""},"categories":[1484,971,18792,18794],"tags":[],"class_list":["post-135680","post","type-post","status-publish","format-standard","has-post-thumbnail","category-decoracao","category-design-de-interiores","category-decoracao-de-apartamento","category-projetos-de-decoracao-de-casas"],"_wp_attached_file":null,"_wp_attachment_metadata":null,"_wp_attachment_context":null,"_wp_attachment_is_custom_header":null,"geo_longitude":null,"geo_public":null,"geo_latitude":null,"_publicize_done_external":null,"_wpas_done_3897181":null,"publicize_twitter_user":null,"_wpas_done_3897175":null,"_wpas_skip_3897181":null,"_wpas_skip_3897175":null,"_wpas_skip_3924723":null,"_wpas_mess":null,"_wpas_done_3924723":null,"wps_subtitle":"","_links":{"self":[{"href":"https:\/\/www.aarquiteta.com.br\/blog\/wp-json\/wp\/v2\/posts\/135680","targetHints":{"allow":["GET"]}}],"collection":[{"href":"https:\/\/www.aarquiteta.com.br\/blog\/wp-json\/wp\/v2\/posts"}],"about":[{"href":"https:\/\/www.aarquiteta.com.br\/blog\/wp-json\/wp\/v2\/types\/post"}],"author":[{"embeddable":true,"href":"https:\/\/www.aarquiteta.com.br\/blog\/wp-json\/wp\/v2\/users\/102"}],"replies":[{"embeddable":true,"href":"https:\/\/www.aarquiteta.com.br\/blog\/wp-json\/wp\/v2\/comments?post=135680"}],"version-history":[{"count":0,"href":"https:\/\/www.aarquiteta.com.br\/blog\/wp-json\/wp\/v2\/posts\/135680\/revisions"}],"wp:featuredmedia":[{"embeddable":true,"href":"https:\/\/www.aarquiteta.com.br\/blog\/wp-json\/wp\/v2\/media\/135677"}],"wp:attachment":[{"href":"https:\/\/www.aarquiteta.com.br\/blog\/wp-json\/wp\/v2\/media?parent=135680"}],"wp:term":[{"taxonomy":"category","embeddable":true,"href":"https:\/\/www.aarquiteta.com.br\/blog\/wp-json\/wp\/v2\/categories?post=135680"},{"taxonomy":"post_tag","embeddable":true,"href":"https:\/\/www.aarquiteta.com.br\/blog\/wp-json\/wp\/v2\/tags?post=135680"}],"curies":[{"name":"wp","href":"https:\/\/api.w.org\/{rel}","templated":true}]}}