{"id":135675,"date":"2024-11-23T14:22:26","date_gmt":"2024-11-23T17:22:26","guid":{"rendered":"https:\/\/www.aarquiteta.com.br\/blog\/prateleira-para-quadros\/"},"modified":"2024-11-23T14:22:26","modified_gmt":"2024-11-23T17:22:26","slug":"prateleira-para-quadros","status":"publish","type":"post","link":"https:\/\/www.aarquiteta.com.br\/blog\/prateleira-para-quadros\/","title":{"rendered":"Prateleira para quadros: 10 maneiras de usar na decora\u00e7\u00e3o"},"content":{"rendered":"<p><body><\/p>\n<p>Se voc\u00ea busca transformar a decora\u00e7\u00e3o da sua casa de maneira simples e eficaz, as prateleiras s\u00e3o a solu\u00e7\u00e3o perfeita. Neste artigo, vou explorar como maximizar o uso de prateleiras, focando em funcionalidades e estilos que v\u00e3o dar um toque especial \u00e0 sua casa.<\/p>\n<h2>Principais Pontos a Serem Abordados<\/h2>\n<ul>\n<li><b>A import\u00e2ncia das prateleiras:<\/b> Como elas podem mudar o visual e a funcionalidade dos ambientes.<\/li>\n<li><b>Tipos de prateleiras:<\/b> As op\u00e7\u00f5es dispon\u00edveis e onde cada uma se encaixa.<\/li>\n<li><b>Materiais e ferramentas:<\/b> O que usar na hora da instala\u00e7\u00e3o.<\/li>\n<li><b>Dicas de decora\u00e7\u00e3o:<\/b> Como combinar itens para destacar suas prateleiras.<\/li>\n<li><b>V\u00eddeos explicativos:<\/b> Recursos que mostram o passo a passo das instala\u00e7\u00f5es.<\/li>\n<li><b>Tend\u00eancias para 2024:<\/b> O que vem por a\u00ed na decora\u00e7\u00e3o com prateleiras.<\/li>\n<\/ul>\n<h2>Introdu\u00e7\u00e3o<\/h2>\n<p>Decorar com prateleiras \u00e9 uma maneira de trazer n\u00e3o apenas <b>praticidade<\/b>, mas tamb\u00e9m uma <b>est\u00e9tica diferenciada<\/b> ao seu lar. Ao longo deste texto, vou compartilhar insights e tutoriais que ajudar\u00e3o voc\u00ea a fazer a escolha certa ao optar por esse elemento vers\u00e1til de decora\u00e7\u00e3o.<\/p>\n<h2>1. A Import\u00e2ncia da Decora\u00e7\u00e3o com Prateleiras<\/h2>\n<p>Prateleiras s\u00e3o mais do que apenas suportes para livros e objetos. Elas t\u00eam o potente <b>poder de transformar<\/b> um ambiente, criando uma escolha funcional e est\u00e9tica. Imagine uma sala com prateleiras bem posicionadas; al\u00e9m de armazenar, elas se tornam um <b>foco de aten\u00e7\u00e3o<\/b>, permitindo expor itens que contam hist\u00f3rias e mostram sua personalidade.<\/p>\n<h2>2. Tipos de Prateleiras e Suas Aplica\u00e7\u00f5es<\/h2>\n<h3>2.1 Prateleiras Flutuantes<\/h3>\n<figure style=\"width: 1024px\" class=\"wp-caption aligncenter\"><img decoding=\"async\" src=\"https:\/\/www.aarquiteta.com.br\/blog\/wp-content\/uploads\/2024\/11\/prateleira-para-quadros-4-730x1108.jpg\" alt=\"Prateleira para quadros vers\u00e1til em diferentes estilos.\" title=\"\"><figcaption class=\"wp-caption-text\">Prateleira para quadros vers\u00e1til em diferentes estilos.<\/figcaption><\/figure>\n<p>Essas prateleiras, que parecem suspensas no ar, s\u00e3o perfeitas para criar um **visual moderno e minimalista**. Elas permitem que voc\u00ea aproveite paredes, deixando o ch\u00e3o livre para outras aplica\u00e7\u00f5es. Se voc\u00ea busca um visual clean, essas prateleiras s\u00e3o a sua melhor aposta!<\/p>\n<h3>2.2 Prateleiras de Suporte Invis\u00edvel<\/h3>\n<figure style=\"width: 1024px\" class=\"wp-caption aligncenter\"><img decoding=\"async\" src=\"https:\/\/www.aarquiteta.com.br\/blog\/wp-content\/uploads\/2024\/11\/prateleira-para-quadros01.jpg\" alt=\"Prateleira para quadros: 30 maneiras de usar na decora\u00e7\u00e3o\" width=\"1024\" height=\"1024\" title=\"\"><figcaption class=\"wp-caption-text\">Prateleira para quadros: 30 maneiras de usar na decora\u00e7\u00e3o<\/figcaption><\/figure>\n<p>As prateleiras de suporte invis\u00edvel s\u00e3o conhecidas por seu design elegante. Elas se integram \u00e0 parede de maneira discreta, quase como se fossem parte dela. Esse tipo \u00e9 ideal para quem quer <b>lembrar a decora\u00e7\u00e3o minimalista<\/b> e ao mesmo tempo <b>destacar objetos especiais<\/b>.<\/p>\n<h2>3. Dicas para Montar Prateleiras<\/h2>\n<h3>3.1 Escolha do Material<\/h3>\n<figure style=\"width: 1024px\" class=\"wp-caption aligncenter\"><img decoding=\"async\" src=\"https:\/\/www.aarquiteta.com.br\/blog\/wp-content\/uploads\/2024\/11\/prateleira-para-quadros-capa.jpg\" alt=\"Capa do artigo mostrando prateleiras para quadros.\" title=\"\"><figcaption class=\"wp-caption-text\">Capa do artigo mostrando prateleiras para quadros.<\/figcaption><\/figure>\n<p>Um dos aspectos mais importantes na montagem de prateleiras \u00e9 a escolha do material. Voc\u00ea pode optar por madeira, metal ou vidro. Cada um traz um car\u00e1ter diferente e deve ser escolhido conforme o que voc\u00ea deseja expressar no ambiente.<\/p>\n<h3>3.2 Ferramentas Necess\u00e1rias<\/h3>\n<figure style=\"width: 1024px\" class=\"wp-caption aligncenter\"><img decoding=\"async\" src=\"https:\/\/www.aarquiteta.com.br\/blog\/wp-content\/uploads\/2024\/11\/prateleira-para-quadros02.jpg\" alt=\"Prateleira para quadros: 30 maneiras de usar na decora\u00e7\u00e3o\" width=\"1024\" height=\"1024\" title=\"\"><figcaption class=\"wp-caption-text\">Prateleira para quadros: 30 maneiras de usar na decora\u00e7\u00e3o<\/figcaption><\/figure>\n<ul>\n<li><b>Furadeira:<\/b> Indispens\u00e1vel para criar buracos na parede.<\/li>\n<li><b>N\u00edvel de bolha:<\/b> Para garantir que sua prateleira fique perfeitamente alinhada.<\/li>\n<li><b>Chave de fenda:<\/b> Para apertar parafusos.<\/li>\n<\/ul>\n<h2>4. Como Decorar Prateleiras de Maneira Estilosa<\/h2>\n<h3>4.1 Utilizando Ilumina\u00e7\u00e3o Adequada<\/h3>\n<figure style=\"width: 1024px\" class=\"wp-caption aligncenter\"><img decoding=\"async\" src=\"https:\/\/www.aarquiteta.com.br\/blog\/wp-content\/uploads\/2024\/11\/quadros-para-sala-1-286x160.png\" alt=\"Quadros para sala com decora\u00e7\u00e3o personalizada.\" title=\"\"><figcaption class=\"wp-caption-text\">Quadros para sala com decora\u00e7\u00e3o personalizada.<\/figcaption><\/figure>\n<p>A ilumina\u00e7\u00e3o \u00e9 fundamental para valorizar sua prateleira. Considere usar <b>luz quente<\/b> para criar um ambiente aconchegante. Spots direcionais ou fitas de LED podem fazer toda a diferen\u00e7a na hora de iluminar seus objetos decorativos, conferindo um charme a mais ao seu espa\u00e7o.<\/p>\n<h3>4.2 Dicas de Organiza\u00e7\u00e3o e Estilo<\/h3>\n<figure style=\"width: 1024px\" class=\"wp-caption aligncenter\"><img decoding=\"async\" src=\"https:\/\/www.aarquiteta.com.br\/blog\/wp-content\/uploads\/2024\/11\/prateleira-para-quadros03.jpg\" alt=\"Prateleira para quadros: 30 maneiras de usar na decora\u00e7\u00e3o\" width=\"1024\" height=\"1024\" title=\"\"><figcaption class=\"wp-caption-text\">Prateleira para quadros: 30 maneiras de usar na decora\u00e7\u00e3o<\/figcaption><\/figure>\n<p>Organizar suas prateleiras de maneira harmoniosa \u00e9 um desafio, mas \u00e9 totalmente poss\u00edvel. Utilize diferentes alturas, agrupando objetos de tamanhos variados. Isso cria <b>din\u00e2mica<\/b> e <b>interesse visual<\/b> na composi\u00e7\u00e3o.<\/p>\n<h2>5. V\u00eddeos Tutorial para Inspirar Sua Decora\u00e7\u00e3o<\/h2>\n<p>Visitar plataformas como o YouTube pode ser uma fonte rica de inspira\u00e7\u00e3o. Aqui est\u00e3o alguns v\u00eddeos que podem ajudar voc\u00ea nessa jornada:<\/p>\n<ul>\n<li><a href=\"https:\/\/www.youtube.com\/watch?v=Uik-bHY_7BU\" target=\"_blank\" rel=\"noopener\">Essa prateleira vai dar um charme na decora\u00e7\u00e3o da sua casa!<\/a><\/li>\n<li><a href=\"https:\/\/www.youtube.com\/watch?v=fpDgZ90o8b4\" target=\"_blank\" rel=\"noopener\">COMO DECORAR ESTANTES E PRATELEIRAS<\/a><\/li>\n<li><a href=\"https:\/\/www.youtube.com\/watch?v=DrmyxDOtpi0\" target=\"_blank\" rel=\"noopener\">COMO INSTALAR PRATELEIRA DE SUPORTE INVIS\u00cdVEL<\/a><\/li>\n<\/ul>\n<h2>6. Tend\u00eancias em Decora\u00e7\u00e3o com Prateleiras para 2024<\/h2>\n<p>As prateleiras v\u00eam se reinventando e se adaptando \u00e0s novas tend\u00eancias do design de interiores. Para 2024, espera-se um aumento de prateleiras que tamb\u00e9m funcionam como elementos <b>art\u00edsticos<\/b>. Pense em prateleiras que servem como suporte para quadros, criando uma galeria na sua parede.<\/p>\n<h2>Conclus\u00e3o<\/h2>\n<p>Utilizar prateleiras na decora\u00e7\u00e3o n\u00e3o s\u00f3 enriquece o ambiente, mas tamb\u00e9m proporciona um espa\u00e7o mais <b>organizado e convidativo<\/b>. Com as dicas e inspira\u00e7\u00f5es apresentadas, voc\u00ea est\u00e1 pronto para embarcar na jornada de transformar sua casa em um lugar que reflete seu estilo e criatividade.<\/p>\n<p><\/body><br \/>\n<figure style=\"width: 1024px\" class=\"wp-caption aligncenter\"><img decoding=\"async\" src=\"https:\/\/www.aarquiteta.com.br\/blog\/wp-content\/uploads\/2024\/11\/prateleira-para-quadros-1-730x828.jpg\" alt=\"Prateleira para quadros com detalhe em madeira.\" title=\"\"><figcaption class=\"wp-caption-text\">Prateleira para quadros com detalhe em madeira.<\/figcaption><\/figure>\n<figure style=\"width: 1024px\" class=\"wp-caption aligncenter\"><img decoding=\"async\" src=\"https:\/\/www.aarquiteta.com.br\/blog\/wp-content\/uploads\/2024\/11\/prateleira-para-quadros4.jpg\" alt=\"Prateleira para quadros: 30 maneiras de usar na decora\u00e7\u00e3o\" width=\"1024\" height=\"1024\" title=\"\"><figcaption class=\"wp-caption-text\">Prateleira para quadros: 30 maneiras de usar na decora\u00e7\u00e3o<\/figcaption><\/figure>\n<figure style=\"width: 1024px\" class=\"wp-caption aligncenter\"><img decoding=\"async\" src=\"https:\/\/www.aarquiteta.com.br\/blog\/wp-content\/uploads\/2024\/11\/prateleira-para-quadros-2-730x913.jpg\" alt=\"Prateleira para quadros em ambiente moderno.\" title=\"\"><figcaption class=\"wp-caption-text\">Prateleira para quadros em ambiente moderno.<\/figcaption><\/figure>\n<h3>Para se aprofundar mais sobre o tema, veja a minha recomenda\u00e7\u00e3o sobre o tema deste artigo no v\u00eddeo a seguir abaixo:<\/h3>\n<p><iframe title=\"YouTube video player\" src=\"https:\/\/www.youtube.com\/embed\/Uik-bHY_7BU\" width=\"560\" height=\"315\" frameborder=\"0\" allowfullscreen=\"allowfullscreen\"><\/iframe><\/p>\n<figure style=\"width: 1024px\" class=\"wp-caption aligncenter\"><img decoding=\"async\" src=\"https:\/\/www.aarquiteta.com.br\/blog\/wp-content\/uploads\/2024\/11\/prateleira-para-quadros-3-730x833.jpg\" alt=\"Prateleira funcional com quadros e decora\u00e7\u00e3o.\" title=\"\"><figcaption class=\"wp-caption-text\">Prateleira funcional com quadros e decora\u00e7\u00e3o.<\/figcaption><\/figure>\n","protected":false},"excerpt":{"rendered":"<p>Descubra 30 inspira\u00e7\u00f5es de prateleiras para quadros que transformar\u00e3o a sua decora\u00e7\u00e3o com criatividade e estilo.<\/p>\n","protected":false},"author":102,"featured_media":135668,"comment_status":"closed","ping_status":"closed","sticky":false,"template":"","format":"standard","meta":{"footnotes":""},"categories":[1484],"tags":[],"class_list":["post-135675","post","type-post","status-publish","format-standard","has-post-thumbnail","category-decoracao"],"_wp_attached_file":null,"_wp_attachment_metadata":null,"_wp_attachment_context":null,"_wp_attachment_is_custom_header":null,"geo_longitude":null,"geo_public":null,"geo_latitude":null,"_publicize_done_external":null,"_wpas_done_3897181":null,"publicize_twitter_user":null,"_wpas_done_3897175":null,"_wpas_skip_3897181":null,"_wpas_skip_3897175":null,"_wpas_skip_3924723":null,"_wpas_mess":null,"_wpas_done_3924723":null,"wps_subtitle":"","_links":{"self":[{"href":"https:\/\/www.aarquiteta.com.br\/blog\/wp-json\/wp\/v2\/posts\/135675","targetHints":{"allow":["GET"]}}],"collection":[{"href":"https:\/\/www.aarquiteta.com.br\/blog\/wp-json\/wp\/v2\/posts"}],"about":[{"href":"https:\/\/www.aarquiteta.com.br\/blog\/wp-json\/wp\/v2\/types\/post"}],"author":[{"embeddable":true,"href":"https:\/\/www.aarquiteta.com.br\/blog\/wp-json\/wp\/v2\/users\/102"}],"replies":[{"embeddable":true,"href":"https:\/\/www.aarquiteta.com.br\/blog\/wp-json\/wp\/v2\/comments?post=135675"}],"version-history":[{"count":0,"href":"https:\/\/www.aarquiteta.com.br\/blog\/wp-json\/wp\/v2\/posts\/135675\/revisions"}],"wp:featuredmedia":[{"embeddable":true,"href":"https:\/\/www.aarquiteta.com.br\/blog\/wp-json\/wp\/v2\/media\/135668"}],"wp:attachment":[{"href":"https:\/\/www.aarquiteta.com.br\/blog\/wp-json\/wp\/v2\/media?parent=135675"}],"wp:term":[{"taxonomy":"category","embeddable":true,"href":"https:\/\/www.aarquiteta.com.br\/blog\/wp-json\/wp\/v2\/categories?post=135675"},{"taxonomy":"post_tag","embeddable":true,"href":"https:\/\/www.aarquiteta.com.br\/blog\/wp-json\/wp\/v2\/tags?post=135675"}],"curies":[{"name":"wp","href":"https:\/\/api.w.org\/{rel}","templated":true}]}}