{"id":135637,"date":"2024-11-22T19:37:39","date_gmt":"2024-11-22T22:37:39","guid":{"rendered":"https:\/\/www.aarquiteta.com.br\/blog\/4-plantas-brasileiras-para-jardim-vertical\/"},"modified":"2024-11-22T19:37:39","modified_gmt":"2024-11-22T22:37:39","slug":"4-plantas-brasileiras-para-jardim-vertical","status":"publish","type":"post","link":"https:\/\/www.aarquiteta.com.br\/blog\/4-plantas-brasileiras-para-jardim-vertical\/","title":{"rendered":"4 Plantas Brasileiras Perfeitas para Criar um Jardim Vertical em Casa"},"content":{"rendered":"<p><body><\/p>\n<p>Descubra as 4 plantas brasileiras ideais para criar um jardim vertical em casa, trazendo beleza e frescor ao seu ambiente de forma pr\u00e1tica e sustent\u00e1vel.<\/p>\n<h2>1. Introdu\u00e7\u00e3o ao Jardim Vertical<\/h2>\n<p>Os <b>jardins verticais<\/b> t\u00eam se tornado uma tend\u00eancia crescente nas casas brasileiras. Eles n\u00e3o apenas embelezam o ambiente, mas tamb\u00e9m ajudam a purificar o ar e a otimizar espa\u00e7os pequenos. Se voc\u00ea est\u00e1 pensando em criar um, este artigo \u00e9 para voc\u00ea!<\/p>\n<h2>2. Vantagens de um Jardim Vertical<\/h2>\n<p>Um jardim vertical oferece diversas <b>vantagens<\/b> que v\u00e3o al\u00e9m da est\u00e9tica. Vamos explorar algumas delas:<\/p>\n<ul>\n<li><b>Economia de espa\u00e7o:<\/b> Ideal para ambientes pequenos.<\/li>\n<li><b>Melhoria da qualidade do ar:<\/b> As plantas ajudam a filtrar poluentes.<\/li>\n<li><b>Isolamento ac\u00fastico:<\/b> As plantas podem reduzir ru\u00eddos externos.<\/li>\n<\/ul>\n<h2>3. Plantas Brasileiras para Jardim Vertical<\/h2>\n<p>Escolher as plantas certas \u00e9 fundamental para o sucesso do seu jardim vertical. Aqui est\u00e3o algumas op\u00e7\u00f5es que se adaptam bem:<\/p>\n<h3>3.1. Samambaia<\/h3>\n<figure style=\"width: 1024px\" class=\"wp-caption aligncenter\"><img decoding=\"async\" src=\"https:\/\/www.aarquiteta.com.br\/blog\/wp-content\/uploads\/2024\/11\/4-plantas-brasileiras-para-jardim-vertical04.jpg\" alt=\"4 Plantas Brasileiras Perfeitas para Criar um Jardim Vertical em Casa\" width=\"1024\" height=\"1024\" title=\"\"><figcaption class=\"wp-caption-text\">4 Plantas Brasileiras Perfeitas para Criar um Jardim Vertical em Casa<\/figcaption><\/figure>\n<p>A <b>samambaia<\/b> \u00e9 uma planta cl\u00e1ssica para jardins verticais. Ela se adapta facilmente a diferentes condi\u00e7\u00f5es de luz e umidade, al\u00e9m de trazer um toque de frescor ao ambiente.<\/p>\n<h3>3.2. Jiboia<\/h3>\n<figure style=\"width: 1024px\" class=\"wp-caption aligncenter\"><img decoding=\"async\" src=\"https:\/\/www.aarquiteta.com.br\/blog\/wp-content\/uploads\/2024\/11\/4-plantas-brasileiras-para-jardim-vertical03.jpg\" alt=\"4 Plantas Brasileiras Perfeitas para Criar um Jardim Vertical em Casa\" width=\"1024\" height=\"1024\" title=\"\"><figcaption class=\"wp-caption-text\">4 Plantas Brasileiras Perfeitas para Criar um Jardim Vertical em Casa<\/figcaption><\/figure>\n<p>A <b>jiboia<\/b> \u00e9 uma planta trepadeira que se destaca pela sua resist\u00eancia e beleza. Suas folhas em formato de cora\u00e7\u00e3o s\u00e3o perfeitas para criar um efeito visual encantador.<\/p>\n<h3>3.3. L\u00edrio da Paz<\/h3>\n<figure style=\"width: 1024px\" class=\"wp-caption aligncenter\"><img decoding=\"async\" src=\"https:\/\/www.aarquiteta.com.br\/blog\/wp-content\/uploads\/2024\/11\/4-plantas-brasileiras-para-jardim-vertical02.jpg\" alt=\"4 Plantas Brasileiras Perfeitas para Criar um Jardim Vertical em Casa\" width=\"1024\" height=\"1024\" title=\"\"><figcaption class=\"wp-caption-text\">4 Plantas Brasileiras Perfeitas para Criar um Jardim Vertical em Casa<\/figcaption><\/figure>\n<p>O <b>l\u00edrio da paz<\/b> \u00e9 uma excelente escolha para quem busca uma planta que floresce e purifica o ar. Al\u00e9m disso, \u00e9 de f\u00e1cil manuten\u00e7\u00e3o e se adapta bem a ambientes internos.<\/p>\n<h3>3.4. Cactos e Suculentas<\/h3>\n<figure style=\"width: 1024px\" class=\"wp-caption aligncenter\"><img decoding=\"async\" src=\"https:\/\/www.aarquiteta.com.br\/blog\/wp-content\/uploads\/2024\/11\/4-plantas-brasileiras-para-jardim-vertical01.jpg\" alt=\"4 Plantas Brasileiras Perfeitas para Criar um Jardim Vertical em Casa\" width=\"1024\" height=\"1024\" title=\"\"><figcaption class=\"wp-caption-text\">4 Plantas Brasileiras Perfeitas para Criar um Jardim Vertical em Casa<\/figcaption><\/figure>\n<p>Para quem prefere plantas de baixa manuten\u00e7\u00e3o, os <b>cactos e suculentas<\/b> s\u00e3o ideais. Eles requerem pouca \u00e1gua e podem ser dispostos de forma criativa em um jardim vertical.<\/p>\n<h2>4. Como Montar um Jardim Vertical<\/h2>\n<p>Montar um jardim vertical pode parecer desafiador, mas com algumas dicas, voc\u00ea pode fazer isso facilmente:<\/p>\n<ol>\n<li><b>Escolha o local:<\/b> Procure um espa\u00e7o com luz adequada.<\/li>\n<li><b>Selecione as plantas:<\/b> Escolha plantas que se complementem.<\/li>\n<li><b>Monte a estrutura:<\/b> Use pain\u00e9is, vasos ou treli\u00e7as.<\/li>\n<li><b>Regue e cuide:<\/b> Mantenha a umidade e a sa\u00fade das plantas.<\/li>\n<\/ol>\n<h2>5. Cuidados Essenciais com as Plantas<\/h2>\n<p>Ap\u00f3s montar seu jardim vertical, \u00e9 crucial cuidar bem das plantas. Aqui est\u00e3o algumas dicas:<\/p>\n<ul>\n<li><b>Rega:<\/b> Regue conforme a necessidade de cada planta.<\/li>\n<li><b>Aduba\u00e7\u00e3o:<\/b> Utilize adubo org\u00e2nico para nutrir as plantas.<\/li>\n<li><b>Podas:<\/b> Realize podas regulares para manter a forma e a sa\u00fade.<\/li>\n<\/ul>\n<h2>6. Inspira\u00e7\u00f5es para o Seu Jardim Vertical<\/h2>\n<p>Se voc\u00ea est\u00e1 em busca de <b>inspira\u00e7\u00f5es<\/b>, existem diversas maneiras de personalizar seu jardim vertical. Aqui est\u00e3o algumas ideias:<\/p>\n<ul>\n<li><b>Jardins tem\u00e1ticos:<\/b> Crie um jardim com plantas arom\u00e1ticas.<\/li>\n<li><b>Combina\u00e7\u00f5es de cores:<\/b> Misture plantas de diferentes tonalidades.<\/li>\n<li><b>Ilumina\u00e7\u00e3o:<\/b> Use luzes para destacar seu jardim \u00e0 noite.<\/li>\n<\/ul>\n<h2>Conclus\u00e3o<\/h2>\n<p>Um jardim vertical \u00e9 uma forma incr\u00edvel de trazer a natureza para dentro de casa. Com as plantas certas e os cuidados adequados, voc\u00ea pode criar um espa\u00e7o que n\u00e3o s\u00f3 embeleza, mas tamb\u00e9m traz benef\u00edcios para a sa\u00fade e bem-estar. Ent\u00e3o, que tal come\u00e7ar a planejar o seu hoje mesmo?<\/p>\n<p><\/body><\/p>\n<p style=\"text-align: center;\">[amazon table=&#8221;88350&#8243;]\n<h3>Assista agora a minha recomenda\u00e7\u00e3o de video abaixo sobre o tema que estamos tratando neste artigo: <\/h3>\n<p><div class=\"youtube-embed\" data-video_id=\"Oul0pPqZ85w\"><iframe title=\"Aprenda a fazer um jardim vertical! #shorts #jardim #decora\u00e7\u00e3o\" width=\"696\" height=\"392\" src=\"https:\/\/www.youtube.com\/embed\/Oul0pPqZ85w?feature=oembed&#038;enablejsapi=1\" frameborder=\"0\" allow=\"accelerometer; autoplay; clipboard-write; encrypted-media; gyroscope; picture-in-picture; web-share\" referrerpolicy=\"strict-origin-when-cross-origin\" allowfullscreen><\/iframe><\/div><\/p>\n","protected":false},"excerpt":{"rendered":"<p>Conhe\u00e7a plantas brasileiras que se adaptam bem a jardins verticais e otimizam espa\u00e7os.<\/p>\n","protected":false},"author":102,"featured_media":135634,"comment_status":"closed","ping_status":"closed","sticky":false,"template":"","format":"standard","meta":{"footnotes":""},"categories":[1484,971,18792,18794],"tags":[],"class_list":["post-135637","post","type-post","status-publish","format-standard","has-post-thumbnail","category-decoracao","category-design-de-interiores","category-decoracao-de-apartamento","category-projetos-de-decoracao-de-casas"],"_wp_attached_file":null,"_wp_attachment_metadata":null,"_wp_attachment_context":null,"_wp_attachment_is_custom_header":null,"geo_longitude":null,"geo_public":null,"geo_latitude":null,"_publicize_done_external":null,"_wpas_done_3897181":null,"publicize_twitter_user":null,"_wpas_done_3897175":null,"_wpas_skip_3897181":null,"_wpas_skip_3897175":null,"_wpas_skip_3924723":null,"_wpas_mess":null,"_wpas_done_3924723":null,"wps_subtitle":"","_links":{"self":[{"href":"https:\/\/www.aarquiteta.com.br\/blog\/wp-json\/wp\/v2\/posts\/135637","targetHints":{"allow":["GET"]}}],"collection":[{"href":"https:\/\/www.aarquiteta.com.br\/blog\/wp-json\/wp\/v2\/posts"}],"about":[{"href":"https:\/\/www.aarquiteta.com.br\/blog\/wp-json\/wp\/v2\/types\/post"}],"author":[{"embeddable":true,"href":"https:\/\/www.aarquiteta.com.br\/blog\/wp-json\/wp\/v2\/users\/102"}],"replies":[{"embeddable":true,"href":"https:\/\/www.aarquiteta.com.br\/blog\/wp-json\/wp\/v2\/comments?post=135637"}],"version-history":[{"count":0,"href":"https:\/\/www.aarquiteta.com.br\/blog\/wp-json\/wp\/v2\/posts\/135637\/revisions"}],"wp:featuredmedia":[{"embeddable":true,"href":"https:\/\/www.aarquiteta.com.br\/blog\/wp-json\/wp\/v2\/media\/135634"}],"wp:attachment":[{"href":"https:\/\/www.aarquiteta.com.br\/blog\/wp-json\/wp\/v2\/media?parent=135637"}],"wp:term":[{"taxonomy":"category","embeddable":true,"href":"https:\/\/www.aarquiteta.com.br\/blog\/wp-json\/wp\/v2\/categories?post=135637"},{"taxonomy":"post_tag","embeddable":true,"href":"https:\/\/www.aarquiteta.com.br\/blog\/wp-json\/wp\/v2\/tags?post=135637"}],"curies":[{"name":"wp","href":"https:\/\/api.w.org\/{rel}","templated":true}]}}